{"id":130932,"date":"2022-04-04T14:25:09","date_gmt":"2022-04-04T12:25:09","guid":{"rendered":"https:\/\/ns381463.ip-94-23-248.eu\/GroupeOne2016\/wordpress\/?p=130932"},"modified":"2022-04-04T16:59:12","modified_gmt":"2022-04-04T14:59:12","slug":"economie-sociale-et-soutenable-au-coeur-du-projet-apte","status":"publish","type":"post","link":"https:\/\/ns381463.ip-94-23-248.eu\/GroupeOne2016\/wordpress\/economie-sociale-et-soutenable-au-coeur-du-projet-apte\/","title":{"rendered":"L&#8217;\u00e9conomie sociale et soutenable au c\u0153ur du projet APTE"},"content":{"rendered":"<p>Les 7 et 8 mars dernier, Groupe One a particip\u00e9 \u00e0 la r\u00e9union de lancement du projet <em>APTE \u2013 A Pathway to Employment <\/em>\u00e0 Paris.<\/p>\n<p><img decoding=\"async\" loading=\"lazy\" class=\"wp-image-130933 aligncenter\" src=\"https:\/\/ns381463.ip-94-23-248.eu\/GroupeOne2016\/wordpress\/wp-content\/uploads\/2022\/04\/Group-photo-300x225.jpeg\" alt=\"\" width=\"255\" height=\"191\" \/><\/p>\n<p><img decoding=\"async\" loading=\"lazy\" class=\" wp-image-130935 alignright\" src=\"https:\/\/ns381463.ip-94-23-248.eu\/GroupeOne2016\/wordpress\/wp-content\/uploads\/2022\/04\/20220307-Meeting_4114-300x225.png\" alt=\"\" width=\"233\" height=\"175\" \/><\/p>\n<p>Depuis le mois d\u2019avril 2022, l\u2019ensemble des partenaires du projet (<a href=\"https:\/\/www.facebook.com\/ProBonoLab\/\">Probono Lab<\/a>,\u00a0<a href=\"https:\/\/www.facebook.com\/GroupeOneBelgium\/\">Groupe One<\/a>,\u00a0<a href=\"https:\/\/www.facebook.com\/PLSOLIDARITE\/\">Pour la Solidarit\u00e9<\/a>,\u00a0<a href=\"https:\/\/www.facebook.com\/OnkentesKozpont\/\">\u00d6nk\u00e9ntes K\u00f6zpont Alap\u00edtv\u00e1ny<\/a>\u00a0et\u00a0<a href=\"https:\/\/www.facebook.com\/workforsocial\/\">Work For Social<\/a>) lancent la phase pr\u00e9paratoire d\u2019une une \u00e9tude pour mesurer les besoins d\u2019accompagnement et de formation de jeunes (18-28 ans) peu qualifi\u00e9s et de personnes sans emploi de plus de 45 ans, afin de leur proposer un parcours de formation et d\u2019insertion, centr\u00e9s sur l\u2019\u00e9conomie sociale, soutenable et solidaire. Au cours des deux ans du projet trois sessions de quatre mois d\u2019accompagnement seront propos\u00e9es et permettront d\u2019appuyer une trentaine de demandeurs d\u2019emploi.<\/p>\n<p><img decoding=\"async\" loading=\"lazy\" class=\" wp-image-130934 alignleft\" src=\"https:\/\/ns381463.ip-94-23-248.eu\/GroupeOne2016\/wordpress\/wp-content\/uploads\/2022\/04\/20220308-Meeting-6-300x224.jpeg\" alt=\"\" width=\"245\" height=\"182\" \/><\/p>\n<p style=\"margin: 0cm; background: white; vertical-align: baseline;\"><span style=\"font-size: 10.5pt; font-family: Nunito; color: #003957;\">Au c\u0153ur de ces parcours d\u2019accompagnement, la sensibilisation des demandeurs d\u2019emploi \u00e0 l\u2019\u00e9conomie sociale et solidaire, la mise en place de paires de mentors-mentees, et le volontariat de comp\u00e9tence dans des structures de l\u2019\u00e9conomie sociale\u00a0! <\/span><\/p>\n<p>Tous mobilis\u00e9s pour l\u2019insertion dans l\u2019\u00e9conomie sociale et soutenable!<\/p>\n<p>&nbsp;<\/p>\n","protected":false},"excerpt":{"rendered":"<p>Les 7 et 8 mars dernier, Groupe One a particip\u00e9 \u00e0 la r\u00e9union de lancement du projet APTE \u2013 A Pathway to Employment \u00e0 Paris. Depuis le mois d\u2019avril 2022, [&hellip;]<\/p>\n","protected":false},"author":10,"featured_media":130933,"comment_status":"open","ping_status":"open","sticky":false,"template":"","format":"standard","meta":{"_et_pb_use_builder":"","_et_pb_old_content":"","_et_gb_content_width":""},"categories":[87],"tags":[],"yoast_head":"<!-- This site is optimized with the Yoast SEO plugin v19.13 - https:\/\/yoast.com\/wordpress\/plugins\/seo\/ -->\n<title>L&#039;\u00e9conomie sociale et soutenable au c\u0153ur du projet APTE - Groupe One<\/title>\n<meta name=\"robots\" content=\"index, follow, max-snippet:-1, max-image-preview:large, max-video-preview:-1\" \/>\n<link rel=\"canonical\" href=\"https:\/\/ns381463.ip-94-23-248.eu\/GroupeOne2016\/wordpress\/economie-sociale-et-soutenable-au-coeur-du-projet-apte\/\" \/>\n<meta property=\"og:locale\" content=\"fr_FR\" \/>\n<meta property=\"og:type\" content=\"article\" \/>\n<meta property=\"og:title\" content=\"L&#039;\u00e9conomie sociale et soutenable au c\u0153ur du projet APTE - Groupe One\" \/>\n<meta property=\"og:description\" content=\"Les 7 et 8 mars dernier, Groupe One a particip\u00e9 \u00e0 la r\u00e9union de lancement du projet APTE \u2013 A Pathway to Employment \u00e0 Paris. Depuis le mois d\u2019avril 2022, [&hellip;]\" \/>\n<meta property=\"og:url\" content=\"https:\/\/ns381463.ip-94-23-248.eu\/GroupeOne2016\/wordpress\/economie-sociale-et-soutenable-au-coeur-du-projet-apte\/\" \/>\n<meta property=\"og:site_name\" content=\"Groupe One\" \/>\n<meta property=\"article:published_time\" content=\"2022-04-04T12:25:09+00:00\" \/>\n<meta property=\"article:modified_time\" content=\"2022-04-04T14:59:12+00:00\" \/>\n<meta property=\"og:image\" content=\"https:\/\/ns381463.ip-94-23-248.eu\/GroupeOne2016\/wordpress\/wp-content\/uploads\/2022\/04\/Group-photo.jpeg\" \/>\n\t<meta property=\"og:image:width\" content=\"1024\" \/>\n\t<meta property=\"og:image:height\" content=\"768\" \/>\n\t<meta property=\"og:image:type\" content=\"image\/jpeg\" \/>\n<meta name=\"author\" content=\"Magali Ronsmans\" \/>\n<meta name=\"twitter:card\" content=\"summary_large_image\" \/>\n<meta name=\"twitter:label1\" content=\"\u00c9crit par\" \/>\n\t<meta name=\"twitter:data1\" content=\"Magali Ronsmans\" \/>\n\t<meta name=\"twitter:label2\" content=\"Dur\u00e9e de lecture estim\u00e9e\" \/>\n\t<meta name=\"twitter:data2\" content=\"1 minute\" \/>\n<script type=\"application\/ld+json\" class=\"yoast-schema-graph\">{\"@context\":\"https:\/\/schema.org\",\"@graph\":[{\"@type\":\"WebPage\",\"@id\":\"https:\/\/ns381463.ip-94-23-248.eu\/GroupeOne2016\/wordpress\/economie-sociale-et-soutenable-au-coeur-du-projet-apte\/\",\"url\":\"https:\/\/ns381463.ip-94-23-248.eu\/GroupeOne2016\/wordpress\/economie-sociale-et-soutenable-au-coeur-du-projet-apte\/\",\"name\":\"L'\u00e9conomie sociale et soutenable au c\u0153ur du projet APTE - Groupe One\",\"isPartOf\":{\"@id\":\"https:\/\/ns381463.ip-94-23-248.eu\/GroupeOne2016\/wordpress\/#website\"},\"datePublished\":\"2022-04-04T12:25:09+00:00\",\"dateModified\":\"2022-04-04T14:59:12+00:00\",\"author\":{\"@id\":\"https:\/\/ns381463.ip-94-23-248.eu\/GroupeOne2016\/wordpress\/#\/schema\/person\/1d485675d51de89080490a4a3d011af2\"},\"breadcrumb\":{\"@id\":\"https:\/\/ns381463.ip-94-23-248.eu\/GroupeOne2016\/wordpress\/economie-sociale-et-soutenable-au-coeur-du-projet-apte\/#breadcrumb\"},\"inLanguage\":\"fr-FR\",\"potentialAction\":[{\"@type\":\"ReadAction\",\"target\":[\"https:\/\/ns381463.ip-94-23-248.eu\/GroupeOne2016\/wordpress\/economie-sociale-et-soutenable-au-coeur-du-projet-apte\/\"]}]},{\"@type\":\"BreadcrumbList\",\"@id\":\"https:\/\/ns381463.ip-94-23-248.eu\/GroupeOne2016\/wordpress\/economie-sociale-et-soutenable-au-coeur-du-projet-apte\/#breadcrumb\",\"itemListElement\":[{\"@type\":\"ListItem\",\"position\":1,\"name\":\"Accueil\",\"item\":\"https:\/\/ns381463.ip-94-23-248.eu\/GroupeOne2016\/wordpress\/\"},{\"@type\":\"ListItem\",\"position\":2,\"name\":\"L&#8217;\u00e9conomie sociale et soutenable au c\u0153ur du projet APTE\"}]},{\"@type\":\"WebSite\",\"@id\":\"https:\/\/ns381463.ip-94-23-248.eu\/GroupeOne2016\/wordpress\/#website\",\"url\":\"https:\/\/ns381463.ip-94-23-248.eu\/GroupeOne2016\/wordpress\/\",\"name\":\"Groupe One\",\"description\":\"Groupe One est une organisation belge qui facilite la transition vers une \u00e9conomie durable. Elle est active \u00e0 Bruxelles et en Wallonie.\",\"potentialAction\":[{\"@type\":\"SearchAction\",\"target\":{\"@type\":\"EntryPoint\",\"urlTemplate\":\"https:\/\/ns381463.ip-94-23-248.eu\/GroupeOne2016\/wordpress\/?s={search_term_string}\"},\"query-input\":\"required name=search_term_string\"}],\"inLanguage\":\"fr-FR\"},{\"@type\":\"Person\",\"@id\":\"https:\/\/ns381463.ip-94-23-248.eu\/GroupeOne2016\/wordpress\/#\/schema\/person\/1d485675d51de89080490a4a3d011af2\",\"name\":\"Magali Ronsmans\",\"image\":{\"@type\":\"ImageObject\",\"inLanguage\":\"fr-FR\",\"@id\":\"https:\/\/ns381463.ip-94-23-248.eu\/GroupeOne2016\/wordpress\/#\/schema\/person\/image\/\",\"url\":\"https:\/\/secure.gravatar.com\/avatar\/60c7ceeedcfe758765fe2e9bcd7e7970?s=96&d=mm&r=g\",\"contentUrl\":\"https:\/\/secure.gravatar.com\/avatar\/60c7ceeedcfe758765fe2e9bcd7e7970?s=96&d=mm&r=g\",\"caption\":\"Magali Ronsmans\"},\"url\":\"https:\/\/ns381463.ip-94-23-248.eu\/GroupeOne2016\/wordpress\/author\/g1-magali\/\"}]}<\/script>\n<!-- \/ Yoast SEO plugin. -->","yoast_head_json":{"title":"L'\u00e9conomie sociale et soutenable au c\u0153ur du projet APTE - Groupe One","robots":{"index":"index","follow":"follow","max-snippet":"max-snippet:-1","max-image-preview":"max-image-preview:large","max-video-preview":"max-video-preview:-1"},"canonical":"https:\/\/ns381463.ip-94-23-248.eu\/GroupeOne2016\/wordpress\/economie-sociale-et-soutenable-au-coeur-du-projet-apte\/","og_locale":"fr_FR","og_type":"article","og_title":"L'\u00e9conomie sociale et soutenable au c\u0153ur du projet APTE - Groupe One","og_description":"Les 7 et 8 mars dernier, Groupe One a particip\u00e9 \u00e0 la r\u00e9union de lancement du projet APTE \u2013 A Pathway to Employment \u00e0 Paris. Depuis le mois d\u2019avril 2022, [&hellip;]","og_url":"https:\/\/ns381463.ip-94-23-248.eu\/GroupeOne2016\/wordpress\/economie-sociale-et-soutenable-au-coeur-du-projet-apte\/","og_site_name":"Groupe One","article_published_time":"2022-04-04T12:25:09+00:00","article_modified_time":"2022-04-04T14:59:12+00:00","og_image":[{"width":1024,"height":768,"url":"https:\/\/ns381463.ip-94-23-248.eu\/GroupeOne2016\/wordpress\/wp-content\/uploads\/2022\/04\/Group-photo.jpeg","type":"image\/jpeg"}],"author":"Magali Ronsmans","twitter_card":"summary_large_image","twitter_misc":{"\u00c9crit par":"Magali Ronsmans","Dur\u00e9e de lecture estim\u00e9e":"1 minute"},"schema":{"@context":"https:\/\/schema.org","@graph":[{"@type":"WebPage","@id":"https:\/\/ns381463.ip-94-23-248.eu\/GroupeOne2016\/wordpress\/economie-sociale-et-soutenable-au-coeur-du-projet-apte\/","url":"https:\/\/ns381463.ip-94-23-248.eu\/GroupeOne2016\/wordpress\/economie-sociale-et-soutenable-au-coeur-du-projet-apte\/","name":"L'\u00e9conomie sociale et soutenable au c\u0153ur du projet APTE - Groupe One","isPartOf":{"@id":"https:\/\/ns381463.ip-94-23-248.eu\/GroupeOne2016\/wordpress\/#website"},"datePublished":"2022-04-04T12:25:09+00:00","dateModified":"2022-04-04T14:59:12+00:00","author":{"@id":"https:\/\/ns381463.ip-94-23-248.eu\/GroupeOne2016\/wordpress\/#\/schema\/person\/1d485675d51de89080490a4a3d011af2"},"breadcrumb":{"@id":"https:\/\/ns381463.ip-94-23-248.eu\/GroupeOne2016\/wordpress\/economie-sociale-et-soutenable-au-coeur-du-projet-apte\/#breadcrumb"},"inLanguage":"fr-FR","potentialAction":[{"@type":"ReadAction","target":["https:\/\/ns381463.ip-94-23-248.eu\/GroupeOne2016\/wordpress\/economie-sociale-et-soutenable-au-coeur-du-projet-apte\/"]}]},{"@type":"BreadcrumbList","@id":"https:\/\/ns381463.ip-94-23-248.eu\/GroupeOne2016\/wordpress\/economie-sociale-et-soutenable-au-coeur-du-projet-apte\/#breadcrumb","itemListElement":[{"@type":"ListItem","position":1,"name":"Accueil","item":"https:\/\/ns381463.ip-94-23-248.eu\/GroupeOne2016\/wordpress\/"},{"@type":"ListItem","position":2,"name":"L&#8217;\u00e9conomie sociale et soutenable au c\u0153ur du projet APTE"}]},{"@type":"WebSite","@id":"https:\/\/ns381463.ip-94-23-248.eu\/GroupeOne2016\/wordpress\/#website","url":"https:\/\/ns381463.ip-94-23-248.eu\/GroupeOne2016\/wordpress\/","name":"Groupe One","description":"Groupe One est une organisation belge qui facilite la transition vers une \u00e9conomie durable. Elle est active \u00e0 Bruxelles et en Wallonie.","potentialAction":[{"@type":"SearchAction","target":{"@type":"EntryPoint","urlTemplate":"https:\/\/ns381463.ip-94-23-248.eu\/GroupeOne2016\/wordpress\/?s={search_term_string}"},"query-input":"required name=search_term_string"}],"inLanguage":"fr-FR"},{"@type":"Person","@id":"https:\/\/ns381463.ip-94-23-248.eu\/GroupeOne2016\/wordpress\/#\/schema\/person\/1d485675d51de89080490a4a3d011af2","name":"Magali Ronsmans","image":{"@type":"ImageObject","inLanguage":"fr-FR","@id":"https:\/\/ns381463.ip-94-23-248.eu\/GroupeOne2016\/wordpress\/#\/schema\/person\/image\/","url":"https:\/\/secure.gravatar.com\/avatar\/60c7ceeedcfe758765fe2e9bcd7e7970?s=96&d=mm&r=g","contentUrl":"https:\/\/secure.gravatar.com\/avatar\/60c7ceeedcfe758765fe2e9bcd7e7970?s=96&d=mm&r=g","caption":"Magali Ronsmans"},"url":"https:\/\/ns381463.ip-94-23-248.eu\/GroupeOne2016\/wordpress\/author\/g1-magali\/"}]}},"_links":{"self":[{"href":"https:\/\/ns381463.ip-94-23-248.eu\/GroupeOne2016\/wordpress\/wp-json\/wp\/v2\/posts\/130932"}],"collection":[{"href":"https:\/\/ns381463.ip-94-23-248.eu\/GroupeOne2016\/wordpress\/wp-json\/wp\/v2\/posts"}],"about":[{"href":"https:\/\/ns381463.ip-94-23-248.eu\/GroupeOne2016\/wordpress\/wp-json\/wp\/v2\/types\/post"}],"author":[{"embeddable":true,"href":"https:\/\/ns381463.ip-94-23-248.eu\/GroupeOne2016\/wordpress\/wp-json\/wp\/v2\/users\/10"}],"replies":[{"embeddable":true,"href":"https:\/\/ns381463.ip-94-23-248.eu\/GroupeOne2016\/wordpress\/wp-json\/wp\/v2\/comments?post=130932"}],"version-history":[{"count":5,"href":"https:\/\/ns381463.ip-94-23-248.eu\/GroupeOne2016\/wordpress\/wp-json\/wp\/v2\/posts\/130932\/revisions"}],"predecessor-version":[{"id":130942,"href":"https:\/\/ns381463.ip-94-23-248.eu\/GroupeOne2016\/wordpress\/wp-json\/wp\/v2\/posts\/130932\/revisions\/130942"}],"wp:featuredmedia":[{"embeddable":true,"href":"https:\/\/ns381463.ip-94-23-248.eu\/GroupeOne2016\/wordpress\/wp-json\/wp\/v2\/media\/130933"}],"wp:attachment":[{"href":"https:\/\/ns381463.ip-94-23-248.eu\/GroupeOne2016\/wordpress\/wp-json\/wp\/v2\/media?parent=130932"}],"wp:term":[{"taxonomy":"category","embeddable":true,"href":"https:\/\/ns381463.ip-94-23-248.eu\/GroupeOne2016\/wordpress\/wp-json\/wp\/v2\/categories?post=130932"},{"taxonomy":"post_tag","embeddable":true,"href":"https:\/\/ns381463.ip-94-23-248.eu\/GroupeOne2016\/wordpress\/wp-json\/wp\/v2\/tags?post=130932"}],"curies":[{"name":"wp","href":"https:\/\/api.w.org\/{rel}","templated":true}]}}