{"id":130800,"date":"2022-01-11T12:04:08","date_gmt":"2022-01-11T11:04:08","guid":{"rendered":"https:\/\/ns381463.ip-94-23-248.eu\/GroupeOne2016\/wordpress\/?p=130800"},"modified":"2022-01-25T12:42:39","modified_gmt":"2022-01-25T11:42:39","slug":"ozerconcept-un-magasin-qui-habille-les-femmes-en-seconde-main","status":"publish","type":"post","link":"https:\/\/ns381463.ip-94-23-248.eu\/GroupeOne2016\/wordpress\/ozerconcept-un-magasin-qui-habille-les-femmes-en-seconde-main\/","title":{"rendered":"OzerConcept : un magasin qui habille les femmes en seconde-main"},"content":{"rendered":"<p>[et_pb_section fb_built=&#8221;1&#8243; admin_label=&#8221;section&#8221; _builder_version=&#8221;3.22&#8243; global_colors_info=&#8221;{}&#8221;][et_pb_row admin_label=&#8221;row&#8221; _builder_version=&#8221;3.25&#8243; background_size=&#8221;initial&#8221; background_position=&#8221;top_left&#8221; background_repeat=&#8221;repeat&#8221; global_colors_info=&#8221;{}&#8221;][et_pb_column type=&#8221;4_4&#8243; _builder_version=&#8221;3.25&#8243; custom_padding=&#8221;|||&#8221; global_colors_info=&#8221;{}&#8221; custom_padding__hover=&#8221;|||&#8221;][et_pb_text admin_label=&#8221;Text&#8221; _builder_version=&#8221;4.14.4&#8243; background_size=&#8221;initial&#8221; background_position=&#8221;top_left&#8221; background_repeat=&#8221;repeat&#8221; global_colors_info=&#8221;{}&#8221;]<\/p>\n<p><span style=\"font-weight: 400;\">Ozer Concept propose des v\u00eatements, des chaussures, des sacs et de bijoux en seconde-main. C\u2019est le projet de M\u00e9lissa Boels, qui a ouvert son magasin \u00e0 la rue du Bailli en novembre 2021. Ayant toujours baign\u00e9e dans le milieu de la mode, elle a beaucoup appris de la fili\u00e8re textile <\/span><span style=\"font-weight: 400;\">aupr\u00e8s de son p\u00e8re qui travaille dans le secteur<\/span><span style=\"font-weight: 400;\">. M\u00e9lissa est une jeune entrepreneure inspirante qui cherche \u00e0 habiller les femmes avec une s\u00e9lection de pi\u00e8ces exclusives tout en retardant le moment o\u00f9 le v\u00eatement est jet\u00e9. Rencontre.\u00a0<\/span><\/p>\n<p><b>Quelle est la particularit\u00e9 d\u2019OzerConcept\u00a0?\u00a0<\/b><\/p>\n<p><span style=\"font-weight: 400;\">\u00a0<img decoding=\"async\" loading=\"lazy\" class=\"wp-image-130803 alignleft\" src=\"https:\/\/ns381463.ip-94-23-248.eu\/GroupeOne2016\/wordpress\/wp-content\/uploads\/2022\/01\/9c5e1ce6-1245-4cdc-a075-7059a37db7e6-1-225x300.jpg\" alt=\"\" width=\"214\" height=\"285\" \/><\/span><\/p>\n<p><span style=\"font-weight: 400;\">Je me situe entre le magasin de seconde main de luxe et la friperie. Je propose une s\u00e9lection de belles pi\u00e8ces et c\u2019est ce qui fait la diff\u00e9rence d\u2019Ozer. J\u2019essaye d\u2019avoir des chouettes v\u00eatements, en bon \u00e9tat et de donner l\u2019impression de rentrer dans un magasin qui propose du neuf. <\/span>Mon ambition est d\u2019amener les femmes qui n\u2019ach\u00e8teraient pas en seconde-main \u00e0 se diriger vers cette consommation raisonn\u00e9e.<\/p>\n<p><span style=\"font-weight: 400;\">Ozer Concept propose un syst\u00e8me de d\u00e9p\u00f4t-vente. Les clientes viennent avec leurs pi\u00e8ces, je fais la s\u00e9lection selon mes choix, pour construire et respecter l\u2019identit\u00e9 et l\u2019univers d\u2019Ozer. Ici, les clientes trouvent des pi\u00e8ces qu\u2019on ne trouve pas partout ailleurs. J\u2019adore ce principe.<\/span><\/p>\n<p>&nbsp;<\/p>\n<p>&nbsp;<\/p>\n<p><b>Comment en es-tu arriv\u00e9e \u00e0 lancer ton magasin de seconde-main\u00a0?\u00a0<\/b><\/p>\n<p><span style=\"font-weight: 400;\">Apr\u00e8s 2 ans et demi d\u2019exp\u00e9riences dans la mode, j\u2019ai eu envie de m\u2019orienter vers une mode plus durable. J\u2019avais envie de changer les mentalit\u00e9s. <\/span><span style=\"font-weight: 400;\">La recherche d\u2019un job qui correspondait \u00e0 mes valeurs a \u00e9t\u00e9 compliqu\u00e9e. Par ailleurs, je savais qu\u2019\u00e0 terme, je lancerais mon propre projet m\u00eame si, \u00e0 l\u2019\u00e9poque, je me sentais r\u00e9ticente \u00e0 l\u2019id\u00e9e de me lancer aussi jeune de peur de manquer d\u2019exp\u00e9rience<\/span><span style=\"font-weight: 400;\">. Je ne savais pas si j\u2019avais vraiment les \u00e9paules pour \u00e7a.\u00a0<\/span><\/p>\n<p><span style=\"font-weight: 400;\">Lors d\u2019un entretien dans une bo\u00eete de recrutement, on m\u2019a convaincue du contraire\u00a0: \u00ab\u00a0<\/span><i><span style=\"font-weight: 400;\">Avec ton esprit entrepreneurial, n\u2019h\u00e9site pas. C\u2019est justement le bon moment. Et si tu te plantes, tu te plantes\u00a0!\u00a0<\/span><\/i><span style=\"font-weight: 400;\">\u00bb.\u00a0<\/span><\/p>\n<p><span style=\"font-weight: 400;\">J\u2019ai ensuite rencontr\u00e9 <\/span><span style=\"font-weight: 400;\">Gabrielle, la fondatrice de <a href=\"https:\/\/www.yumafood.com\/\">Yuma<\/a> qui m\u2019a conseill\u00e9e de rentrer au Start Lab, incubateur de Solvay. Elle m\u2019explique que \u00e7a m\u2019aidera \u00e0 savoir dans quelle direction avancer, \u00e9tapes par \u00e9tapes. Ma d\u00e9cision f\u00fbt prise.\u00a0<\/span><\/p>\n<p><b>Tu as d\u00e9cid\u00e9 de t\u2019inscrire au Start Lab et de tester ton id\u00e9e. Peux-tu nous en dire plus sur ton exp\u00e9rience au sein de cette structure\u00a0?\u00a0<\/b><\/p>\n<p><span style=\"font-weight: 400;\">Le Start Lab permet d\u2019avoir un cadre et des objectifs. Ce n\u2019est pas toujours \u00e9vident au d\u00e9but d\u2019avoir un projet structur\u00e9 alors qu\u2019on ne sait pas exactement par o\u00f9 commencer. J\u2019avais l\u2019impression d\u2019\u00eatre face \u00e0 une montagne.\u00a0<\/span><\/p>\n<p><img decoding=\"async\" loading=\"lazy\" class=\" wp-image-130802 alignright\" src=\"https:\/\/ns381463.ip-94-23-248.eu\/GroupeOne2016\/wordpress\/wp-content\/uploads\/2022\/01\/photo-1-242x300.jpeg\" alt=\"\" width=\"239\" height=\"296\" \/><span style=\"font-weight: 400;\">Cette exp\u00e9rience \u00e9tait l\u2019occasion de faire \u00e9voluer mon id\u00e9e. A la base, mon projet n\u2019\u00e9tait pas tout \u00e0 fait ce\u00a0qu\u2019il\u00a0est aujourd\u2019hui. J\u2019\u00e9tais davantage tourn\u00e9e vers des marques \u00e9co-responsables qu\u2019on n&#8217;avait pas l\u2019habitude de voir \u00e0 Bruxelles. Je trouvais\u00a0qu\u2019habiller les femmes de mani\u00e8re responsable tout en restant coquette \u00e9tait un joli pari. Apr\u00e8s avoir interrog\u00e9 ma potentielle client\u00e8le, je me suis rendu compte que de nombreuses femmes surconsommaient dans des bonnes marques. La plupart d\u2019entre elles achetaient \u00e9norm\u00e9ment pour ne mettre que trois fois le v\u00eatement. Lors de ces interviews, je me suis dit qu\u2019il y avait moyen de faire encore mieux qu\u2019\u00e9co-responsable\u00a0: utiliser ce qui existait d\u00e9j\u00e0 tout en ayant des super fringues. Ozer Concept est n\u00e9.\u00a0<\/span><\/p>\n<p><span style=\"font-weight: 400;\">Apr\u00e8s le Start Lab, j\u2019ai continu\u00e9 mon suivi au sein de diverses structures. <a href=\"https:\/\/hub.brussels\/fr\/\" target=\"_blank\" rel=\"noopener\">Hub.brussels<\/a>, par exemple gr\u00e2ce \u00e0 qui j\u2019ai organis\u00e9 mon premier pop-up \u00e0 l\u2019auberge espagnole. En m\u00eame temps, j\u2019\u00e9tais accompagn\u00e9e par Groupe One au Village Partenaire et par le GEL Dansaert. Chez Groupe One, j\u2019ai \u00e9t\u00e9 coach\u00e9e par Sarah qui m\u2019a aid\u00e9e \u00e0 faire mon plan financier. Sans elle, je n\u2019aurais jamais r\u00e9ussi. Elle est tr\u00e8s dou\u00e9e et le contact est bien pass\u00e9. Avant l\u2019ouverture du magasin, nous nous sommes souvent vues pour r\u00e9aliser mon plan financier. Maintenant que le magasin est ouvert, nos rencontres sont moins nombreuses mais je sais qu\u2019\u00e0 la moindre question, je pourrai m\u2019adresser \u00e0 Sarah parce qu\u2019elle reste accessible et disponible.\u00a0\u00a0<\/span><\/p>\n<p><b>Aujourd\u2019hui, apr\u00e8s avoir \u00e9t\u00e9 accompagn\u00e9e pendant plus d\u2019un an, tu peux te r\u00e9jouir d\u2019\u00eatre install\u00e9e dans ton propre magasin. As-tu d\u00e9j\u00e0 de nouvelles id\u00e9es pour Ozer Concept\u00a0?\u00a0<\/b><\/p>\n<p><span style=\"font-weight: 400;\">Effectivement, ce parcours m\u2019a amen\u00e9 \u00e0 installer mon magasin dans le quartier du Bailli, quartier que je visais parce que je le trouve vivant et que les magasins de seconde-main n\u2019y sont pas nombreux. Depuis que je suis ici, cela se passe \u00e0 merveille. Les clientes sont contentes et j\u2019observe un r\u00e9el changement des mentalit\u00e9s, m\u00eame chez des personnes que je n\u2019aurais pas imagin\u00e9 toucher. C\u2019est un beau d\u00e9fi. Maintenant que je me suis implant\u00e9e sur le long terme, j\u2019ai effectivement de nouveaux projets pour Ozer.\u00a0<\/span><\/p>\n<p><span style=\"font-weight: 400;\">Je suis actuellement entrain de d\u00e9velopper le projet en lan\u00e7ant par exemple une marque de v\u00eatements d\u2019upcycling avec Juliet Bonhomme. Apr\u00e8s 4 mois, si une pi\u00e8ce n\u2019a pas \u00e9t\u00e9 vendue, la cliente peut laisser son v\u00eatement pour la moiti\u00e9 du montant de ce qu\u2019elle aurait re\u00e7u en cas de vente. Et nous l\u2019upcyclons. On coupe, on modifie et on le rend plus attractif. Il revient ensuite au magasin. Je pense que l\u2019upcycling est le nouveau luxe, mais mon souhait est de garder cette d\u00e9marche attractive. L\u2019objectif est principalement de sensibiliser et de montrer qu\u2019il est possible de retarder le moment o\u00f9 le v\u00eatement est jet\u00e9.\u00a0<\/span><\/p>\n<p><b>Si tu devais donner quelques conseils \u00e0 un.e futur.e entrepreneur.e, quels seraient-ils\u00a0?\u00a0<\/b><\/p>\n<p><img decoding=\"async\" loading=\"lazy\" class=\"size-medium wp-image-130804 alignleft\" src=\"https:\/\/ns381463.ip-94-23-248.eu\/GroupeOne2016\/wordpress\/wp-content\/uploads\/2022\/01\/photo-2-225x300.jpeg\" alt=\"\" width=\"225\" height=\"300\" \/><\/p>\n<p><span style=\"font-weight: 400;\">Je crois qu\u2019il ne faut pas avoir peur d\u2019y aller. L\u2019aventure entrepreneuriale est remplie de d\u00e9fis mais c\u2019est g\u00e9nial. Tu g\u00e8res et tu es ta\/ton propre partron.ne. Il faut beaucoup travailler parce qu\u2019avoir un projet, c\u2019est y penser sans arr\u00eat. Tu ne rentres jamais le week-end en te disant que la semaine est finie et que tu peux couper. Il faut trouver son \u00e9quilibre, prendre du recul et continuer \u00e0 vivre.\u00a0<\/span><\/p>\n<p><span style=\"font-weight: 400;\">De plus, je consid\u00e8re qu\u2019\u00eatre accompagn\u00e9e est extr\u00eamement important. Sans une structure comme Groupe One, je ne serai jamais arriv\u00e9e l\u00e0 o\u00f9 je suis.<\/span><\/p>\n<p><span style=\"font-weight: 400;\">C\u2019est aussi tr\u00e8s important de tester. J\u2019ai test\u00e9 pendant un an et demi avant de me lancer r\u00e9ellement, entre mon premier pop-up \u00e0 l\u2019auberge espagnole pendant 6 mois et mon second dans le quartier Dansaert pendant un an. \u00c7a permet de savoir ce qui marche ou non, de sentir si c\u2019est un m\u00e9tier qui te correspond ou pas. Pour un projet tel qu\u2019Ozer, organiser deux pop-up dans des endroits diff\u00e9rents \u00e9taient un bel atout. Ces deux exp\u00e9riences m\u2019ont permis de maitriser mon projet, de voir si \u00e7a prenait, de donner une premi\u00e8re visibilit\u00e9. Je conseille \u00e0 tout.e entrepreneur.e de passer par cette \u00e9tape.\u00a0<\/span><\/p>\n<p><span style=\"font-weight: 400;\">Enfin, le fait de participer \u00e0 des incubateurs et \u00e0 des accompagnements permet de rencontrer des gens, d\u2019avoir des feedbacks de chacun.e. Il faut \u00eatre \u00e0 l\u2019\u00e9coute des conseils de toutes et tous.\u00a0\u00a0\u00a0<\/span><\/p>\n<p>Retrouvez le site internet d&#8217;Ozer Concept <a href=\"https:\/\/ozer-concept.com\/\">ici\u00a0<\/a><\/p>\n<p>[\/et_pb_text][\/et_pb_column][\/et_pb_row][\/et_pb_section]<\/p>\n","protected":false},"excerpt":{"rendered":"<p>Ozer Concept propose des v\u00eatements, des chaussures, des sacs et de bijoux en seconde-main. C\u2019est le projet de M\u00e9lissa Boels, qui a ouvert son magasin \u00e0 la rue du Bailli [&hellip;]<\/p>\n","protected":false},"author":10,"featured_media":130802,"comment_status":"open","ping_status":"open","sticky":false,"template":"","format":"standard","meta":{"_et_pb_use_builder":"on","_et_pb_old_content":"<span style=\"font-weight: 400;\">Ozer Concept propose des v\u00eatements, des chaussures, des sacs et de bijoux en seconde-main. C\u2019est le projet de M\u00e9lissa Boels, qui a ouvert son magasin \u00e0 la rue du Bailli en novembre 2021. Ayant toujours baign\u00e9e dans le milieu de la mode, elle a beaucoup appris de la fili\u00e8re textile <\/span><span style=\"font-weight: 400;\">aupr\u00e8s de son p\u00e8re qui travaille dans le secteur<\/span><span style=\"font-weight: 400;\">. M\u00e9lissa est une jeune entrepreneure inspirante qui cherche \u00e0 habiller les femmes avec une s\u00e9lection de pi\u00e8ces exclusives tout en retardant le moment o\u00f9 le v\u00eatement est jet\u00e9. Rencontre.\u00a0<\/span>\r\n\r\n<b>Quelle est la particularit\u00e9 d\u2019OzerConcept\u00a0?\u00a0<\/b>\r\n\r\n<span style=\"font-weight: 400;\">\u00a0<img class=\"wp-image-130803 alignleft\" src=\"https:\/\/ns381463.ip-94-23-248.eu\/GroupeOne2016\/wordpress\/wp-content\/uploads\/2022\/01\/9c5e1ce6-1245-4cdc-a075-7059a37db7e6-1-225x300.jpg\" alt=\"\" width=\"214\" height=\"285\" \/><\/span>\r\n\r\n<span style=\"font-weight: 400;\">Je me situe entre le magasin de seconde main de luxe et la friperie. Je propose une s\u00e9lection de belles pi\u00e8ces et c\u2019est ce qui fait la diff\u00e9rence d\u2019Ozer. J\u2019essaye d\u2019avoir des chouettes v\u00eatements, en bon \u00e9tat et de donner l\u2019impression de rentrer dans un magasin qui propose du neuf. <\/span>Mon ambition est d\u2019amener les femmes qui n\u2019ach\u00e8teraient pas en seconde-main \u00e0 se diriger vers cette consommation raisonn\u00e9e.\r\n\r\n<span style=\"font-weight: 400;\">Ozer Concept propose un syst\u00e8me de d\u00e9p\u00f4t-vente. Les clientes viennent avec leurs pi\u00e8ces, je fais la s\u00e9lection selon mes choix, pour construire et respecter l\u2019identit\u00e9 et l\u2019univers d\u2019Ozer. Ici, les clientes trouvent des pi\u00e8ces qu\u2019on ne trouve pas partout ailleurs. J\u2019adore ce principe.<\/span>\r\n\r\n\u00a0\r\n\r\n\u00a0\r\n\r\n<b>Comment en es-tu arriv\u00e9e \u00e0 lancer ton magasin de seconde-main\u00a0?\u00a0<\/b>\r\n\r\n<span style=\"font-weight: 400;\">Apr\u00e8s 2 ans et demi d\u2019exp\u00e9riences dans la mode, j\u2019ai eu envie de m\u2019orienter vers une mode plus durable. J\u2019avais envie de changer les mentalit\u00e9s. <\/span><span style=\"font-weight: 400;\">La recherche d\u2019un job qui correspondait \u00e0 mes valeurs a \u00e9t\u00e9 compliqu\u00e9e. Par ailleurs, je savais qu\u2019\u00e0 terme, je lancerais mon propre projet m\u00eame si, \u00e0 l\u2019\u00e9poque, je me sentais r\u00e9ticente \u00e0 l\u2019id\u00e9e de me lancer aussi jeune de peur de manquer d\u2019exp\u00e9rience<\/span><span style=\"font-weight: 400;\">. Je ne savais pas si j\u2019avais vraiment les \u00e9paules pour \u00e7a.\u00a0<\/span>\r\n\r\n<span style=\"font-weight: 400;\">Lors d\u2019un entretien dans une bo\u00eete de recrutement, on m\u2019a convaincue du contraire\u00a0: \u00ab\u00a0<\/span><i><span style=\"font-weight: 400;\">Avec ton esprit entrepreneurial, n\u2019h\u00e9site pas. C\u2019est justement le bon moment. Et si tu te plantes, tu te plantes\u00a0!\u00a0<\/span><\/i><span style=\"font-weight: 400;\">\u00bb.\u00a0<\/span>\r\n\r\n<span style=\"font-weight: 400;\">J\u2019ai ensuite rencontr\u00e9 <\/span><span style=\"font-weight: 400;\">Gabrielle, la fondatrice de <a href=\"https:\/\/www.yumafood.com\/\">Yuma<\/a> qui m\u2019a conseill\u00e9e de rentrer au Start Lab, incubateur de Solvay. Elle m\u2019explique que \u00e7a m\u2019aidera \u00e0 savoir dans quelle direction avancer, \u00e9tapes par \u00e9tapes. Ma d\u00e9cision f\u00fbt prise.\u00a0<\/span>\r\n\r\n<b>Tu as d\u00e9cid\u00e9 de t\u2019inscrire au Start Lab et de tester ton id\u00e9e. Peux-tu nous en dire plus sur ton exp\u00e9rience au sein de cette structure\u00a0?\u00a0<\/b>\r\n\r\n<span style=\"font-weight: 400;\">Le Start Lab permet d\u2019avoir un cadre et des objectifs. Ce n\u2019est pas toujours \u00e9vident au d\u00e9but d\u2019avoir un projet structur\u00e9 alors qu\u2019on ne sait pas exactement par o\u00f9 commencer. J\u2019avais l\u2019impression d\u2019\u00eatre face \u00e0 une montagne.\u00a0<\/span>\r\n\r\n<img class=\" wp-image-130802 alignright\" src=\"https:\/\/ns381463.ip-94-23-248.eu\/GroupeOne2016\/wordpress\/wp-content\/uploads\/2022\/01\/photo-1-242x300.jpeg\" alt=\"\" width=\"239\" height=\"296\" \/><span style=\"font-weight: 400;\">Cette exp\u00e9rience \u00e9tait l\u2019occasion de faire \u00e9voluer mon id\u00e9e. A la base, mon projet n\u2019\u00e9tait pas tout \u00e0 fait ce\u00a0qu\u2019il\u00a0est aujourd\u2019hui. J\u2019\u00e9tais davantage tourn\u00e9e vers des marques \u00e9co-responsables qu\u2019on n'avait pas l\u2019habitude de voir \u00e0 Bruxelles. Je trouvais\u00a0qu\u2019habiller les femmes de mani\u00e8re responsable tout en restant coquette \u00e9tait un joli pari. Apr\u00e8s avoir interrog\u00e9 ma potentielle client\u00e8le, je me suis rendu compte que de nombreuses femmes surconsommaient dans des bonnes marques. La plupart d\u2019entre elles achetaient \u00e9norm\u00e9ment pour ne mettre que trois fois le v\u00eatement. Lors de ces interviews, je me suis dit qu\u2019il y avait moyen de faire encore mieux qu\u2019\u00e9co-responsable\u00a0: utiliser ce qui existait d\u00e9j\u00e0 tout en ayant des super fringues. Ozer Concept est n\u00e9.\u00a0<\/span>\r\n\r\n<span style=\"font-weight: 400;\">Apr\u00e8s le Start Lab, j\u2019ai continu\u00e9 mon suivi au sein de diverses structures. <a href=\"https:\/\/hub.brussels\/fr\/\" target=\"_blank\" rel=\"noopener\">Hub.brussels<\/a>, par exemple gr\u00e2ce \u00e0 qui j\u2019ai organis\u00e9 mon premier pop-up \u00e0 l\u2019auberge espagnole. En m\u00eame temps, j\u2019\u00e9tais accompagn\u00e9e par Groupe One au Village Partenaire et par le GEL Dansaert. Chez Groupe One, j\u2019ai \u00e9t\u00e9 coach\u00e9e par Sarah qui m\u2019a aid\u00e9e \u00e0 faire mon plan financier. Sans elle, je n\u2019aurais jamais r\u00e9ussi. Elle est tr\u00e8s dou\u00e9e et le contact est bien pass\u00e9. Avant l\u2019ouverture du magasin, nous nous sommes souvent vues pour r\u00e9aliser mon plan financier. Maintenant que le magasin est ouvert, nos rencontres sont moins nombreuses mais je sais qu\u2019\u00e0 la moindre question, je pourrai m\u2019adresser \u00e0 Sarah parce qu\u2019elle reste accessible et disponible.\u00a0\u00a0<\/span>\r\n\r\n<b>Aujourd\u2019hui, apr\u00e8s avoir \u00e9t\u00e9 accompagn\u00e9e pendant plus d\u2019un an, tu peux te r\u00e9jouir d\u2019\u00eatre install\u00e9e dans ton propre magasin. As-tu d\u00e9j\u00e0 de nouvelles id\u00e9es pour Ozer Concept\u00a0?\u00a0<\/b>\r\n\r\n<span style=\"font-weight: 400;\">Effectivement, ce parcours m\u2019a amen\u00e9 \u00e0 installer mon magasin dans le quartier du Bailli, quartier que je visais parce que je le trouve vivant et que les magasins de seconde-main n\u2019y sont pas nombreux. Depuis que je suis ici, cela se passe \u00e0 merveille. Les clientes sont contentes et j\u2019observe un r\u00e9el changement des mentalit\u00e9s, m\u00eame chez des personnes que je n\u2019aurais pas imagin\u00e9 toucher. C\u2019est un beau d\u00e9fi. Maintenant que je me suis implant\u00e9e sur le long terme, j\u2019ai effectivement de nouveaux projets pour Ozer.\u00a0<\/span>\r\n\r\n<span style=\"font-weight: 400;\">Je suis actuellement entrain de d\u00e9velopper le projet en lan\u00e7ant par exemple une marque de v\u00eatements d\u2019upcycling avec Juliet Bonhomme. Apr\u00e8s 4 mois, si une pi\u00e8ce n\u2019a pas \u00e9t\u00e9 vendue, la cliente peut laisser son v\u00eatement pour la moiti\u00e9 du montant de ce qu\u2019elle aurait re\u00e7u en cas de vente. Et nous l\u2019upcyclons. On coupe, on modifie et on le rend plus attractif. Il revient ensuite au magasin. Je pense que l\u2019upcycling est le nouveau luxe, mais mon souhait est de garder cette d\u00e9marche attractive. L\u2019objectif est principalement de sensibiliser et de montrer qu\u2019il est possible de retarder le moment o\u00f9 le v\u00eatement est jet\u00e9.\u00a0<\/span>\r\n\r\n<b>Si tu devais donner quelques conseils \u00e0 un.e futur.e entrepreneur.e, quels seraient-ils\u00a0?\u00a0<\/b>\r\n\r\n<img class=\"size-medium wp-image-130804 alignleft\" src=\"https:\/\/ns381463.ip-94-23-248.eu\/GroupeOne2016\/wordpress\/wp-content\/uploads\/2022\/01\/photo-2-225x300.jpeg\" alt=\"\" width=\"225\" height=\"300\" \/>\r\n\r\n<span style=\"font-weight: 400;\">Je crois qu\u2019il ne faut pas avoir peur d\u2019y aller. L\u2019aventure entrepreneuriale est remplie de d\u00e9fis mais c\u2019est g\u00e9nial. Tu g\u00e8res et tu es ta\/ton propre partron.ne. Il faut beaucoup travailler parce qu\u2019avoir un projet, c\u2019est y penser sans arr\u00eat. Tu ne rentres jamais le week-end en te disant que la semaine est finie et que tu peux couper. Il faut trouver son \u00e9quilibre, prendre du recul et continuer \u00e0 vivre.\u00a0<\/span>\r\n\r\n<span style=\"font-weight: 400;\">De plus, je consid\u00e8re qu\u2019\u00eatre accompagn\u00e9e est extr\u00eamement important. Sans une structure comme Groupe One, je ne serai jamais arriv\u00e9e l\u00e0 o\u00f9 je suis.<\/span>\r\n\r\n<span style=\"font-weight: 400;\">C\u2019est aussi tr\u00e8s important de tester. J\u2019ai test\u00e9 pendant un an et demi avant de me lancer r\u00e9ellement, entre mon premier pop-up \u00e0 l\u2019auberge espagnole pendant 6 mois et mon second dans le quartier Dansaert pendant un an. \u00c7a permet de savoir ce qui marche ou non, de sentir si c\u2019est un m\u00e9tier qui te correspond ou pas. Pour un projet tel qu\u2019Ozer, organiser deux pop-up dans des endroits diff\u00e9rents \u00e9taient un bel atout. Ces deux exp\u00e9riences m\u2019ont permis de maitriser mon projet, de voir si \u00e7a prenait, de donner une premi\u00e8re visibilit\u00e9. Je conseille \u00e0 tout.e entrepreneur.e de passer par cette \u00e9tape.\u00a0<\/span>\r\n\r\n<span style=\"font-weight: 400;\">Enfin, le fait de participer \u00e0 des incubateurs et \u00e0 des accompagnements permet de rencontrer des gens, d\u2019avoir des feedbacks de chacun.e. Il faut \u00eatre \u00e0 l\u2019\u00e9coute des conseils de toutes et tous.\u00a0\u00a0\u00a0<\/span>","_et_gb_content_width":""},"categories":[88,122],"tags":[],"yoast_head":"<!-- This site is optimized with the Yoast SEO plugin v19.13 - https:\/\/yoast.com\/wordpress\/plugins\/seo\/ -->\n<title>OzerConcept : un magasin qui habille les femmes en seconde-main - Groupe One<\/title>\n<meta name=\"robots\" content=\"index, follow, max-snippet:-1, max-image-preview:large, max-video-preview:-1\" \/>\n<link rel=\"canonical\" href=\"https:\/\/ns381463.ip-94-23-248.eu\/GroupeOne2016\/wordpress\/ozerconcept-un-magasin-qui-habille-les-femmes-en-seconde-main\/\" \/>\n<meta property=\"og:locale\" content=\"fr_FR\" \/>\n<meta property=\"og:type\" content=\"article\" \/>\n<meta property=\"og:title\" content=\"OzerConcept : un magasin qui habille les femmes en seconde-main - Groupe One\" \/>\n<meta property=\"og:description\" content=\"Ozer Concept propose des v\u00eatements, des chaussures, des sacs et de bijoux en seconde-main. C\u2019est le projet de M\u00e9lissa Boels, qui a ouvert son magasin \u00e0 la rue du Bailli [&hellip;]\" \/>\n<meta property=\"og:url\" content=\"https:\/\/ns381463.ip-94-23-248.eu\/GroupeOne2016\/wordpress\/ozerconcept-un-magasin-qui-habille-les-femmes-en-seconde-main\/\" \/>\n<meta property=\"og:site_name\" content=\"Groupe One\" \/>\n<meta property=\"article:published_time\" content=\"2022-01-11T11:04:08+00:00\" \/>\n<meta property=\"article:modified_time\" content=\"2022-01-25T11:42:39+00:00\" \/>\n<meta property=\"og:image\" content=\"https:\/\/ns381463.ip-94-23-248.eu\/GroupeOne2016\/wordpress\/wp-content\/uploads\/2022\/01\/photo-1-scaled.jpeg\" \/>\n\t<meta property=\"og:image:width\" content=\"2064\" \/>\n\t<meta property=\"og:image:height\" content=\"2560\" \/>\n\t<meta property=\"og:image:type\" content=\"image\/jpeg\" \/>\n<meta name=\"author\" content=\"Magali Ronsmans\" \/>\n<meta name=\"twitter:card\" content=\"summary_large_image\" \/>\n<meta name=\"twitter:label1\" content=\"\u00c9crit par\" \/>\n\t<meta name=\"twitter:data1\" content=\"Magali Ronsmans\" \/>\n\t<meta name=\"twitter:label2\" content=\"Dur\u00e9e de lecture estim\u00e9e\" \/>\n\t<meta name=\"twitter:data2\" content=\"7 minutes\" \/>\n<script type=\"application\/ld+json\" class=\"yoast-schema-graph\">{\"@context\":\"https:\/\/schema.org\",\"@graph\":[{\"@type\":\"WebPage\",\"@id\":\"https:\/\/ns381463.ip-94-23-248.eu\/GroupeOne2016\/wordpress\/ozerconcept-un-magasin-qui-habille-les-femmes-en-seconde-main\/\",\"url\":\"https:\/\/ns381463.ip-94-23-248.eu\/GroupeOne2016\/wordpress\/ozerconcept-un-magasin-qui-habille-les-femmes-en-seconde-main\/\",\"name\":\"OzerConcept : un magasin qui habille les femmes en seconde-main - Groupe One\",\"isPartOf\":{\"@id\":\"https:\/\/ns381463.ip-94-23-248.eu\/GroupeOne2016\/wordpress\/#website\"},\"datePublished\":\"2022-01-11T11:04:08+00:00\",\"dateModified\":\"2022-01-25T11:42:39+00:00\",\"author\":{\"@id\":\"https:\/\/ns381463.ip-94-23-248.eu\/GroupeOne2016\/wordpress\/#\/schema\/person\/1d485675d51de89080490a4a3d011af2\"},\"breadcrumb\":{\"@id\":\"https:\/\/ns381463.ip-94-23-248.eu\/GroupeOne2016\/wordpress\/ozerconcept-un-magasin-qui-habille-les-femmes-en-seconde-main\/#breadcrumb\"},\"inLanguage\":\"fr-FR\",\"potentialAction\":[{\"@type\":\"ReadAction\",\"target\":[\"https:\/\/ns381463.ip-94-23-248.eu\/GroupeOne2016\/wordpress\/ozerconcept-un-magasin-qui-habille-les-femmes-en-seconde-main\/\"]}]},{\"@type\":\"BreadcrumbList\",\"@id\":\"https:\/\/ns381463.ip-94-23-248.eu\/GroupeOne2016\/wordpress\/ozerconcept-un-magasin-qui-habille-les-femmes-en-seconde-main\/#breadcrumb\",\"itemListElement\":[{\"@type\":\"ListItem\",\"position\":1,\"name\":\"Accueil\",\"item\":\"https:\/\/ns381463.ip-94-23-248.eu\/GroupeOne2016\/wordpress\/\"},{\"@type\":\"ListItem\",\"position\":2,\"name\":\"OzerConcept : un magasin qui habille les femmes en seconde-main\"}]},{\"@type\":\"WebSite\",\"@id\":\"https:\/\/ns381463.ip-94-23-248.eu\/GroupeOne2016\/wordpress\/#website\",\"url\":\"https:\/\/ns381463.ip-94-23-248.eu\/GroupeOne2016\/wordpress\/\",\"name\":\"Groupe One\",\"description\":\"Groupe One est une organisation belge qui facilite la transition vers une \u00e9conomie durable. Elle est active \u00e0 Bruxelles et en Wallonie.\",\"potentialAction\":[{\"@type\":\"SearchAction\",\"target\":{\"@type\":\"EntryPoint\",\"urlTemplate\":\"https:\/\/ns381463.ip-94-23-248.eu\/GroupeOne2016\/wordpress\/?s={search_term_string}\"},\"query-input\":\"required name=search_term_string\"}],\"inLanguage\":\"fr-FR\"},{\"@type\":\"Person\",\"@id\":\"https:\/\/ns381463.ip-94-23-248.eu\/GroupeOne2016\/wordpress\/#\/schema\/person\/1d485675d51de89080490a4a3d011af2\",\"name\":\"Magali Ronsmans\",\"image\":{\"@type\":\"ImageObject\",\"inLanguage\":\"fr-FR\",\"@id\":\"https:\/\/ns381463.ip-94-23-248.eu\/GroupeOne2016\/wordpress\/#\/schema\/person\/image\/\",\"url\":\"https:\/\/secure.gravatar.com\/avatar\/60c7ceeedcfe758765fe2e9bcd7e7970?s=96&d=mm&r=g\",\"contentUrl\":\"https:\/\/secure.gravatar.com\/avatar\/60c7ceeedcfe758765fe2e9bcd7e7970?s=96&d=mm&r=g\",\"caption\":\"Magali Ronsmans\"},\"url\":\"https:\/\/ns381463.ip-94-23-248.eu\/GroupeOne2016\/wordpress\/author\/g1-magali\/\"}]}<\/script>\n<!-- \/ Yoast SEO plugin. -->","yoast_head_json":{"title":"OzerConcept : un magasin qui habille les femmes en seconde-main - Groupe One","robots":{"index":"index","follow":"follow","max-snippet":"max-snippet:-1","max-image-preview":"max-image-preview:large","max-video-preview":"max-video-preview:-1"},"canonical":"https:\/\/ns381463.ip-94-23-248.eu\/GroupeOne2016\/wordpress\/ozerconcept-un-magasin-qui-habille-les-femmes-en-seconde-main\/","og_locale":"fr_FR","og_type":"article","og_title":"OzerConcept : un magasin qui habille les femmes en seconde-main - Groupe One","og_description":"Ozer Concept propose des v\u00eatements, des chaussures, des sacs et de bijoux en seconde-main. C\u2019est le projet de M\u00e9lissa Boels, qui a ouvert son magasin \u00e0 la rue du Bailli [&hellip;]","og_url":"https:\/\/ns381463.ip-94-23-248.eu\/GroupeOne2016\/wordpress\/ozerconcept-un-magasin-qui-habille-les-femmes-en-seconde-main\/","og_site_name":"Groupe One","article_published_time":"2022-01-11T11:04:08+00:00","article_modified_time":"2022-01-25T11:42:39+00:00","og_image":[{"width":2064,"height":2560,"url":"https:\/\/ns381463.ip-94-23-248.eu\/GroupeOne2016\/wordpress\/wp-content\/uploads\/2022\/01\/photo-1-scaled.jpeg","type":"image\/jpeg"}],"author":"Magali Ronsmans","twitter_card":"summary_large_image","twitter_misc":{"\u00c9crit par":"Magali Ronsmans","Dur\u00e9e de lecture estim\u00e9e":"7 minutes"},"schema":{"@context":"https:\/\/schema.org","@graph":[{"@type":"WebPage","@id":"https:\/\/ns381463.ip-94-23-248.eu\/GroupeOne2016\/wordpress\/ozerconcept-un-magasin-qui-habille-les-femmes-en-seconde-main\/","url":"https:\/\/ns381463.ip-94-23-248.eu\/GroupeOne2016\/wordpress\/ozerconcept-un-magasin-qui-habille-les-femmes-en-seconde-main\/","name":"OzerConcept : un magasin qui habille les femmes en seconde-main - Groupe One","isPartOf":{"@id":"https:\/\/ns381463.ip-94-23-248.eu\/GroupeOne2016\/wordpress\/#website"},"datePublished":"2022-01-11T11:04:08+00:00","dateModified":"2022-01-25T11:42:39+00:00","author":{"@id":"https:\/\/ns381463.ip-94-23-248.eu\/GroupeOne2016\/wordpress\/#\/schema\/person\/1d485675d51de89080490a4a3d011af2"},"breadcrumb":{"@id":"https:\/\/ns381463.ip-94-23-248.eu\/GroupeOne2016\/wordpress\/ozerconcept-un-magasin-qui-habille-les-femmes-en-seconde-main\/#breadcrumb"},"inLanguage":"fr-FR","potentialAction":[{"@type":"ReadAction","target":["https:\/\/ns381463.ip-94-23-248.eu\/GroupeOne2016\/wordpress\/ozerconcept-un-magasin-qui-habille-les-femmes-en-seconde-main\/"]}]},{"@type":"BreadcrumbList","@id":"https:\/\/ns381463.ip-94-23-248.eu\/GroupeOne2016\/wordpress\/ozerconcept-un-magasin-qui-habille-les-femmes-en-seconde-main\/#breadcrumb","itemListElement":[{"@type":"ListItem","position":1,"name":"Accueil","item":"https:\/\/ns381463.ip-94-23-248.eu\/GroupeOne2016\/wordpress\/"},{"@type":"ListItem","position":2,"name":"OzerConcept : un magasin qui habille les femmes en seconde-main"}]},{"@type":"WebSite","@id":"https:\/\/ns381463.ip-94-23-248.eu\/GroupeOne2016\/wordpress\/#website","url":"https:\/\/ns381463.ip-94-23-248.eu\/GroupeOne2016\/wordpress\/","name":"Groupe One","description":"Groupe One est une organisation belge qui facilite la transition vers une \u00e9conomie durable. Elle est active \u00e0 Bruxelles et en Wallonie.","potentialAction":[{"@type":"SearchAction","target":{"@type":"EntryPoint","urlTemplate":"https:\/\/ns381463.ip-94-23-248.eu\/GroupeOne2016\/wordpress\/?s={search_term_string}"},"query-input":"required name=search_term_string"}],"inLanguage":"fr-FR"},{"@type":"Person","@id":"https:\/\/ns381463.ip-94-23-248.eu\/GroupeOne2016\/wordpress\/#\/schema\/person\/1d485675d51de89080490a4a3d011af2","name":"Magali Ronsmans","image":{"@type":"ImageObject","inLanguage":"fr-FR","@id":"https:\/\/ns381463.ip-94-23-248.eu\/GroupeOne2016\/wordpress\/#\/schema\/person\/image\/","url":"https:\/\/secure.gravatar.com\/avatar\/60c7ceeedcfe758765fe2e9bcd7e7970?s=96&d=mm&r=g","contentUrl":"https:\/\/secure.gravatar.com\/avatar\/60c7ceeedcfe758765fe2e9bcd7e7970?s=96&d=mm&r=g","caption":"Magali Ronsmans"},"url":"https:\/\/ns381463.ip-94-23-248.eu\/GroupeOne2016\/wordpress\/author\/g1-magali\/"}]}},"_links":{"self":[{"href":"https:\/\/ns381463.ip-94-23-248.eu\/GroupeOne2016\/wordpress\/wp-json\/wp\/v2\/posts\/130800"}],"collection":[{"href":"https:\/\/ns381463.ip-94-23-248.eu\/GroupeOne2016\/wordpress\/wp-json\/wp\/v2\/posts"}],"about":[{"href":"https:\/\/ns381463.ip-94-23-248.eu\/GroupeOne2016\/wordpress\/wp-json\/wp\/v2\/types\/post"}],"author":[{"embeddable":true,"href":"https:\/\/ns381463.ip-94-23-248.eu\/GroupeOne2016\/wordpress\/wp-json\/wp\/v2\/users\/10"}],"replies":[{"embeddable":true,"href":"https:\/\/ns381463.ip-94-23-248.eu\/GroupeOne2016\/wordpress\/wp-json\/wp\/v2\/comments?post=130800"}],"version-history":[{"count":12,"href":"https:\/\/ns381463.ip-94-23-248.eu\/GroupeOne2016\/wordpress\/wp-json\/wp\/v2\/posts\/130800\/revisions"}],"predecessor-version":[{"id":130885,"href":"https:\/\/ns381463.ip-94-23-248.eu\/GroupeOne2016\/wordpress\/wp-json\/wp\/v2\/posts\/130800\/revisions\/130885"}],"wp:featuredmedia":[{"embeddable":true,"href":"https:\/\/ns381463.ip-94-23-248.eu\/GroupeOne2016\/wordpress\/wp-json\/wp\/v2\/media\/130802"}],"wp:attachment":[{"href":"https:\/\/ns381463.ip-94-23-248.eu\/GroupeOne2016\/wordpress\/wp-json\/wp\/v2\/media?parent=130800"}],"wp:term":[{"taxonomy":"category","embeddable":true,"href":"https:\/\/ns381463.ip-94-23-248.eu\/GroupeOne2016\/wordpress\/wp-json\/wp\/v2\/categories?post=130800"},{"taxonomy":"post_tag","embeddable":true,"href":"https:\/\/ns381463.ip-94-23-248.eu\/GroupeOne2016\/wordpress\/wp-json\/wp\/v2\/tags?post=130800"}],"curies":[{"name":"wp","href":"https:\/\/api.w.org\/{rel}","templated":true}]}}