{"id":130027,"date":"2021-06-10T09:58:04","date_gmt":"2021-06-10T07:58:04","guid":{"rendered":"https:\/\/ns381463.ip-94-23-248.eu\/GroupeOne2016\/wordpress\/?p=130027"},"modified":"2022-01-25T15:06:49","modified_gmt":"2022-01-25T14:06:49","slug":"une-meme-voix-pour-le-climat","status":"publish","type":"post","link":"https:\/\/ns381463.ip-94-23-248.eu\/GroupeOne2016\/wordpress\/une-meme-voix-pour-le-climat\/","title":{"rendered":"Une m\u00eame voix pour le climat"},"content":{"rendered":"<p>D\u00e9but mai, Groupe One s\u2019envolait au S\u00e9n\u00e9gal, direction Toubakouta pour le projet \u00ab\u00a0Une m\u00eame voix pour le climat\u00a0\u00bb, un projet men\u00e9 en partenariat avec l\u2019ASBL <a href=\"https:\/\/climatevoices.eu\/\">Climate Voices<\/a> (Bruxelles) et <a href=\"http:\/\/www.nebeday.org\/\">Nebeday<\/a> (S\u00e9n\u00e9gal) financ\u00e9 par <a href=\"https:\/\/wbi.be\/\">Wallonie Bruxelles International<\/a> (WBI). Marion nous raconte sa mission sur place.<\/p>\n<p><strong>Avant de nous raconter tes missions au S\u00e9n\u00e9gal, peux-tu nous expliquer en quoi consiste le projet \u00ab Une m\u00eame voix pour le climat \u00bb ?<\/strong><\/p>\n<p>Ce projet a pour objectif de favoriser la conscientisation et la participation citoyenne des jeunes \u00e0 la lutte solidaire contre les changements climatiques et \u00e0 la mise en \u0153uvre des Objectifs du D\u00e9veloppement Durable, \u00e0 travers l\u2019enjeu de la d\u00e9forestation. La r\u00e9alisation de cet objectif se base sur trois volets principaux : la sensibilisation en Belgique et au S\u00e9n\u00e9gal, la conception d\u2019un reportage \u00e9crit et d&#8217;un documentaire sur la d\u00e9forestation au S\u00e9n\u00e9gal et la mise en projet des jeunes par un programme de replantation d\u2019arbres. Concr\u00e8tement, Nebeday sensibilise les jeunes s\u00e9n\u00e9galais \u00e0 l\u2019importance des arbres. Ils ont aussi un programme de replantation pour lutter contre la d\u00e9forestation. Climate Voices s\u2019occupe davantage du reportage sur la d\u00e9forestation et Groupe One, de la sensibilisation. Le plus de ce projet est le partage de comp\u00e9tences entre nos deux pays. Le mois dernier, j\u2019ai eu l\u2019immense chance de me rendre au S\u00e9n\u00e9gal et en septembre, un animateur de Nebeday viendra \u00e0 Bruxelles pour t\u00e9moigner dans nos \u00e9coles.<\/p>\n<p><strong>Comment s\u2019est pass\u00e9 le s\u00e9jour au S\u00e9n\u00e9gal\u00a0? <\/strong><\/p>\n<p>C\u2019\u00e9tait une exp\u00e9rience tr\u00e8s intense\u00a0! Sur place, nous avions deux missions : le reportage et la sensibilisation.<\/p>\n<p><img decoding=\"async\" loading=\"lazy\" class=\" wp-image-130035 alignleft\" src=\"https:\/\/ns381463.ip-94-23-248.eu\/GroupeOne2016\/wordpress\/wp-content\/uploads\/2021\/06\/WhatsApp-Image-2021-06-10-at-09.49.43-300x225.jpeg\" alt=\"\" width=\"348\" height=\"261\" \/>Apr\u00e8s quelques p\u00e9rip\u00e9ties, nous sommes enfin arriv\u00e9s \u00e0 Toubakouta, o\u00f9 se trouve l\u2019association Nebeday. Les animateurs avaient organis\u00e9 un camp nature avec une vingtaine de jeunes. Une immersion totale dans leur environnement pendant 4 jours\u00a0! Ils terminaient leur camp lorsque nous sommes arriv\u00e9s. Nous avons tout de m\u00eame assist\u00e9 \u00e0 la replantation d\u2019une dizaine d\u2019arbres. Les enfants avaient les \u00e9toiles dans les yeux. Ils ne manquaient d\u2019\u00e9loges par rapport \u00e0 ce qu\u2019ils venaient de vivre.<\/p>\n<p>Le matin suivant la cl\u00f4ture du camp nature, nous avons roul\u00e9 pendant plus de 6 heures vers Goumbayel, un village \u00e0 l&#8217;or\u00e9e d&#8217;une for\u00eat situ\u00e9e dans le Boundou. Pendant quatre jours, nous avons arpent\u00e9 la for\u00eat, constatant les d\u00e9g\u00e2ts d\u2019une coupe d\u2019arbres abusive. Christophe Schoune, journaliste pour le magazine<a href=\"https:\/\/www.imagine-magazine.com\/\"> Imagine Demain le Monde<\/a> et membre de l\u2019asbl Climate Voices, a r\u00e9alis\u00e9 une dizaine d\u2019interview sur le terrain pour rendre compte de la situation. L\u2019occasion pour moi d\u2019\u00e9couter, d\u2019apprendre, d\u2019\u00eatre en lien avec des personnes qui vivent les impacts du changement climatique. Un fabuleux apprentissage pour l\u2019animatrice que je suis chez Groupe One !<\/p>\n<p>Apr\u00e8s ces quatre jours, nous sommes retourn\u00e9s \u00e0 Toubakouta pour la partie sensibilisation.<\/p>\n<p>&nbsp;<\/p>\n<p>&nbsp;<\/p>\n<p><strong>En quoi consistait cette deuxi\u00e8me partie ? <\/strong> <img decoding=\"async\" loading=\"lazy\" class=\"size-medium wp-image-130031 alignright\" src=\"https:\/\/ns381463.ip-94-23-248.eu\/GroupeOne2016\/wordpress\/wp-content\/uploads\/2021\/06\/WhatsApp-Image-2021-06-10-at-09.39.30-300x225.jpeg\" alt=\"\" width=\"300\" height=\"225\" \/><\/p>\n<p>Tout d\u2019abord, sur base de la Fresque du Climat, un jeu sur les causes et cons\u00e9quences du changement climatique, j\u2019ai adapt\u00e9 les contenus \u00e0 la r\u00e9alit\u00e9 du S\u00e9n\u00e9gal pour pouvoir former les animateurs de Nebeday \u00e0 ce nouvel outil. Le lendemain, nous nous sommes rendus dans une \u00e9cole situ\u00e9e \u00e0 Djilor pour pouvoir tester l\u2019outil, pour que les animateurs puissent se l\u2019approprier et pour que je puisse leur faire un retour constructif sur leur animation pour qu\u2019ils puissent le dispenser seuls. Les \u00e9l\u00e8ves \u00e9taient ravis et l\u2019animation a recueilli un enthousiasme certain !<\/p>\n<p>&nbsp;<\/p>\n<p><strong>Quelles sont les prochaines \u00e9tapes\u00a0? <\/strong><\/p>\n<p>Le reportage \u00e9crit sortira tr\u00e8s prochainement dans le magazine Imagine Demain le Monde. Ensuite, le documentaire est en cours de montage et sera disponible gratuitement sur la plateforme <a href=\"http:\/\/www.climatevoices.be\">www.climatevoices.be<\/a>. Au S\u00e9n\u00e9gal, Nebeday continue ses actions de replantation d\u2019arbres. En ce qui concerne Groupe One, nous allons pouvoir inclure le documentaire dans nos animations pour illustrer concr\u00e8tement nos propos et nous nous faisons une joie d\u2019accueillir l\u2019animateur de Nebeday en septembre pendant une semaine. Nous allons animer ensemble dans les classes belges.<\/p>\n<p>&nbsp;<\/p>\n<p><strong>En trois mots, qu\u2019est-ce que cette exp\u00e9rience t\u2019a apport\u00e9e\u00a0? <\/strong><\/p>\n<p>Trois mots seraient trop courts pour exprimer ce que j\u2019ai ressenti lors de cette exp\u00e9rience. Le partage, sans aucun doute. J\u2019ai aussi r\u00e9alis\u00e9 combien nos r\u00e9alit\u00e9s \u00e9taient diff\u00e9rentes et \u00e0 quel point les sujets li\u00e9s au d\u00e9veloppement durable ne pouvaient et ne devaient pas \u00eatre abord\u00e9s de la m\u00eame mani\u00e8re ici en Belgique ou l\u00e0-bas au S\u00e9n\u00e9gal. Je rajouterai humilit\u00e9 aussi, face \u00e0 leur r\u00e9silience, leur courage et leur t\u00e9nacit\u00e9. \u00a0 <img decoding=\"async\" loading=\"lazy\" class=\"size-medium wp-image-130034 aligncenter\" src=\"https:\/\/ns381463.ip-94-23-248.eu\/GroupeOne2016\/wordpress\/wp-content\/uploads\/2021\/06\/WhatsApp-Image-2021-06-10-at-09.50.22-300x229.jpeg\" alt=\"\" width=\"300\" height=\"229\" \/><\/p>\n<p style=\"text-align: center;\"><span style=\"font-size: 12px;\">L&#8217;\u00e9quipe &#8220;une m\u00eame voix pour le climat&#8221; : Jean (Nebeday), Marion (Groupe One et Climate Voices), Christophe (Climate Voices et Imagine Demain le Monde), Bald\u00e9 (Vid\u00e9aste)<\/span><\/p>\n<p>&nbsp;<\/p>\n","protected":false},"excerpt":{"rendered":"<p>D\u00e9but mai, Groupe One s\u2019envolait au S\u00e9n\u00e9gal, direction Toubakouta pour le projet \u00ab\u00a0Une m\u00eame voix pour le climat\u00a0\u00bb, un projet men\u00e9 en partenariat avec l\u2019ASBL Climate Voices (Bruxelles) et Nebeday [&hellip;]<\/p>\n","protected":false},"author":10,"featured_media":130034,"comment_status":"open","ping_status":"open","sticky":false,"template":"","format":"standard","meta":{"_et_pb_use_builder":"off","_et_pb_old_content":"","_et_gb_content_width":""},"categories":[87],"tags":[],"yoast_head":"<!-- This site is optimized with the Yoast SEO plugin v19.13 - https:\/\/yoast.com\/wordpress\/plugins\/seo\/ -->\n<title>Une m\u00eame voix pour le climat - Groupe One<\/title>\n<meta name=\"robots\" content=\"index, follow, max-snippet:-1, max-image-preview:large, max-video-preview:-1\" \/>\n<link rel=\"canonical\" href=\"https:\/\/ns381463.ip-94-23-248.eu\/GroupeOne2016\/wordpress\/une-meme-voix-pour-le-climat\/\" \/>\n<meta property=\"og:locale\" content=\"fr_FR\" \/>\n<meta property=\"og:type\" content=\"article\" \/>\n<meta property=\"og:title\" content=\"Une m\u00eame voix pour le climat - Groupe One\" \/>\n<meta property=\"og:description\" content=\"D\u00e9but mai, Groupe One s\u2019envolait au S\u00e9n\u00e9gal, direction Toubakouta pour le projet \u00ab\u00a0Une m\u00eame voix pour le climat\u00a0\u00bb, un projet men\u00e9 en partenariat avec l\u2019ASBL Climate Voices (Bruxelles) et Nebeday [&hellip;]\" \/>\n<meta property=\"og:url\" content=\"https:\/\/ns381463.ip-94-23-248.eu\/GroupeOne2016\/wordpress\/une-meme-voix-pour-le-climat\/\" \/>\n<meta property=\"og:site_name\" content=\"Groupe One\" \/>\n<meta property=\"article:published_time\" content=\"2021-06-10T07:58:04+00:00\" \/>\n<meta property=\"article:modified_time\" content=\"2022-01-25T14:06:49+00:00\" \/>\n<meta property=\"og:image\" content=\"https:\/\/ns381463.ip-94-23-248.eu\/GroupeOne2016\/wordpress\/wp-content\/uploads\/2021\/06\/WhatsApp-Image-2021-06-10-at-09.50.22.jpeg\" \/>\n\t<meta property=\"og:image:width\" content=\"1920\" \/>\n\t<meta property=\"og:image:height\" content=\"1468\" \/>\n\t<meta property=\"og:image:type\" content=\"image\/jpeg\" \/>\n<meta name=\"author\" content=\"Magali Ronsmans\" \/>\n<meta name=\"twitter:card\" content=\"summary_large_image\" \/>\n<meta name=\"twitter:label1\" content=\"\u00c9crit par\" \/>\n\t<meta name=\"twitter:data1\" content=\"Magali Ronsmans\" \/>\n\t<meta name=\"twitter:label2\" content=\"Dur\u00e9e de lecture estim\u00e9e\" \/>\n\t<meta name=\"twitter:data2\" content=\"4 minutes\" \/>\n<script type=\"application\/ld+json\" class=\"yoast-schema-graph\">{\"@context\":\"https:\/\/schema.org\",\"@graph\":[{\"@type\":\"WebPage\",\"@id\":\"https:\/\/ns381463.ip-94-23-248.eu\/GroupeOne2016\/wordpress\/une-meme-voix-pour-le-climat\/\",\"url\":\"https:\/\/ns381463.ip-94-23-248.eu\/GroupeOne2016\/wordpress\/une-meme-voix-pour-le-climat\/\",\"name\":\"Une m\u00eame voix pour le climat - Groupe One\",\"isPartOf\":{\"@id\":\"https:\/\/ns381463.ip-94-23-248.eu\/GroupeOne2016\/wordpress\/#website\"},\"datePublished\":\"2021-06-10T07:58:04+00:00\",\"dateModified\":\"2022-01-25T14:06:49+00:00\",\"author\":{\"@id\":\"https:\/\/ns381463.ip-94-23-248.eu\/GroupeOne2016\/wordpress\/#\/schema\/person\/1d485675d51de89080490a4a3d011af2\"},\"breadcrumb\":{\"@id\":\"https:\/\/ns381463.ip-94-23-248.eu\/GroupeOne2016\/wordpress\/une-meme-voix-pour-le-climat\/#breadcrumb\"},\"inLanguage\":\"fr-FR\",\"potentialAction\":[{\"@type\":\"ReadAction\",\"target\":[\"https:\/\/ns381463.ip-94-23-248.eu\/GroupeOne2016\/wordpress\/une-meme-voix-pour-le-climat\/\"]}]},{\"@type\":\"BreadcrumbList\",\"@id\":\"https:\/\/ns381463.ip-94-23-248.eu\/GroupeOne2016\/wordpress\/une-meme-voix-pour-le-climat\/#breadcrumb\",\"itemListElement\":[{\"@type\":\"ListItem\",\"position\":1,\"name\":\"Accueil\",\"item\":\"https:\/\/ns381463.ip-94-23-248.eu\/GroupeOne2016\/wordpress\/\"},{\"@type\":\"ListItem\",\"position\":2,\"name\":\"Une m\u00eame voix pour le climat\"}]},{\"@type\":\"WebSite\",\"@id\":\"https:\/\/ns381463.ip-94-23-248.eu\/GroupeOne2016\/wordpress\/#website\",\"url\":\"https:\/\/ns381463.ip-94-23-248.eu\/GroupeOne2016\/wordpress\/\",\"name\":\"Groupe One\",\"description\":\"Groupe One est une organisation belge qui facilite la transition vers une \u00e9conomie durable. Elle est active \u00e0 Bruxelles et en Wallonie.\",\"potentialAction\":[{\"@type\":\"SearchAction\",\"target\":{\"@type\":\"EntryPoint\",\"urlTemplate\":\"https:\/\/ns381463.ip-94-23-248.eu\/GroupeOne2016\/wordpress\/?s={search_term_string}\"},\"query-input\":\"required name=search_term_string\"}],\"inLanguage\":\"fr-FR\"},{\"@type\":\"Person\",\"@id\":\"https:\/\/ns381463.ip-94-23-248.eu\/GroupeOne2016\/wordpress\/#\/schema\/person\/1d485675d51de89080490a4a3d011af2\",\"name\":\"Magali Ronsmans\",\"image\":{\"@type\":\"ImageObject\",\"inLanguage\":\"fr-FR\",\"@id\":\"https:\/\/ns381463.ip-94-23-248.eu\/GroupeOne2016\/wordpress\/#\/schema\/person\/image\/\",\"url\":\"https:\/\/secure.gravatar.com\/avatar\/60c7ceeedcfe758765fe2e9bcd7e7970?s=96&d=mm&r=g\",\"contentUrl\":\"https:\/\/secure.gravatar.com\/avatar\/60c7ceeedcfe758765fe2e9bcd7e7970?s=96&d=mm&r=g\",\"caption\":\"Magali Ronsmans\"},\"url\":\"https:\/\/ns381463.ip-94-23-248.eu\/GroupeOne2016\/wordpress\/author\/g1-magali\/\"}]}<\/script>\n<!-- \/ Yoast SEO plugin. -->","yoast_head_json":{"title":"Une m\u00eame voix pour le climat - Groupe One","robots":{"index":"index","follow":"follow","max-snippet":"max-snippet:-1","max-image-preview":"max-image-preview:large","max-video-preview":"max-video-preview:-1"},"canonical":"https:\/\/ns381463.ip-94-23-248.eu\/GroupeOne2016\/wordpress\/une-meme-voix-pour-le-climat\/","og_locale":"fr_FR","og_type":"article","og_title":"Une m\u00eame voix pour le climat - Groupe One","og_description":"D\u00e9but mai, Groupe One s\u2019envolait au S\u00e9n\u00e9gal, direction Toubakouta pour le projet \u00ab\u00a0Une m\u00eame voix pour le climat\u00a0\u00bb, un projet men\u00e9 en partenariat avec l\u2019ASBL Climate Voices (Bruxelles) et Nebeday [&hellip;]","og_url":"https:\/\/ns381463.ip-94-23-248.eu\/GroupeOne2016\/wordpress\/une-meme-voix-pour-le-climat\/","og_site_name":"Groupe One","article_published_time":"2021-06-10T07:58:04+00:00","article_modified_time":"2022-01-25T14:06:49+00:00","og_image":[{"width":1920,"height":1468,"url":"https:\/\/ns381463.ip-94-23-248.eu\/GroupeOne2016\/wordpress\/wp-content\/uploads\/2021\/06\/WhatsApp-Image-2021-06-10-at-09.50.22.jpeg","type":"image\/jpeg"}],"author":"Magali Ronsmans","twitter_card":"summary_large_image","twitter_misc":{"\u00c9crit par":"Magali Ronsmans","Dur\u00e9e de lecture estim\u00e9e":"4 minutes"},"schema":{"@context":"https:\/\/schema.org","@graph":[{"@type":"WebPage","@id":"https:\/\/ns381463.ip-94-23-248.eu\/GroupeOne2016\/wordpress\/une-meme-voix-pour-le-climat\/","url":"https:\/\/ns381463.ip-94-23-248.eu\/GroupeOne2016\/wordpress\/une-meme-voix-pour-le-climat\/","name":"Une m\u00eame voix pour le climat - Groupe One","isPartOf":{"@id":"https:\/\/ns381463.ip-94-23-248.eu\/GroupeOne2016\/wordpress\/#website"},"datePublished":"2021-06-10T07:58:04+00:00","dateModified":"2022-01-25T14:06:49+00:00","author":{"@id":"https:\/\/ns381463.ip-94-23-248.eu\/GroupeOne2016\/wordpress\/#\/schema\/person\/1d485675d51de89080490a4a3d011af2"},"breadcrumb":{"@id":"https:\/\/ns381463.ip-94-23-248.eu\/GroupeOne2016\/wordpress\/une-meme-voix-pour-le-climat\/#breadcrumb"},"inLanguage":"fr-FR","potentialAction":[{"@type":"ReadAction","target":["https:\/\/ns381463.ip-94-23-248.eu\/GroupeOne2016\/wordpress\/une-meme-voix-pour-le-climat\/"]}]},{"@type":"BreadcrumbList","@id":"https:\/\/ns381463.ip-94-23-248.eu\/GroupeOne2016\/wordpress\/une-meme-voix-pour-le-climat\/#breadcrumb","itemListElement":[{"@type":"ListItem","position":1,"name":"Accueil","item":"https:\/\/ns381463.ip-94-23-248.eu\/GroupeOne2016\/wordpress\/"},{"@type":"ListItem","position":2,"name":"Une m\u00eame voix pour le climat"}]},{"@type":"WebSite","@id":"https:\/\/ns381463.ip-94-23-248.eu\/GroupeOne2016\/wordpress\/#website","url":"https:\/\/ns381463.ip-94-23-248.eu\/GroupeOne2016\/wordpress\/","name":"Groupe One","description":"Groupe One est une organisation belge qui facilite la transition vers une \u00e9conomie durable. Elle est active \u00e0 Bruxelles et en Wallonie.","potentialAction":[{"@type":"SearchAction","target":{"@type":"EntryPoint","urlTemplate":"https:\/\/ns381463.ip-94-23-248.eu\/GroupeOne2016\/wordpress\/?s={search_term_string}"},"query-input":"required name=search_term_string"}],"inLanguage":"fr-FR"},{"@type":"Person","@id":"https:\/\/ns381463.ip-94-23-248.eu\/GroupeOne2016\/wordpress\/#\/schema\/person\/1d485675d51de89080490a4a3d011af2","name":"Magali Ronsmans","image":{"@type":"ImageObject","inLanguage":"fr-FR","@id":"https:\/\/ns381463.ip-94-23-248.eu\/GroupeOne2016\/wordpress\/#\/schema\/person\/image\/","url":"https:\/\/secure.gravatar.com\/avatar\/60c7ceeedcfe758765fe2e9bcd7e7970?s=96&d=mm&r=g","contentUrl":"https:\/\/secure.gravatar.com\/avatar\/60c7ceeedcfe758765fe2e9bcd7e7970?s=96&d=mm&r=g","caption":"Magali Ronsmans"},"url":"https:\/\/ns381463.ip-94-23-248.eu\/GroupeOne2016\/wordpress\/author\/g1-magali\/"}]}},"_links":{"self":[{"href":"https:\/\/ns381463.ip-94-23-248.eu\/GroupeOne2016\/wordpress\/wp-json\/wp\/v2\/posts\/130027"}],"collection":[{"href":"https:\/\/ns381463.ip-94-23-248.eu\/GroupeOne2016\/wordpress\/wp-json\/wp\/v2\/posts"}],"about":[{"href":"https:\/\/ns381463.ip-94-23-248.eu\/GroupeOne2016\/wordpress\/wp-json\/wp\/v2\/types\/post"}],"author":[{"embeddable":true,"href":"https:\/\/ns381463.ip-94-23-248.eu\/GroupeOne2016\/wordpress\/wp-json\/wp\/v2\/users\/10"}],"replies":[{"embeddable":true,"href":"https:\/\/ns381463.ip-94-23-248.eu\/GroupeOne2016\/wordpress\/wp-json\/wp\/v2\/comments?post=130027"}],"version-history":[{"count":10,"href":"https:\/\/ns381463.ip-94-23-248.eu\/GroupeOne2016\/wordpress\/wp-json\/wp\/v2\/posts\/130027\/revisions"}],"predecessor-version":[{"id":130892,"href":"https:\/\/ns381463.ip-94-23-248.eu\/GroupeOne2016\/wordpress\/wp-json\/wp\/v2\/posts\/130027\/revisions\/130892"}],"wp:featuredmedia":[{"embeddable":true,"href":"https:\/\/ns381463.ip-94-23-248.eu\/GroupeOne2016\/wordpress\/wp-json\/wp\/v2\/media\/130034"}],"wp:attachment":[{"href":"https:\/\/ns381463.ip-94-23-248.eu\/GroupeOne2016\/wordpress\/wp-json\/wp\/v2\/media?parent=130027"}],"wp:term":[{"taxonomy":"category","embeddable":true,"href":"https:\/\/ns381463.ip-94-23-248.eu\/GroupeOne2016\/wordpress\/wp-json\/wp\/v2\/categories?post=130027"},{"taxonomy":"post_tag","embeddable":true,"href":"https:\/\/ns381463.ip-94-23-248.eu\/GroupeOne2016\/wordpress\/wp-json\/wp\/v2\/tags?post=130027"}],"curies":[{"name":"wp","href":"https:\/\/api.w.org\/{rel}","templated":true}]}}