{"id":129886,"date":"2021-04-19T19:27:15","date_gmt":"2021-04-19T17:27:15","guid":{"rendered":"https:\/\/ns381463.ip-94-23-248.eu\/GroupeOne2016\/wordpress\/?p=129886"},"modified":"2023-01-06T10:30:41","modified_gmt":"2023-01-06T09:30:41","slug":"mymarket-brussels-soutenir-leconomie-locale-et-valoriser-les-commerces-de-quartier-a-bruxelles","status":"publish","type":"post","link":"https:\/\/ns381463.ip-94-23-248.eu\/GroupeOne2016\/wordpress\/mymarket-brussels-soutenir-leconomie-locale-et-valoriser-les-commerces-de-quartier-a-bruxelles\/","title":{"rendered":"Mymarket.brussels\u00a0: Soutenir l\u2019\u00e9conomie locale et valoriser les commerces de quartier \u00e0 Bruxelles"},"content":{"rendered":"<p><strong>Vous l\u2019aurez sans doute remarqu\u00e9, le projet de vitrine solidaire #MaZone a pris de l\u2019ampleur et est devenu mymarket.brussels. Avec son nouveau slogan \u00ab\u00a0#shoplocal #shopbrussels\u00a0\u00bb, \u00a0le projet mymarket.brussels a pour but de valoriser les commerces locaux bruxellois et de soutenir l\u2019\u00e9conomie locale en mutualisant les services.<\/strong><\/p>\n<p>&nbsp;<\/p>\n<p><img decoding=\"async\" loading=\"lazy\" class=\"size-medium wp-image-129888 alignleft\" src=\"https:\/\/ns381463.ip-94-23-248.eu\/GroupeOne2016\/wordpress\/wp-content\/uploads\/2021\/04\/DSCF4516-200x300.jpg\" alt=\"\" width=\"200\" height=\"300\" \/>Revenons d\u2019abord un peu en arri\u00e8re\u2026.Tout a commenc\u00e9 en 2020 avec le constat de Groupe One sur les cons\u00e9quences de la crise du coronavirus sur les commerces bruxellois. Frapp\u00e9s de plein fouet, les commerces non-essentiels furent contraints de fermer leurs portes, ce qui les obligea \u00e0 repenser leur fonctionnement. Chaque commerce a d\u00fb repenser sa pr\u00e9sence en ligne, digitaliser ses ventes et offrir une livraison \u00e0 sa client\u00e8le. C\u2019est pourquoi Groupe One a rapidement lanc\u00e9 #MaZone, vitrine solidaire des commerces locaux, qui fut fusionn\u00e9e 8 mois plus tard avec la plateforme bruxelloise mymarket.brussels.<\/p>\n<p>Mymarket.brussels c\u2019est aujourd\u2019hui bien plus qu\u2019une marketplace, c\u2019est un projet qui englobe 3 volets\u00a0: le volet <strong>commercial<\/strong> avec des accompagnements individuels pour booster sa visibilit\u00e9 en ligne, le volet <strong>digital<\/strong> avec la plateforme d\u2019e-commerce, et le volet <strong>logistique<\/strong> avec un dispositif de livraison \u00e0 v\u00e9lo \u00e9cologique. Ces services sont compl\u00e9mentaires, mais chaque commerce peut choisir d\u2019acc\u00e9der \u00e0 celui qui lui convient. Par exemple, un commerce peut se retrouver sur la plateforme d\u2019e-commerce et proposer la livraison \u00e0 v\u00e9lo sans sp\u00e9cifiquement passer par l\u2019accompagnement individuel ou inversement.<\/p>\n<p>&nbsp;<\/p>\n<p>&nbsp;<\/p>\n<p>&nbsp;<\/p>\n<p><strong>Une alternative aux grandes plateformes d\u2019e-commerce<\/strong><\/p>\n<p><img decoding=\"async\" loading=\"lazy\" class=\" wp-image-129889 alignright\" src=\"https:\/\/ns381463.ip-94-23-248.eu\/GroupeOne2016\/wordpress\/wp-content\/uploads\/2021\/04\/mymarket-300x138.png\" alt=\"\" width=\"333\" height=\"153\" \/>Sur <a href=\"https:\/\/mymarket.brussels\/\">Mymarket.brussels<\/a>, on retrouve d\u00e9j\u00e0 229 commerces qui proposent tous types de produits, de l\u2019alimentation aux cosm\u00e9tiques en passant par les jeux et jouets ou par l\u2019\u00e9lectronique. Cette plateforme de vente en ligne est actuellement gratuite pour les commerces, artistes et artisan\u00b7e\u00b7s ind\u00e9pendants qui sont situ\u00e9s sur la r\u00e9gion de Bruxelles-Capitale et qui n\u2019ont pas plus de 7 points de vente. L\u2019objectif est de valoriser les commerces locaux ind\u00e9pendants et de concurrencer le g\u00e9ant Amazon \u00e0 Bruxelles. Pour d\u00e9couvrir la plateforme et faire ses achats c\u2019est ici : <a href=\"https:\/\/mymarket.brussels\/\">https:\/\/mymarket.brussels\/<\/a><\/p>\n<p><strong>Un accompagnement digital gratuit <\/strong><\/p>\n<p>Pour soutenir la dynamique de digitalisation des commerces de proximit\u00e9, mymarket.brussels propose un accompagnement individuel gratuit aux commerces qui souhaitent am\u00e9liorer leur visibilit\u00e9 en ligne ainsi que leurs comp\u00e9tences digitales. En commen\u00e7ant par un diagnostic g\u00e9n\u00e9ral jusqu\u2019\u00e0 la mise en place d\u2019une strat\u00e9gie digitale, ce coaching donnera aux commerces des comp\u00e9tences n\u00e9cessaires pour \u00eatre plus r\u00e9silient face aux crises. Plus d\u2019infos sur\u00a0l\u2019accompagnement : <a href=\"https:\/\/ns381463.ip-94-23-248.eu\/GroupeOne2016\/wordpress\/mymarket-brussels\/commerces\/\">https:\/\/ns381463.ip-94-23-248.eu\/GroupeOne2016\/wordpress\/mymarket-brussels\/commerces\/<\/a> ou via <a href=\"mailto:coaching@mymarket.be\">coaching@mymarket.be<\/a>.<\/p>\n<p><strong>Delivery, le service de livraisons \u00e0 v\u00e9lo \u00e9cologique <\/strong><\/p>\n<p>Le projet mymarket a \u00e9galement mis en place un service de livraison \u00e9thique et durable en partenariat avec Urbike et ses v\u00e9los-cargos par le biais de <a href=\"https:\/\/delivery.mymarket.brussels\/\">Delivery<\/a>. <a href=\"https:\/\/delivery.mymarket.brussels\/\">Delivery.mymarket.brussels<\/a> propose des livraisons \u00e0 v\u00e9lo sur l\u2019ensemble des 19 communes bruxelloise et est r\u00e9serv\u00e9e aux commerces locaux. Le principe\u00a0? Le commerce encode sa livraison pour qu\u2019un\u00b7e coursier\u00b7e vient chercher le colis directement au magasin et se charge de le livrer \u00e0 v\u00e9lo jusqu\u2019au destinataire le jour-m\u00eame. Pratique et local, c\u2019est \u00e9galement abordable, \u00e9cologique et \u00e9thique\u00a0!<\/p>\n<p><strong>Pour plus d\u2019infos sur le projet mymarket, rendez-vous sur\u00a0: <a href=\"https:\/\/ns381463.ip-94-23-248.eu\/GroupeOne2016\/wordpress\/mymarket-brussels\">https:\/\/ns381463.ip-94-23-248.eu\/GroupeOne2016\/wordpress\/mymarket-brussels<\/a> ou contactez-nous via <a href=\"mailto:mymarket@groupeone.be\">mymarket@groupeone.be<\/a>.<\/strong><\/p>\n<p>&nbsp;<\/p>\n","protected":false},"excerpt":{"rendered":"<p>Vous l\u2019aurez sans doute remarqu\u00e9, le projet de vitrine solidaire #MaZone a pris de l\u2019ampleur et est devenu mymarket.brussels. Avec son nouveau slogan \u00ab\u00a0#shoplocal #shopbrussels\u00a0\u00bb, \u00a0le projet mymarket.brussels a pour [&hellip;]<\/p>\n","protected":false},"author":10,"featured_media":129901,"comment_status":"open","ping_status":"open","sticky":false,"template":"","format":"standard","meta":{"_et_pb_use_builder":"","_et_pb_old_content":"","_et_gb_content_width":""},"categories":[87,1],"tags":[],"yoast_head":"<!-- This site is optimized with the Yoast SEO plugin v19.13 - https:\/\/yoast.com\/wordpress\/plugins\/seo\/ -->\n<title>Mymarket.brussels\u00a0: Soutenir l\u2019\u00e9conomie locale et valoriser les commerces de quartier \u00e0 Bruxelles - Groupe One<\/title>\n<meta name=\"robots\" content=\"index, follow, max-snippet:-1, max-image-preview:large, max-video-preview:-1\" \/>\n<link rel=\"canonical\" href=\"https:\/\/ns381463.ip-94-23-248.eu\/GroupeOne2016\/wordpress\/mymarket-brussels-soutenir-leconomie-locale-et-valoriser-les-commerces-de-quartier-a-bruxelles\/\" \/>\n<meta property=\"og:locale\" content=\"fr_FR\" \/>\n<meta property=\"og:type\" content=\"article\" \/>\n<meta property=\"og:title\" content=\"Mymarket.brussels\u00a0: Soutenir l\u2019\u00e9conomie locale et valoriser les commerces de quartier \u00e0 Bruxelles - Groupe One\" \/>\n<meta property=\"og:description\" content=\"Vous l\u2019aurez sans doute remarqu\u00e9, le projet de vitrine solidaire #MaZone a pris de l\u2019ampleur et est devenu mymarket.brussels. Avec son nouveau slogan \u00ab\u00a0#shoplocal #shopbrussels\u00a0\u00bb, \u00a0le projet mymarket.brussels a pour [&hellip;]\" \/>\n<meta property=\"og:url\" content=\"https:\/\/ns381463.ip-94-23-248.eu\/GroupeOne2016\/wordpress\/mymarket-brussels-soutenir-leconomie-locale-et-valoriser-les-commerces-de-quartier-a-bruxelles\/\" \/>\n<meta property=\"og:site_name\" content=\"Groupe One\" \/>\n<meta property=\"article:published_time\" content=\"2021-04-19T17:27:15+00:00\" \/>\n<meta property=\"article:modified_time\" content=\"2023-01-06T09:30:41+00:00\" \/>\n<meta property=\"og:image\" content=\"https:\/\/ns381463.ip-94-23-248.eu\/GroupeOne2016\/wordpress\/wp-content\/uploads\/2021\/04\/blog-mymarket-brussels-groupe-one.png\" \/>\n\t<meta property=\"og:image:width\" content=\"1500\" \/>\n\t<meta property=\"og:image:height\" content=\"924\" \/>\n\t<meta property=\"og:image:type\" content=\"image\/png\" \/>\n<meta name=\"author\" content=\"Magali Ronsmans\" \/>\n<meta name=\"twitter:card\" content=\"summary_large_image\" \/>\n<meta name=\"twitter:label1\" content=\"\u00c9crit par\" \/>\n\t<meta name=\"twitter:data1\" content=\"Magali Ronsmans\" \/>\n\t<meta name=\"twitter:label2\" content=\"Dur\u00e9e de lecture estim\u00e9e\" \/>\n\t<meta name=\"twitter:data2\" content=\"3 minutes\" \/>\n<script type=\"application\/ld+json\" class=\"yoast-schema-graph\">{\"@context\":\"https:\/\/schema.org\",\"@graph\":[{\"@type\":\"WebPage\",\"@id\":\"https:\/\/ns381463.ip-94-23-248.eu\/GroupeOne2016\/wordpress\/mymarket-brussels-soutenir-leconomie-locale-et-valoriser-les-commerces-de-quartier-a-bruxelles\/\",\"url\":\"https:\/\/ns381463.ip-94-23-248.eu\/GroupeOne2016\/wordpress\/mymarket-brussels-soutenir-leconomie-locale-et-valoriser-les-commerces-de-quartier-a-bruxelles\/\",\"name\":\"Mymarket.brussels\u00a0: Soutenir l\u2019\u00e9conomie locale et valoriser les commerces de quartier \u00e0 Bruxelles - Groupe One\",\"isPartOf\":{\"@id\":\"https:\/\/ns381463.ip-94-23-248.eu\/GroupeOne2016\/wordpress\/#website\"},\"datePublished\":\"2021-04-19T17:27:15+00:00\",\"dateModified\":\"2023-01-06T09:30:41+00:00\",\"author\":{\"@id\":\"https:\/\/ns381463.ip-94-23-248.eu\/GroupeOne2016\/wordpress\/#\/schema\/person\/1d485675d51de89080490a4a3d011af2\"},\"breadcrumb\":{\"@id\":\"https:\/\/ns381463.ip-94-23-248.eu\/GroupeOne2016\/wordpress\/mymarket-brussels-soutenir-leconomie-locale-et-valoriser-les-commerces-de-quartier-a-bruxelles\/#breadcrumb\"},\"inLanguage\":\"fr-FR\",\"potentialAction\":[{\"@type\":\"ReadAction\",\"target\":[\"https:\/\/ns381463.ip-94-23-248.eu\/GroupeOne2016\/wordpress\/mymarket-brussels-soutenir-leconomie-locale-et-valoriser-les-commerces-de-quartier-a-bruxelles\/\"]}]},{\"@type\":\"BreadcrumbList\",\"@id\":\"https:\/\/ns381463.ip-94-23-248.eu\/GroupeOne2016\/wordpress\/mymarket-brussels-soutenir-leconomie-locale-et-valoriser-les-commerces-de-quartier-a-bruxelles\/#breadcrumb\",\"itemListElement\":[{\"@type\":\"ListItem\",\"position\":1,\"name\":\"Accueil\",\"item\":\"https:\/\/ns381463.ip-94-23-248.eu\/GroupeOne2016\/wordpress\/\"},{\"@type\":\"ListItem\",\"position\":2,\"name\":\"Mymarket.brussels\u00a0: Soutenir l\u2019\u00e9conomie locale et valoriser les commerces de quartier \u00e0 Bruxelles\"}]},{\"@type\":\"WebSite\",\"@id\":\"https:\/\/ns381463.ip-94-23-248.eu\/GroupeOne2016\/wordpress\/#website\",\"url\":\"https:\/\/ns381463.ip-94-23-248.eu\/GroupeOne2016\/wordpress\/\",\"name\":\"Groupe One\",\"description\":\"Groupe One est une organisation belge qui facilite la transition vers une \u00e9conomie durable. Elle est active \u00e0 Bruxelles et en Wallonie.\",\"potentialAction\":[{\"@type\":\"SearchAction\",\"target\":{\"@type\":\"EntryPoint\",\"urlTemplate\":\"https:\/\/ns381463.ip-94-23-248.eu\/GroupeOne2016\/wordpress\/?s={search_term_string}\"},\"query-input\":\"required name=search_term_string\"}],\"inLanguage\":\"fr-FR\"},{\"@type\":\"Person\",\"@id\":\"https:\/\/ns381463.ip-94-23-248.eu\/GroupeOne2016\/wordpress\/#\/schema\/person\/1d485675d51de89080490a4a3d011af2\",\"name\":\"Magali Ronsmans\",\"image\":{\"@type\":\"ImageObject\",\"inLanguage\":\"fr-FR\",\"@id\":\"https:\/\/ns381463.ip-94-23-248.eu\/GroupeOne2016\/wordpress\/#\/schema\/person\/image\/\",\"url\":\"https:\/\/secure.gravatar.com\/avatar\/60c7ceeedcfe758765fe2e9bcd7e7970?s=96&d=mm&r=g\",\"contentUrl\":\"https:\/\/secure.gravatar.com\/avatar\/60c7ceeedcfe758765fe2e9bcd7e7970?s=96&d=mm&r=g\",\"caption\":\"Magali Ronsmans\"},\"url\":\"https:\/\/ns381463.ip-94-23-248.eu\/GroupeOne2016\/wordpress\/author\/g1-magali\/\"}]}<\/script>\n<!-- \/ Yoast SEO plugin. -->","yoast_head_json":{"title":"Mymarket.brussels\u00a0: Soutenir l\u2019\u00e9conomie locale et valoriser les commerces de quartier \u00e0 Bruxelles - Groupe One","robots":{"index":"index","follow":"follow","max-snippet":"max-snippet:-1","max-image-preview":"max-image-preview:large","max-video-preview":"max-video-preview:-1"},"canonical":"https:\/\/ns381463.ip-94-23-248.eu\/GroupeOne2016\/wordpress\/mymarket-brussels-soutenir-leconomie-locale-et-valoriser-les-commerces-de-quartier-a-bruxelles\/","og_locale":"fr_FR","og_type":"article","og_title":"Mymarket.brussels\u00a0: Soutenir l\u2019\u00e9conomie locale et valoriser les commerces de quartier \u00e0 Bruxelles - Groupe One","og_description":"Vous l\u2019aurez sans doute remarqu\u00e9, le projet de vitrine solidaire #MaZone a pris de l\u2019ampleur et est devenu mymarket.brussels. Avec son nouveau slogan \u00ab\u00a0#shoplocal #shopbrussels\u00a0\u00bb, \u00a0le projet mymarket.brussels a pour [&hellip;]","og_url":"https:\/\/ns381463.ip-94-23-248.eu\/GroupeOne2016\/wordpress\/mymarket-brussels-soutenir-leconomie-locale-et-valoriser-les-commerces-de-quartier-a-bruxelles\/","og_site_name":"Groupe One","article_published_time":"2021-04-19T17:27:15+00:00","article_modified_time":"2023-01-06T09:30:41+00:00","og_image":[{"width":1500,"height":924,"url":"https:\/\/ns381463.ip-94-23-248.eu\/GroupeOne2016\/wordpress\/wp-content\/uploads\/2021\/04\/blog-mymarket-brussels-groupe-one.png","type":"image\/png"}],"author":"Magali Ronsmans","twitter_card":"summary_large_image","twitter_misc":{"\u00c9crit par":"Magali Ronsmans","Dur\u00e9e de lecture estim\u00e9e":"3 minutes"},"schema":{"@context":"https:\/\/schema.org","@graph":[{"@type":"WebPage","@id":"https:\/\/ns381463.ip-94-23-248.eu\/GroupeOne2016\/wordpress\/mymarket-brussels-soutenir-leconomie-locale-et-valoriser-les-commerces-de-quartier-a-bruxelles\/","url":"https:\/\/ns381463.ip-94-23-248.eu\/GroupeOne2016\/wordpress\/mymarket-brussels-soutenir-leconomie-locale-et-valoriser-les-commerces-de-quartier-a-bruxelles\/","name":"Mymarket.brussels\u00a0: Soutenir l\u2019\u00e9conomie locale et valoriser les commerces de quartier \u00e0 Bruxelles - Groupe One","isPartOf":{"@id":"https:\/\/ns381463.ip-94-23-248.eu\/GroupeOne2016\/wordpress\/#website"},"datePublished":"2021-04-19T17:27:15+00:00","dateModified":"2023-01-06T09:30:41+00:00","author":{"@id":"https:\/\/ns381463.ip-94-23-248.eu\/GroupeOne2016\/wordpress\/#\/schema\/person\/1d485675d51de89080490a4a3d011af2"},"breadcrumb":{"@id":"https:\/\/ns381463.ip-94-23-248.eu\/GroupeOne2016\/wordpress\/mymarket-brussels-soutenir-leconomie-locale-et-valoriser-les-commerces-de-quartier-a-bruxelles\/#breadcrumb"},"inLanguage":"fr-FR","potentialAction":[{"@type":"ReadAction","target":["https:\/\/ns381463.ip-94-23-248.eu\/GroupeOne2016\/wordpress\/mymarket-brussels-soutenir-leconomie-locale-et-valoriser-les-commerces-de-quartier-a-bruxelles\/"]}]},{"@type":"BreadcrumbList","@id":"https:\/\/ns381463.ip-94-23-248.eu\/GroupeOne2016\/wordpress\/mymarket-brussels-soutenir-leconomie-locale-et-valoriser-les-commerces-de-quartier-a-bruxelles\/#breadcrumb","itemListElement":[{"@type":"ListItem","position":1,"name":"Accueil","item":"https:\/\/ns381463.ip-94-23-248.eu\/GroupeOne2016\/wordpress\/"},{"@type":"ListItem","position":2,"name":"Mymarket.brussels\u00a0: Soutenir l\u2019\u00e9conomie locale et valoriser les commerces de quartier \u00e0 Bruxelles"}]},{"@type":"WebSite","@id":"https:\/\/ns381463.ip-94-23-248.eu\/GroupeOne2016\/wordpress\/#website","url":"https:\/\/ns381463.ip-94-23-248.eu\/GroupeOne2016\/wordpress\/","name":"Groupe One","description":"Groupe One est une organisation belge qui facilite la transition vers une \u00e9conomie durable. Elle est active \u00e0 Bruxelles et en Wallonie.","potentialAction":[{"@type":"SearchAction","target":{"@type":"EntryPoint","urlTemplate":"https:\/\/ns381463.ip-94-23-248.eu\/GroupeOne2016\/wordpress\/?s={search_term_string}"},"query-input":"required name=search_term_string"}],"inLanguage":"fr-FR"},{"@type":"Person","@id":"https:\/\/ns381463.ip-94-23-248.eu\/GroupeOne2016\/wordpress\/#\/schema\/person\/1d485675d51de89080490a4a3d011af2","name":"Magali Ronsmans","image":{"@type":"ImageObject","inLanguage":"fr-FR","@id":"https:\/\/ns381463.ip-94-23-248.eu\/GroupeOne2016\/wordpress\/#\/schema\/person\/image\/","url":"https:\/\/secure.gravatar.com\/avatar\/60c7ceeedcfe758765fe2e9bcd7e7970?s=96&d=mm&r=g","contentUrl":"https:\/\/secure.gravatar.com\/avatar\/60c7ceeedcfe758765fe2e9bcd7e7970?s=96&d=mm&r=g","caption":"Magali Ronsmans"},"url":"https:\/\/ns381463.ip-94-23-248.eu\/GroupeOne2016\/wordpress\/author\/g1-magali\/"}]}},"_links":{"self":[{"href":"https:\/\/ns381463.ip-94-23-248.eu\/GroupeOne2016\/wordpress\/wp-json\/wp\/v2\/posts\/129886"}],"collection":[{"href":"https:\/\/ns381463.ip-94-23-248.eu\/GroupeOne2016\/wordpress\/wp-json\/wp\/v2\/posts"}],"about":[{"href":"https:\/\/ns381463.ip-94-23-248.eu\/GroupeOne2016\/wordpress\/wp-json\/wp\/v2\/types\/post"}],"author":[{"embeddable":true,"href":"https:\/\/ns381463.ip-94-23-248.eu\/GroupeOne2016\/wordpress\/wp-json\/wp\/v2\/users\/10"}],"replies":[{"embeddable":true,"href":"https:\/\/ns381463.ip-94-23-248.eu\/GroupeOne2016\/wordpress\/wp-json\/wp\/v2\/comments?post=129886"}],"version-history":[{"count":10,"href":"https:\/\/ns381463.ip-94-23-248.eu\/GroupeOne2016\/wordpress\/wp-json\/wp\/v2\/posts\/129886\/revisions"}],"predecessor-version":[{"id":129905,"href":"https:\/\/ns381463.ip-94-23-248.eu\/GroupeOne2016\/wordpress\/wp-json\/wp\/v2\/posts\/129886\/revisions\/129905"}],"wp:featuredmedia":[{"embeddable":true,"href":"https:\/\/ns381463.ip-94-23-248.eu\/GroupeOne2016\/wordpress\/wp-json\/wp\/v2\/media\/129901"}],"wp:attachment":[{"href":"https:\/\/ns381463.ip-94-23-248.eu\/GroupeOne2016\/wordpress\/wp-json\/wp\/v2\/media?parent=129886"}],"wp:term":[{"taxonomy":"category","embeddable":true,"href":"https:\/\/ns381463.ip-94-23-248.eu\/GroupeOne2016\/wordpress\/wp-json\/wp\/v2\/categories?post=129886"},{"taxonomy":"post_tag","embeddable":true,"href":"https:\/\/ns381463.ip-94-23-248.eu\/GroupeOne2016\/wordpress\/wp-json\/wp\/v2\/tags?post=129886"}],"curies":[{"name":"wp","href":"https:\/\/api.w.org\/{rel}","templated":true}]}}