{"id":129604,"date":"2021-03-24T15:30:32","date_gmt":"2021-03-24T14:30:32","guid":{"rendered":"https:\/\/ns381463.ip-94-23-248.eu\/GroupeOne2016\/wordpress\/?p=129604"},"modified":"2023-01-06T10:28:08","modified_gmt":"2023-01-06T09:28:08","slug":"sport-circular-lappel-a-projet-est-lance","status":"publish","type":"post","link":"https:\/\/ns381463.ip-94-23-248.eu\/GroupeOne2016\/wordpress\/sport-circular-lappel-a-projet-est-lance\/","title":{"rendered":"Sport Circular : l&#8217;appel \u00e0 projet est lanc\u00e9"},"content":{"rendered":"<h2><strong>Economie circulaire dans le secteur sportif\u00a0: l\u2019appel \u00e0 projets Sport Circular est lanc\u00e9\u00a0!<\/strong><\/h2>\n<p>&nbsp;<\/p>\n<div style=\"width: 768px;\" class=\"wp-video\"><!--[if lt IE 9]><script>document.createElement('video');<\/script><![endif]-->\n<video class=\"wp-video-shortcode\" id=\"video-129604-1\" width=\"768\" height=\"432\" preload=\"metadata\" controls=\"controls\"><source type=\"video\/mp4\" src=\"https:\/\/ns381463.ip-94-23-248.eu\/GroupeOne2016\/wordpress\/wp-content\/uploads\/2021\/03\/BE_SPORT_WOLUWE_EDIT_light.mp4?_=1\" \/><a href=\"https:\/\/ns381463.ip-94-23-248.eu\/GroupeOne2016\/wordpress\/wp-content\/uploads\/2021\/03\/BE_SPORT_WOLUWE_EDIT_light.mp4\">https:\/\/ns381463.ip-94-23-248.eu\/GroupeOne2016\/wordpress\/wp-content\/uploads\/2021\/03\/BE_SPORT_WOLUWE_EDIT_light.mp4<\/a><\/video><\/div>\n<p>&nbsp;<\/p>\n<p>&nbsp;<\/p>\n<p><a href=\"http:\/\/www.sportcircular.be\"><strong>Sport Circular<\/strong><\/a><strong> propose un appel \u00e0 projets unique en R\u00e9gion de Bruxelles-Capitale\u00a0: un accompagnement gratuit pour les clubs et les infrastructures sportives qui souhaitent d\u00e9velopper un projet d\u2019\u00e9conomie circulaire. Assur\u00e9 par une \u00e9quipe d\u2019experts en sport et en \u00e9conomie circulaire, l\u2019accompagnement sur mesure s\u00e9lectionnera une dizaine de clubs et infrastructures sportives publiques, priv\u00e9es ou associatives. \u00c7a bouge \u00e0 en R\u00e9gion bruxelloise\u00a0! Pour introduire un projet\u00a0: rendez-vous sur <a href=\"http:\/\/www.sportcircular.be\">www.sportcircular.be<\/a><\/strong><\/p>\n<p><strong>\u00a0<\/strong><\/p>\n<p><strong><u>Trois phases pour d\u00e9ployer un projet sportif en \u00e9conomie circulaire<\/u><\/strong><\/p>\n<p>&nbsp;<\/p>\n<p><strong><img decoding=\"async\" loading=\"lazy\" class=\"size-medium wp-image-129618 alignleft\" src=\"https:\/\/ns381463.ip-94-23-248.eu\/GroupeOne2016\/wordpress\/wp-content\/uploads\/2021\/03\/seance-collective-sport-circular-1-300x225.jpg\" alt=\"\" width=\"300\" height=\"225\" \/>Sport Circular<\/strong> permet aux communes, aux clubs et centres sportifs d\u2019innover la durabilit\u00e9 de leur projet, d\u2019optimiser les ressources, et de d\u00e9gager une vision L\u2019accompagnement Sport Circular intervient donc g\u00e9n\u00e9ralement avant la concr\u00e9tisation du projet et sa mise en place. Trois phases principales se distinguent lors de l\u2019accompagnement\u00a0: un diagnostic, un atelier de co-cr\u00e9ation et un plan d\u2019action. Celles-ci sont ponctu\u00e9es de moments collectifs entre les diff\u00e9rents acteurs du projet.<\/p>\n<p>Deux types de projets sont \u00e0 distinguer \u00e0 travers l\u2019accompagnement\u00a0: des projets d\u2019<strong>infrastructure<\/strong> et des projets d\u2019<strong>\u00e9co-gestion <\/strong>de structures sportives.<\/p>\n<p>Les <strong>objectifs<\/strong> des projets d\u2019<strong>infrastructure<\/strong> sont vari\u00e9s\u00a0: r\u00e9novation d\u2019un b\u00e2timent sportif, optimisation des espaces, reconstruction. Les <strong>enjeux d\u2019\u00e9conomie circulaire<\/strong> sont \u00e9galement int\u00e9gr\u00e9s dans les accompagnements de projet dits d\u2019infrastructure, via par exemple une proposition d\u2019optimisation des co\u00fbts \u00e9nerg\u00e9tiques du projet.<\/p>\n<p>Les projets d\u2019<strong>\u00e9co-gestion <\/strong>visent quant \u00e0 eux \u00e0 sensibiliser les utilisateurs des clubs sportifs \u00e0 <strong>l\u2019\u00e9co-attitude<\/strong>. Le r\u00f4le de Sport Circular dans ce cas, est de proposer des solutions d\u2019\u00e9co-gestion concr\u00e8tes adapt\u00e9es aux besoins de chaque projet.<\/p>\n<p>&nbsp;<\/p>\n<p><strong><u>Un accompagnement sur mesure pour 10 projets bruxellois <\/u><\/strong><\/p>\n<p><img decoding=\"async\" loading=\"lazy\" class=\"size-medium wp-image-129619 alignleft\" src=\"https:\/\/ns381463.ip-94-23-248.eu\/GroupeOne2016\/wordpress\/wp-content\/uploads\/2021\/03\/seance-collective-sport-circular2-300x225.jpg\" alt=\"\" width=\"300\" height=\"225\" \/><\/p>\n<p>Le formulaire de candidature est disponible <a href=\"https:\/\/docs.google.com\/forms\/d\/e\/1FAIpQLSerQpy8pWNQPp3RhhquafJvScNTp7dRpBmxqaJdDqiXA1Ww_g\/viewform\">sur le lien suivant<\/a>. Il est ouvert jusqu\u2019au 1<sup>er<\/sup> avril \u00e0 17h. Environ 10\u00a0projets seront s\u00e9lectionn\u00e9s et pourront b\u00e9n\u00e9ficier d\u2019un accompagnement Sport Circular. L\u2019accompagnement commencera en avril 2021 pour une dur\u00e9e d\u2019environ 7 mois.<\/p>\n<p>Pour plus d\u2019informations, <a href=\"https:\/\/docs.google.com\/forms\/d\/e\/1FAIpQLSeNsviJaxw6XY8MwWJSKcUyLDZTch4ZstUuFNQY-z2ysIyIKQ\/viewform\">participez \u00e0 la s\u00e9ance d\u2019information le 16 mars<\/a><\/p>\n<p>Ce programme est coordonn\u00e9 par <u><a href=\"http:\/\/ns381463.ip-94-23-248.eu\/GroupeOne2016\/wordpress\">Groupe One asbl<\/a><\/u> et soutenu par la R\u00e9gion de Bruxelles Capitale.<\/p>\n<p>Site internet\u00a0: <a href=\"http:\/\/www.sportcircular.be\">www.sportcircular.be<\/a><\/p>\n<p>Contact :<u> <a href=\"mailto:info@sportcircular.be\">info@sportcircular.be<\/a><\/u><\/p>\n","protected":false},"excerpt":{"rendered":"<p>Economie circulaire dans le secteur sportif\u00a0: l\u2019appel \u00e0 projets Sport Circular est lanc\u00e9\u00a0! &nbsp; &nbsp; &nbsp; Sport Circular propose un appel \u00e0 projets unique en R\u00e9gion de Bruxelles-Capitale\u00a0: un accompagnement [&hellip;]<\/p>\n","protected":false},"author":10,"featured_media":129621,"comment_status":"open","ping_status":"open","sticky":false,"template":"","format":"standard","meta":{"_et_pb_use_builder":"","_et_pb_old_content":"","_et_gb_content_width":""},"categories":[87],"tags":[],"yoast_head":"<!-- This site is optimized with the Yoast SEO plugin v19.13 - https:\/\/yoast.com\/wordpress\/plugins\/seo\/ -->\n<title>Sport Circular : l&#039;appel \u00e0 projet est lanc\u00e9 - Groupe One<\/title>\n<meta name=\"robots\" content=\"index, follow, max-snippet:-1, max-image-preview:large, max-video-preview:-1\" \/>\n<link rel=\"canonical\" href=\"https:\/\/ns381463.ip-94-23-248.eu\/GroupeOne2016\/wordpress\/sport-circular-lappel-a-projet-est-lance\/\" \/>\n<meta property=\"og:locale\" content=\"fr_FR\" \/>\n<meta property=\"og:type\" content=\"article\" \/>\n<meta property=\"og:title\" content=\"Sport Circular : l&#039;appel \u00e0 projet est lanc\u00e9 - Groupe One\" \/>\n<meta property=\"og:description\" content=\"Economie circulaire dans le secteur sportif\u00a0: l\u2019appel \u00e0 projets Sport Circular est lanc\u00e9\u00a0! &nbsp; &nbsp; &nbsp; Sport Circular propose un appel \u00e0 projets unique en R\u00e9gion de Bruxelles-Capitale\u00a0: un accompagnement [&hellip;]\" \/>\n<meta property=\"og:url\" content=\"https:\/\/ns381463.ip-94-23-248.eu\/GroupeOne2016\/wordpress\/sport-circular-lappel-a-projet-est-lance\/\" \/>\n<meta property=\"og:site_name\" content=\"Groupe One\" \/>\n<meta property=\"article:published_time\" content=\"2021-03-24T14:30:32+00:00\" \/>\n<meta property=\"article:modified_time\" content=\"2023-01-06T09:28:08+00:00\" \/>\n<meta property=\"og:image\" content=\"https:\/\/ns381463.ip-94-23-248.eu\/GroupeOne2016\/wordpress\/wp-content\/uploads\/2021\/03\/seance-collective-sport-circular.jpg\" \/>\n\t<meta property=\"og:image:width\" content=\"2304\" \/>\n\t<meta property=\"og:image:height\" content=\"1728\" \/>\n\t<meta property=\"og:image:type\" content=\"image\/jpeg\" \/>\n<meta name=\"author\" content=\"Magali Ronsmans\" \/>\n<meta name=\"twitter:card\" content=\"summary_large_image\" \/>\n<meta name=\"twitter:label1\" content=\"\u00c9crit par\" \/>\n\t<meta name=\"twitter:data1\" content=\"Magali Ronsmans\" \/>\n\t<meta name=\"twitter:label2\" content=\"Dur\u00e9e de lecture estim\u00e9e\" \/>\n\t<meta name=\"twitter:data2\" content=\"3 minutes\" \/>\n<script type=\"application\/ld+json\" class=\"yoast-schema-graph\">{\"@context\":\"https:\/\/schema.org\",\"@graph\":[{\"@type\":\"WebPage\",\"@id\":\"https:\/\/ns381463.ip-94-23-248.eu\/GroupeOne2016\/wordpress\/sport-circular-lappel-a-projet-est-lance\/\",\"url\":\"https:\/\/ns381463.ip-94-23-248.eu\/GroupeOne2016\/wordpress\/sport-circular-lappel-a-projet-est-lance\/\",\"name\":\"Sport Circular : l'appel \u00e0 projet est lanc\u00e9 - Groupe One\",\"isPartOf\":{\"@id\":\"https:\/\/ns381463.ip-94-23-248.eu\/GroupeOne2016\/wordpress\/#website\"},\"datePublished\":\"2021-03-24T14:30:32+00:00\",\"dateModified\":\"2023-01-06T09:28:08+00:00\",\"author\":{\"@id\":\"https:\/\/ns381463.ip-94-23-248.eu\/GroupeOne2016\/wordpress\/#\/schema\/person\/1d485675d51de89080490a4a3d011af2\"},\"breadcrumb\":{\"@id\":\"https:\/\/ns381463.ip-94-23-248.eu\/GroupeOne2016\/wordpress\/sport-circular-lappel-a-projet-est-lance\/#breadcrumb\"},\"inLanguage\":\"fr-FR\",\"potentialAction\":[{\"@type\":\"ReadAction\",\"target\":[\"https:\/\/ns381463.ip-94-23-248.eu\/GroupeOne2016\/wordpress\/sport-circular-lappel-a-projet-est-lance\/\"]}]},{\"@type\":\"BreadcrumbList\",\"@id\":\"https:\/\/ns381463.ip-94-23-248.eu\/GroupeOne2016\/wordpress\/sport-circular-lappel-a-projet-est-lance\/#breadcrumb\",\"itemListElement\":[{\"@type\":\"ListItem\",\"position\":1,\"name\":\"Accueil\",\"item\":\"https:\/\/ns381463.ip-94-23-248.eu\/GroupeOne2016\/wordpress\/\"},{\"@type\":\"ListItem\",\"position\":2,\"name\":\"Sport Circular : l&#8217;appel \u00e0 projet est lanc\u00e9\"}]},{\"@type\":\"WebSite\",\"@id\":\"https:\/\/ns381463.ip-94-23-248.eu\/GroupeOne2016\/wordpress\/#website\",\"url\":\"https:\/\/ns381463.ip-94-23-248.eu\/GroupeOne2016\/wordpress\/\",\"name\":\"Groupe One\",\"description\":\"Groupe One est une organisation belge qui facilite la transition vers une \u00e9conomie durable. Elle est active \u00e0 Bruxelles et en Wallonie.\",\"potentialAction\":[{\"@type\":\"SearchAction\",\"target\":{\"@type\":\"EntryPoint\",\"urlTemplate\":\"https:\/\/ns381463.ip-94-23-248.eu\/GroupeOne2016\/wordpress\/?s={search_term_string}\"},\"query-input\":\"required name=search_term_string\"}],\"inLanguage\":\"fr-FR\"},{\"@type\":\"Person\",\"@id\":\"https:\/\/ns381463.ip-94-23-248.eu\/GroupeOne2016\/wordpress\/#\/schema\/person\/1d485675d51de89080490a4a3d011af2\",\"name\":\"Magali Ronsmans\",\"image\":{\"@type\":\"ImageObject\",\"inLanguage\":\"fr-FR\",\"@id\":\"https:\/\/ns381463.ip-94-23-248.eu\/GroupeOne2016\/wordpress\/#\/schema\/person\/image\/\",\"url\":\"https:\/\/secure.gravatar.com\/avatar\/60c7ceeedcfe758765fe2e9bcd7e7970?s=96&d=mm&r=g\",\"contentUrl\":\"https:\/\/secure.gravatar.com\/avatar\/60c7ceeedcfe758765fe2e9bcd7e7970?s=96&d=mm&r=g\",\"caption\":\"Magali Ronsmans\"},\"url\":\"https:\/\/ns381463.ip-94-23-248.eu\/GroupeOne2016\/wordpress\/author\/g1-magali\/\"}]}<\/script>\n<!-- \/ Yoast SEO plugin. -->","yoast_head_json":{"title":"Sport Circular : l'appel \u00e0 projet est lanc\u00e9 - Groupe One","robots":{"index":"index","follow":"follow","max-snippet":"max-snippet:-1","max-image-preview":"max-image-preview:large","max-video-preview":"max-video-preview:-1"},"canonical":"https:\/\/ns381463.ip-94-23-248.eu\/GroupeOne2016\/wordpress\/sport-circular-lappel-a-projet-est-lance\/","og_locale":"fr_FR","og_type":"article","og_title":"Sport Circular : l'appel \u00e0 projet est lanc\u00e9 - Groupe One","og_description":"Economie circulaire dans le secteur sportif\u00a0: l\u2019appel \u00e0 projets Sport Circular est lanc\u00e9\u00a0! &nbsp; &nbsp; &nbsp; Sport Circular propose un appel \u00e0 projets unique en R\u00e9gion de Bruxelles-Capitale\u00a0: un accompagnement [&hellip;]","og_url":"https:\/\/ns381463.ip-94-23-248.eu\/GroupeOne2016\/wordpress\/sport-circular-lappel-a-projet-est-lance\/","og_site_name":"Groupe One","article_published_time":"2021-03-24T14:30:32+00:00","article_modified_time":"2023-01-06T09:28:08+00:00","og_image":[{"width":2304,"height":1728,"url":"https:\/\/ns381463.ip-94-23-248.eu\/GroupeOne2016\/wordpress\/wp-content\/uploads\/2021\/03\/seance-collective-sport-circular.jpg","type":"image\/jpeg"}],"author":"Magali Ronsmans","twitter_card":"summary_large_image","twitter_misc":{"\u00c9crit par":"Magali Ronsmans","Dur\u00e9e de lecture estim\u00e9e":"3 minutes"},"schema":{"@context":"https:\/\/schema.org","@graph":[{"@type":"WebPage","@id":"https:\/\/ns381463.ip-94-23-248.eu\/GroupeOne2016\/wordpress\/sport-circular-lappel-a-projet-est-lance\/","url":"https:\/\/ns381463.ip-94-23-248.eu\/GroupeOne2016\/wordpress\/sport-circular-lappel-a-projet-est-lance\/","name":"Sport Circular : l'appel \u00e0 projet est lanc\u00e9 - Groupe One","isPartOf":{"@id":"https:\/\/ns381463.ip-94-23-248.eu\/GroupeOne2016\/wordpress\/#website"},"datePublished":"2021-03-24T14:30:32+00:00","dateModified":"2023-01-06T09:28:08+00:00","author":{"@id":"https:\/\/ns381463.ip-94-23-248.eu\/GroupeOne2016\/wordpress\/#\/schema\/person\/1d485675d51de89080490a4a3d011af2"},"breadcrumb":{"@id":"https:\/\/ns381463.ip-94-23-248.eu\/GroupeOne2016\/wordpress\/sport-circular-lappel-a-projet-est-lance\/#breadcrumb"},"inLanguage":"fr-FR","potentialAction":[{"@type":"ReadAction","target":["https:\/\/ns381463.ip-94-23-248.eu\/GroupeOne2016\/wordpress\/sport-circular-lappel-a-projet-est-lance\/"]}]},{"@type":"BreadcrumbList","@id":"https:\/\/ns381463.ip-94-23-248.eu\/GroupeOne2016\/wordpress\/sport-circular-lappel-a-projet-est-lance\/#breadcrumb","itemListElement":[{"@type":"ListItem","position":1,"name":"Accueil","item":"https:\/\/ns381463.ip-94-23-248.eu\/GroupeOne2016\/wordpress\/"},{"@type":"ListItem","position":2,"name":"Sport Circular : l&#8217;appel \u00e0 projet est lanc\u00e9"}]},{"@type":"WebSite","@id":"https:\/\/ns381463.ip-94-23-248.eu\/GroupeOne2016\/wordpress\/#website","url":"https:\/\/ns381463.ip-94-23-248.eu\/GroupeOne2016\/wordpress\/","name":"Groupe One","description":"Groupe One est une organisation belge qui facilite la transition vers une \u00e9conomie durable. Elle est active \u00e0 Bruxelles et en Wallonie.","potentialAction":[{"@type":"SearchAction","target":{"@type":"EntryPoint","urlTemplate":"https:\/\/ns381463.ip-94-23-248.eu\/GroupeOne2016\/wordpress\/?s={search_term_string}"},"query-input":"required name=search_term_string"}],"inLanguage":"fr-FR"},{"@type":"Person","@id":"https:\/\/ns381463.ip-94-23-248.eu\/GroupeOne2016\/wordpress\/#\/schema\/person\/1d485675d51de89080490a4a3d011af2","name":"Magali Ronsmans","image":{"@type":"ImageObject","inLanguage":"fr-FR","@id":"https:\/\/ns381463.ip-94-23-248.eu\/GroupeOne2016\/wordpress\/#\/schema\/person\/image\/","url":"https:\/\/secure.gravatar.com\/avatar\/60c7ceeedcfe758765fe2e9bcd7e7970?s=96&d=mm&r=g","contentUrl":"https:\/\/secure.gravatar.com\/avatar\/60c7ceeedcfe758765fe2e9bcd7e7970?s=96&d=mm&r=g","caption":"Magali Ronsmans"},"url":"https:\/\/ns381463.ip-94-23-248.eu\/GroupeOne2016\/wordpress\/author\/g1-magali\/"}]}},"_links":{"self":[{"href":"https:\/\/ns381463.ip-94-23-248.eu\/GroupeOne2016\/wordpress\/wp-json\/wp\/v2\/posts\/129604"}],"collection":[{"href":"https:\/\/ns381463.ip-94-23-248.eu\/GroupeOne2016\/wordpress\/wp-json\/wp\/v2\/posts"}],"about":[{"href":"https:\/\/ns381463.ip-94-23-248.eu\/GroupeOne2016\/wordpress\/wp-json\/wp\/v2\/types\/post"}],"author":[{"embeddable":true,"href":"https:\/\/ns381463.ip-94-23-248.eu\/GroupeOne2016\/wordpress\/wp-json\/wp\/v2\/users\/10"}],"replies":[{"embeddable":true,"href":"https:\/\/ns381463.ip-94-23-248.eu\/GroupeOne2016\/wordpress\/wp-json\/wp\/v2\/comments?post=129604"}],"version-history":[{"count":6,"href":"https:\/\/ns381463.ip-94-23-248.eu\/GroupeOne2016\/wordpress\/wp-json\/wp\/v2\/posts\/129604\/revisions"}],"predecessor-version":[{"id":130876,"href":"https:\/\/ns381463.ip-94-23-248.eu\/GroupeOne2016\/wordpress\/wp-json\/wp\/v2\/posts\/129604\/revisions\/130876"}],"wp:featuredmedia":[{"embeddable":true,"href":"https:\/\/ns381463.ip-94-23-248.eu\/GroupeOne2016\/wordpress\/wp-json\/wp\/v2\/media\/129621"}],"wp:attachment":[{"href":"https:\/\/ns381463.ip-94-23-248.eu\/GroupeOne2016\/wordpress\/wp-json\/wp\/v2\/media?parent=129604"}],"wp:term":[{"taxonomy":"category","embeddable":true,"href":"https:\/\/ns381463.ip-94-23-248.eu\/GroupeOne2016\/wordpress\/wp-json\/wp\/v2\/categories?post=129604"},{"taxonomy":"post_tag","embeddable":true,"href":"https:\/\/ns381463.ip-94-23-248.eu\/GroupeOne2016\/wordpress\/wp-json\/wp\/v2\/tags?post=129604"}],"curies":[{"name":"wp","href":"https:\/\/api.w.org\/{rel}","templated":true}]}}