{"id":129352,"date":"2021-02-22T11:58:19","date_gmt":"2021-02-22T10:58:19","guid":{"rendered":"https:\/\/ns381463.ip-94-23-248.eu\/GroupeOne2016\/wordpress\/?p=129352"},"modified":"2023-01-06T10:31:08","modified_gmt":"2023-01-06T09:31:08","slug":"notre-alimentation-un-levier-daction-local-et-collectif","status":"publish","type":"post","link":"https:\/\/ns381463.ip-94-23-248.eu\/GroupeOne2016\/wordpress\/notre-alimentation-un-levier-daction-local-et-collectif\/","title":{"rendered":"Notre alimentation, un levier d\u2019action local et collectif\u00a0?"},"content":{"rendered":"<p><strong>L\u2019alimentation durable, \u00e7a vous parle ? Une agriculture respectueuse des ressources, des produits locaux et de qualit\u00e9, commercialis\u00e9e en circuit-court, etc. Chez nous, on adore \u00e7a ! <\/strong><\/p>\n<p>Nos \u00e9quipes accompagnent des entrepreneurs et s\u2019investissent dans des projets de recherche et de terrain pour favoriser le d\u00e9veloppement d\u2019une alimentation plus respectueuse de chacun.e et de l\u2019environnement. Et comme cela nous passionne, on met les petits plats dans les grands ! Notre \u00e9cosyst\u00e8me agit sur les modes de production, de distribution et de consommation avec les acteurs du circuit-court, il forme les nouvelles g\u00e9n\u00e9rations d&#8217;agriculteurs et de producteurs, sensibilise les consommateurs et les acteurs de l\u2019alimentation mais aussi cr\u00e9\u00e9 du lien et renforce les collaborations.<\/p>\n<p><strong>Davantage de Good Food \u00e0 Bruxelles !\u00a0 \u00a0\u00a0\u00a0\u00a0\u00a0<\/strong><\/p>\n<p>Afin de renforcer la production et la consommation d\u2019aliments locaux et de qualit\u00e9 en R\u00e9gion bruxelloise, Groupe One et EcoRes sont activement impliqu\u00e9s dans la strat\u00e9gie Good Food de la R\u00e9gion de Bruxelles Capitale, entre autres \u00e0 travers l\u2019accompagnement des restaurants et des cantines vers leur <a href=\"https:\/\/www.ecores.eu\/project\/accompagnement-aux-labellisations-good-food\/\">labellisation Good Food<\/a>, et dans le processus de co-\u00e9laboration de la prochaine <a href=\"https:\/\/goodfood.brussels\/fr\/content\/la-strategie-good-food\">strat\u00e9gie Good Food 2.0<\/a>.<\/p>\n<p>Avis aux entrepreneurs bruxellois\u00a0! Nos \u00e9quipes offrent un accompagnement pour se lancer dans l\u2019aventure de l\u2019agriculture urbaine gr\u00e2ce au <a href=\"https:\/\/www.agricultureurbaine.brussels\/\">Facilitateur en Agriculture Urbaine<\/a> ou encore le tout nouveau <a href=\"https:\/\/www.agricultureurbaine.brussels\/le-guichet-d-economie-locale-en-au\/\">Guichet d\u2019Economie Locale en agriculture urbaine<\/a> port\u00e9 par notre partenaire le <a href=\"http:\/\/www.villagepartenaire.com\/\">Village Partenaire<\/a>.<\/p>\n<p><strong>En Wallonie : revaloriser le savoir-faire et la formation<\/strong><strong>\u00a0\u00a0\u00a0\u00a0 <\/strong><\/p>\n<p>En R\u00e9gion wallonne, nous avons le plaisir de collaborer avec de nombreux acteurs locaux, notamment \u00e0 travers le projet \u00a0<a href=\"https:\/\/eal2.eu\/\">EAL\u00b2 &#8211; Entrepreneur\/Employ\u00e9 Alimentaire Local<\/a><u>,<\/u> de formation et d\u2019employabilit\u00e9 dans les secteurs de l\u2019alimentation durable dans le Hainaut et le Haut de France. Dans le Brabant Wallon, nous stimulons la mise en r\u00e9seau avec le projet, <a href=\"https:\/\/www.empreintebw.be\/\">Empreinte BW<\/a>. Depuis d\u00e9but 2021, nous sommes ravis d\u2019annoncer le lancement de la coop\u00e9rative\u00a0 <a href=\"https:\/\/www.maferme.be\/\">Ma Ferme<\/a>, un projet qui va contribuer \u00e0 booster l\u2019entreprenariat durable dans le secteur de l\u2019alimentation, ainsi que notre accompagnement au projet de coop\u00e9rative de producteurs et de consommateurs bio de la Haute Senne <a href=\"http:\/\/www.la-clique-en-senne.be\/\">La Clique en Senne<\/a>.<\/p>\n<p><strong>Au-del\u00e0 de nos fronti\u00e8res : essaimer les bonnes pratiques !<\/strong><\/p>\n<p>Notre \u00e9cosyst\u00e8me collabore \u00e0 la recherche et l\u2019innovation sur les nouveaux mod\u00e8les de production alimentaire dans nos villes via des projets europ\u00e9ens en agriculture urbaine tels que <a href=\"http:\/\/www.groof.eu\/\">Groof<\/a> (des serres sur toit pour r\u00e9duire la production de CO2) ou <a href=\"http:\/\/www.smart-aquaponics.com\/\">Smart Aquaponics<\/a> (d\u00e9veloppement d\u2019outils de gestion intelligents pour l\u2019aquaponie).<\/p>\n<p><strong>Des actions collectives vers plus de r\u00e9silience alimentaire<\/strong><\/p>\n<p>Ces nombreux projets sont le fruit de merveilleuses collaborations avec les pouvoirs publics, les centres de recherche universitaires ou encore des entreprises priv\u00e9es, sans lesquelles, il nous serait impossible de continuer nos actions pour plus de r\u00e9silience et d\u2019autonomie alimentaire.<\/p>\n<p>Ces th\u00e8mes vous int\u00e9ressent ? Vous voulez suivre nos projets ? Inscrivez-vous aux newsletters de nos projets et participez \u00e0 nos \u00e9v\u00e9nements de rencontre d\u00e8s \u00e0 pr\u00e9sent\u00a0!<\/p>\n","protected":false},"excerpt":{"rendered":"<p>L\u2019alimentation durable, \u00e7a vous parle ? Une agriculture respectueuse des ressources, des produits locaux et de qualit\u00e9, commercialis\u00e9e en circuit-court, etc. Chez nous, on adore \u00e7a ! Nos \u00e9quipes accompagnent [&hellip;]<\/p>\n","protected":false},"author":10,"featured_media":129368,"comment_status":"open","ping_status":"open","sticky":false,"template":"","format":"standard","meta":{"_et_pb_use_builder":"","_et_pb_old_content":"","_et_gb_content_width":""},"categories":[87],"tags":[],"yoast_head":"<!-- This site is optimized with the Yoast SEO plugin v19.13 - https:\/\/yoast.com\/wordpress\/plugins\/seo\/ -->\n<title>Notre alimentation, un levier d\u2019action local et collectif\u00a0? - Groupe One<\/title>\n<meta name=\"robots\" content=\"index, follow, max-snippet:-1, max-image-preview:large, max-video-preview:-1\" \/>\n<link rel=\"canonical\" href=\"https:\/\/ns381463.ip-94-23-248.eu\/GroupeOne2016\/wordpress\/notre-alimentation-un-levier-daction-local-et-collectif\/\" \/>\n<meta property=\"og:locale\" content=\"fr_FR\" \/>\n<meta property=\"og:type\" content=\"article\" \/>\n<meta property=\"og:title\" content=\"Notre alimentation, un levier d\u2019action local et collectif\u00a0? - Groupe One\" \/>\n<meta property=\"og:description\" content=\"L\u2019alimentation durable, \u00e7a vous parle ? Une agriculture respectueuse des ressources, des produits locaux et de qualit\u00e9, commercialis\u00e9e en circuit-court, etc. Chez nous, on adore \u00e7a ! Nos \u00e9quipes accompagnent [&hellip;]\" \/>\n<meta property=\"og:url\" content=\"https:\/\/ns381463.ip-94-23-248.eu\/GroupeOne2016\/wordpress\/notre-alimentation-un-levier-daction-local-et-collectif\/\" \/>\n<meta property=\"og:site_name\" content=\"Groupe One\" \/>\n<meta property=\"article:published_time\" content=\"2021-02-22T10:58:19+00:00\" \/>\n<meta property=\"article:modified_time\" content=\"2023-01-06T09:31:08+00:00\" \/>\n<meta property=\"og:image\" content=\"https:\/\/ns381463.ip-94-23-248.eu\/GroupeOne2016\/wordpress\/wp-content\/uploads\/2021\/02\/Design-sans-titre-5-1024x1024.png\" \/>\n\t<meta property=\"og:image:width\" content=\"1024\" \/>\n\t<meta property=\"og:image:height\" content=\"1024\" \/>\n\t<meta property=\"og:image:type\" content=\"image\/png\" \/>\n<meta name=\"author\" content=\"Magali Ronsmans\" \/>\n<meta name=\"twitter:card\" content=\"summary_large_image\" \/>\n<meta name=\"twitter:label1\" content=\"\u00c9crit par\" \/>\n\t<meta name=\"twitter:data1\" content=\"Magali Ronsmans\" \/>\n\t<meta name=\"twitter:label2\" content=\"Dur\u00e9e de lecture estim\u00e9e\" \/>\n\t<meta name=\"twitter:data2\" content=\"3 minutes\" \/>\n<script type=\"application\/ld+json\" class=\"yoast-schema-graph\">{\"@context\":\"https:\/\/schema.org\",\"@graph\":[{\"@type\":\"WebPage\",\"@id\":\"https:\/\/ns381463.ip-94-23-248.eu\/GroupeOne2016\/wordpress\/notre-alimentation-un-levier-daction-local-et-collectif\/\",\"url\":\"https:\/\/ns381463.ip-94-23-248.eu\/GroupeOne2016\/wordpress\/notre-alimentation-un-levier-daction-local-et-collectif\/\",\"name\":\"Notre alimentation, un levier d\u2019action local et collectif\u00a0? - Groupe One\",\"isPartOf\":{\"@id\":\"https:\/\/ns381463.ip-94-23-248.eu\/GroupeOne2016\/wordpress\/#website\"},\"datePublished\":\"2021-02-22T10:58:19+00:00\",\"dateModified\":\"2023-01-06T09:31:08+00:00\",\"author\":{\"@id\":\"https:\/\/ns381463.ip-94-23-248.eu\/GroupeOne2016\/wordpress\/#\/schema\/person\/1d485675d51de89080490a4a3d011af2\"},\"breadcrumb\":{\"@id\":\"https:\/\/ns381463.ip-94-23-248.eu\/GroupeOne2016\/wordpress\/notre-alimentation-un-levier-daction-local-et-collectif\/#breadcrumb\"},\"inLanguage\":\"fr-FR\",\"potentialAction\":[{\"@type\":\"ReadAction\",\"target\":[\"https:\/\/ns381463.ip-94-23-248.eu\/GroupeOne2016\/wordpress\/notre-alimentation-un-levier-daction-local-et-collectif\/\"]}]},{\"@type\":\"BreadcrumbList\",\"@id\":\"https:\/\/ns381463.ip-94-23-248.eu\/GroupeOne2016\/wordpress\/notre-alimentation-un-levier-daction-local-et-collectif\/#breadcrumb\",\"itemListElement\":[{\"@type\":\"ListItem\",\"position\":1,\"name\":\"Accueil\",\"item\":\"https:\/\/ns381463.ip-94-23-248.eu\/GroupeOne2016\/wordpress\/\"},{\"@type\":\"ListItem\",\"position\":2,\"name\":\"Notre alimentation, un levier d\u2019action local et collectif\u00a0?\"}]},{\"@type\":\"WebSite\",\"@id\":\"https:\/\/ns381463.ip-94-23-248.eu\/GroupeOne2016\/wordpress\/#website\",\"url\":\"https:\/\/ns381463.ip-94-23-248.eu\/GroupeOne2016\/wordpress\/\",\"name\":\"Groupe One\",\"description\":\"Groupe One est une organisation belge qui facilite la transition vers une \u00e9conomie durable. Elle est active \u00e0 Bruxelles et en Wallonie.\",\"potentialAction\":[{\"@type\":\"SearchAction\",\"target\":{\"@type\":\"EntryPoint\",\"urlTemplate\":\"https:\/\/ns381463.ip-94-23-248.eu\/GroupeOne2016\/wordpress\/?s={search_term_string}\"},\"query-input\":\"required name=search_term_string\"}],\"inLanguage\":\"fr-FR\"},{\"@type\":\"Person\",\"@id\":\"https:\/\/ns381463.ip-94-23-248.eu\/GroupeOne2016\/wordpress\/#\/schema\/person\/1d485675d51de89080490a4a3d011af2\",\"name\":\"Magali Ronsmans\",\"image\":{\"@type\":\"ImageObject\",\"inLanguage\":\"fr-FR\",\"@id\":\"https:\/\/ns381463.ip-94-23-248.eu\/GroupeOne2016\/wordpress\/#\/schema\/person\/image\/\",\"url\":\"https:\/\/secure.gravatar.com\/avatar\/60c7ceeedcfe758765fe2e9bcd7e7970?s=96&d=mm&r=g\",\"contentUrl\":\"https:\/\/secure.gravatar.com\/avatar\/60c7ceeedcfe758765fe2e9bcd7e7970?s=96&d=mm&r=g\",\"caption\":\"Magali Ronsmans\"},\"url\":\"https:\/\/ns381463.ip-94-23-248.eu\/GroupeOne2016\/wordpress\/author\/g1-magali\/\"}]}<\/script>\n<!-- \/ Yoast SEO plugin. -->","yoast_head_json":{"title":"Notre alimentation, un levier d\u2019action local et collectif\u00a0? - Groupe One","robots":{"index":"index","follow":"follow","max-snippet":"max-snippet:-1","max-image-preview":"max-image-preview:large","max-video-preview":"max-video-preview:-1"},"canonical":"https:\/\/ns381463.ip-94-23-248.eu\/GroupeOne2016\/wordpress\/notre-alimentation-un-levier-daction-local-et-collectif\/","og_locale":"fr_FR","og_type":"article","og_title":"Notre alimentation, un levier d\u2019action local et collectif\u00a0? - Groupe One","og_description":"L\u2019alimentation durable, \u00e7a vous parle ? Une agriculture respectueuse des ressources, des produits locaux et de qualit\u00e9, commercialis\u00e9e en circuit-court, etc. Chez nous, on adore \u00e7a ! Nos \u00e9quipes accompagnent [&hellip;]","og_url":"https:\/\/ns381463.ip-94-23-248.eu\/GroupeOne2016\/wordpress\/notre-alimentation-un-levier-daction-local-et-collectif\/","og_site_name":"Groupe One","article_published_time":"2021-02-22T10:58:19+00:00","article_modified_time":"2023-01-06T09:31:08+00:00","og_image":[{"width":1024,"height":1024,"url":"https:\/\/ns381463.ip-94-23-248.eu\/GroupeOne2016\/wordpress\/wp-content\/uploads\/2021\/02\/Design-sans-titre-5-1024x1024.png","type":"image\/png"}],"author":"Magali Ronsmans","twitter_card":"summary_large_image","twitter_misc":{"\u00c9crit par":"Magali Ronsmans","Dur\u00e9e de lecture estim\u00e9e":"3 minutes"},"schema":{"@context":"https:\/\/schema.org","@graph":[{"@type":"WebPage","@id":"https:\/\/ns381463.ip-94-23-248.eu\/GroupeOne2016\/wordpress\/notre-alimentation-un-levier-daction-local-et-collectif\/","url":"https:\/\/ns381463.ip-94-23-248.eu\/GroupeOne2016\/wordpress\/notre-alimentation-un-levier-daction-local-et-collectif\/","name":"Notre alimentation, un levier d\u2019action local et collectif\u00a0? - Groupe One","isPartOf":{"@id":"https:\/\/ns381463.ip-94-23-248.eu\/GroupeOne2016\/wordpress\/#website"},"datePublished":"2021-02-22T10:58:19+00:00","dateModified":"2023-01-06T09:31:08+00:00","author":{"@id":"https:\/\/ns381463.ip-94-23-248.eu\/GroupeOne2016\/wordpress\/#\/schema\/person\/1d485675d51de89080490a4a3d011af2"},"breadcrumb":{"@id":"https:\/\/ns381463.ip-94-23-248.eu\/GroupeOne2016\/wordpress\/notre-alimentation-un-levier-daction-local-et-collectif\/#breadcrumb"},"inLanguage":"fr-FR","potentialAction":[{"@type":"ReadAction","target":["https:\/\/ns381463.ip-94-23-248.eu\/GroupeOne2016\/wordpress\/notre-alimentation-un-levier-daction-local-et-collectif\/"]}]},{"@type":"BreadcrumbList","@id":"https:\/\/ns381463.ip-94-23-248.eu\/GroupeOne2016\/wordpress\/notre-alimentation-un-levier-daction-local-et-collectif\/#breadcrumb","itemListElement":[{"@type":"ListItem","position":1,"name":"Accueil","item":"https:\/\/ns381463.ip-94-23-248.eu\/GroupeOne2016\/wordpress\/"},{"@type":"ListItem","position":2,"name":"Notre alimentation, un levier d\u2019action local et collectif\u00a0?"}]},{"@type":"WebSite","@id":"https:\/\/ns381463.ip-94-23-248.eu\/GroupeOne2016\/wordpress\/#website","url":"https:\/\/ns381463.ip-94-23-248.eu\/GroupeOne2016\/wordpress\/","name":"Groupe One","description":"Groupe One est une organisation belge qui facilite la transition vers une \u00e9conomie durable. Elle est active \u00e0 Bruxelles et en Wallonie.","potentialAction":[{"@type":"SearchAction","target":{"@type":"EntryPoint","urlTemplate":"https:\/\/ns381463.ip-94-23-248.eu\/GroupeOne2016\/wordpress\/?s={search_term_string}"},"query-input":"required name=search_term_string"}],"inLanguage":"fr-FR"},{"@type":"Person","@id":"https:\/\/ns381463.ip-94-23-248.eu\/GroupeOne2016\/wordpress\/#\/schema\/person\/1d485675d51de89080490a4a3d011af2","name":"Magali Ronsmans","image":{"@type":"ImageObject","inLanguage":"fr-FR","@id":"https:\/\/ns381463.ip-94-23-248.eu\/GroupeOne2016\/wordpress\/#\/schema\/person\/image\/","url":"https:\/\/secure.gravatar.com\/avatar\/60c7ceeedcfe758765fe2e9bcd7e7970?s=96&d=mm&r=g","contentUrl":"https:\/\/secure.gravatar.com\/avatar\/60c7ceeedcfe758765fe2e9bcd7e7970?s=96&d=mm&r=g","caption":"Magali Ronsmans"},"url":"https:\/\/ns381463.ip-94-23-248.eu\/GroupeOne2016\/wordpress\/author\/g1-magali\/"}]}},"_links":{"self":[{"href":"https:\/\/ns381463.ip-94-23-248.eu\/GroupeOne2016\/wordpress\/wp-json\/wp\/v2\/posts\/129352"}],"collection":[{"href":"https:\/\/ns381463.ip-94-23-248.eu\/GroupeOne2016\/wordpress\/wp-json\/wp\/v2\/posts"}],"about":[{"href":"https:\/\/ns381463.ip-94-23-248.eu\/GroupeOne2016\/wordpress\/wp-json\/wp\/v2\/types\/post"}],"author":[{"embeddable":true,"href":"https:\/\/ns381463.ip-94-23-248.eu\/GroupeOne2016\/wordpress\/wp-json\/wp\/v2\/users\/10"}],"replies":[{"embeddable":true,"href":"https:\/\/ns381463.ip-94-23-248.eu\/GroupeOne2016\/wordpress\/wp-json\/wp\/v2\/comments?post=129352"}],"version-history":[{"count":1,"href":"https:\/\/ns381463.ip-94-23-248.eu\/GroupeOne2016\/wordpress\/wp-json\/wp\/v2\/posts\/129352\/revisions"}],"predecessor-version":[{"id":129354,"href":"https:\/\/ns381463.ip-94-23-248.eu\/GroupeOne2016\/wordpress\/wp-json\/wp\/v2\/posts\/129352\/revisions\/129354"}],"wp:featuredmedia":[{"embeddable":true,"href":"https:\/\/ns381463.ip-94-23-248.eu\/GroupeOne2016\/wordpress\/wp-json\/wp\/v2\/media\/129368"}],"wp:attachment":[{"href":"https:\/\/ns381463.ip-94-23-248.eu\/GroupeOne2016\/wordpress\/wp-json\/wp\/v2\/media?parent=129352"}],"wp:term":[{"taxonomy":"category","embeddable":true,"href":"https:\/\/ns381463.ip-94-23-248.eu\/GroupeOne2016\/wordpress\/wp-json\/wp\/v2\/categories?post=129352"},{"taxonomy":"post_tag","embeddable":true,"href":"https:\/\/ns381463.ip-94-23-248.eu\/GroupeOne2016\/wordpress\/wp-json\/wp\/v2\/tags?post=129352"}],"curies":[{"name":"wp","href":"https:\/\/api.w.org\/{rel}","templated":true}]}}