{"id":129080,"date":"2021-01-12T17:50:41","date_gmt":"2021-01-12T16:50:41","guid":{"rendered":"https:\/\/ns381463.ip-94-23-248.eu\/GroupeOne2016\/wordpress\/?p=129080"},"modified":"2021-01-27T15:51:02","modified_gmt":"2021-01-27T14:51:02","slug":"la-circular-academy-la-seconde-session-en-fevrier","status":"publish","type":"post","link":"https:\/\/ns381463.ip-94-23-248.eu\/GroupeOne2016\/wordpress\/la-circular-academy-la-seconde-session-en-fevrier\/","title":{"rendered":"La Circular Academy : la seconde session en f\u00e9vrier"},"content":{"rendered":"<p>[et_pb_section fb_built=&#8221;1&#8243; admin_label=&#8221;section&#8221; _builder_version=&#8221;3.22&#8243;][et_pb_row admin_label=&#8221;row&#8221; _builder_version=&#8221;3.25&#8243; background_size=&#8221;initial&#8221; background_position=&#8221;top_left&#8221; background_repeat=&#8221;repeat&#8221;][et_pb_column type=&#8221;4_4&#8243; _builder_version=&#8221;3.25&#8243; custom_padding=&#8221;|||&#8221; custom_padding__hover=&#8221;|||&#8221;][et_pb_text admin_label=&#8221;Text&#8221; _builder_version=&#8221;3.27.4&#8243; background_size=&#8221;initial&#8221; background_position=&#8221;top_left&#8221; background_repeat=&#8221;repeat&#8221;]<strong>La Circular Academy, c&#8217;est quoi ? <\/strong><\/p>\n<p>Un programme d&#8217;accompagnement qui repose sur<\/p>\n<ul>\n<li>(1) une m\u00e9thodologie vari\u00e9e d&#8217;accompagnement (mixit\u00e9 entre approche collective\/participative et approche individuelle) et<\/li>\n<li>(2) un set d&#8217;outils, adapt\u00e9s aux projets entrepreneuriaux de tous types (en termes d\u2019accessibilit\u00e9 de vocabulaire, de facilit\u00e9 d&#8217;utilisation).<\/li>\n<\/ul>\n<p>Ces outils ont pour r\u00f4le de favoriser l\u2019int\u00e9gration des principes de l\u2019\u00e9conomie circulaire de fa\u00e7on intuitive dans les projets (voir la description des outils en Annexe).<\/p>\n<p>Reposant sur la toolbox circular.academy (cf. <a href=\"http:\/\/www.circular.academy\">www.circular.academy<\/a>) et les outils d\u2019accompagnement \u00e0 l\u2019entrepreneuriat durable d\u00e9velopp\u00e9s par Groupe One depuis plus de 10 ans, le programme propose un parcours complet, de l\u2019id\u00e9e de projet jusqu\u2019au challenge du Business mod\u00e8le. Le projet a \u00e9galement comme originalit\u00e9 de mettre l\u2019accent sur le prototypage de l\u2019id\u00e9e, \u00e0 savoir la concr\u00e9tisation et le test de l\u2019id\u00e9e en conditions r\u00e9elles, afin de formaliser plus rapidement des \u00e9bauches de solutions \u00e0 proposer sur le march\u00e9 et consolider les hypoth\u00e8ses du business model. Il s&#8217;agit donc d&#8217;un parcours unique \u00e0 Bruxelles, qui a d\u00e9j\u00e0 d\u00e9montr\u00e9 sa compl\u00e9mentarit\u00e9 avec d&#8217;autres parcours entrepreneuriaux comme le Greenlab.brussels ou des bo\u00eetes \u00e0 outils con\u00e7ues pour les PME (Resilient Design).<\/p>\n<p><strong>Le programme\u00a0<\/strong><\/p>\n<p><strong>Semaine 1\u00a0:<\/strong><\/p>\n<ul>\n<li>3\/02 : Introduction et Penser son projet \u00e0 travers le connaissance de soi, ses valeurs, ses motivations<\/li>\n<li>4\/02 : Comprendre les enjeux et imaginer des solutions innovantes<\/li>\n<li>5\/02 : Principes de l\u2019\u00c9conomie Circulaire<\/li>\n<\/ul>\n<p><strong>Semaine 2\u00a0:<\/strong><\/p>\n<ul>\n<li>10\/02 : Penser mon Business Mod\u00e8le et r\u00e9aliser mon BMC<\/li>\n<li>11\/02 : Rencontre inspirante \/ T\u00e9moignage d\u2019un entrepreneur<\/li>\n<li>12\/02 : Challenger son projet, le prototypage<\/li>\n<\/ul>\n<p><strong>Informations\u00a0<\/strong><\/p>\n<ul>\n<li>6 matin\u00e9es de 3h chacunes . Les 3, 4, 5 et 10, 11, 12 f\u00e9vrier prochain de 9h30 \u00e0 12h30<\/li>\n<li>Totalement gratuit<\/li>\n<li>Une absence maximum sur les 6 jours<\/li>\n<li>Pas de limite d\u2019\u00e2ge<\/li>\n<li>Projet en r\u00e9flexion ou en transition<\/li>\n<li>Dossier de candidature\u00a0: \u00a0pr\u00e9sentation du projet en max 800 caract\u00e8res \u00e0 envoyer sur <a href=\"mailto:florent.losson@groupeone.be\">florent.losson@groupeone.be<\/a><\/li>\n<\/ul>\n<p>[\/et_pb_text][\/et_pb_column][\/et_pb_row][\/et_pb_section]<\/p>\n","protected":false},"excerpt":{"rendered":"<p>La Circular Academy, c&#8217;est quoi ? Un programme d&#8217;accompagnement qui repose sur (1) une m\u00e9thodologie vari\u00e9e d&#8217;accompagnement (mixit\u00e9 entre approche collective\/participative et approche individuelle) et (2) un set d&#8217;outils, adapt\u00e9s [&hellip;]<\/p>\n","protected":false},"author":10,"featured_media":129081,"comment_status":"open","ping_status":"open","sticky":false,"template":"","format":"standard","meta":{"_et_pb_use_builder":"on","_et_pb_old_content":"<strong>La Circular Academy, c'est quoi ? <\/strong>\r\n\r\nUn programme d'accompagnement qui repose sur\r\n<ul>\r\n \t<li>(1) une m\u00e9thodologie vari\u00e9e d'accompagnement (mixit\u00e9 entre approche collective\/participative et approche individuelle) et<\/li>\r\n \t<li>(2) un set d'outils, adapt\u00e9s aux projets entrepreneuriaux de tous types (en termes d\u2019accessibilit\u00e9 de vocabulaire, de facilit\u00e9 d'utilisation).<\/li>\r\n<\/ul>\r\nCes outils ont pour r\u00f4le de favoriser l\u2019int\u00e9gration des principes de l\u2019\u00e9conomie circulaire de fa\u00e7on intuitive dans les projets (voir la description des outils en Annexe).\r\n\r\nReposant sur la toolbox circular.academy (cf. <a href=\"http:\/\/www.circular.academy\">www.circular.academy<\/a>) et les outils d\u2019accompagnement \u00e0 l\u2019entrepreneuriat durable d\u00e9velopp\u00e9s par Groupe One depuis plus de 10 ans, le programme propose un parcours complet, de l\u2019id\u00e9e de projet jusqu\u2019au challenge du Business mod\u00e8le. Le projet a \u00e9galement comme originalit\u00e9 de mettre l\u2019accent sur le prototypage de l\u2019id\u00e9e, \u00e0 savoir la concr\u00e9tisation et le test de l\u2019id\u00e9e en conditions r\u00e9elles, afin de formaliser plus rapidement des \u00e9bauches de solutions \u00e0 proposer sur le march\u00e9 et consolider les hypoth\u00e8ses du business model. Il s'agit donc d'un parcours unique \u00e0 Bruxelles, qui a d\u00e9j\u00e0 d\u00e9montr\u00e9 sa compl\u00e9mentarit\u00e9 avec d'autres parcours entrepreneuriaux comme le Greenlab.brussels ou des bo\u00eetes \u00e0 outils con\u00e7ues pour les PME (Resilient Design).\r\n\r\n<strong>Le programme\u00a0<\/strong>\r\n\r\n<strong>Semaine 1\u00a0:<\/strong>\r\n<ul>\r\n \t<li>3\/02 : Introduction et Penser son projet \u00e0 travers le connaissance de soi, ses valeurs, ses motivations<\/li>\r\n \t<li>4\/02 : Comprendre les enjeux et imaginer des solutions innovantes<\/li>\r\n \t<li>5\/02 : Principes de l\u2019\u00c9conomie Circulaire<\/li>\r\n<\/ul>\r\n<strong>Semaine 2\u00a0:<\/strong>\r\n<ul>\r\n \t<li>10\/02 : Penser mon Business Mod\u00e8le et r\u00e9aliser mon BMC<\/li>\r\n \t<li>11\/02 : Rencontre inspirante \/ T\u00e9moignage d\u2019un entrepreneur<\/li>\r\n \t<li>12\/02 : Challenger son projet, le prototypage<\/li>\r\n<\/ul>\r\n<strong>Informations\u00a0<\/strong>\r\n<ul>\r\n \t<li>6 matin\u00e9es de 3h chacunes . Les 3, 4, 5 et 10, 11, 12 f\u00e9vrier prochain de 9h30 \u00e0 12h30<\/li>\r\n \t<li>Totalement gratuit<\/li>\r\n \t<li>Une absence maximum sur les 6 jours<\/li>\r\n \t<li>Pas de limite d\u2019\u00e2ge<\/li>\r\n \t<li>Projet en r\u00e9flexion ou en transition<\/li>\r\n \t<li>Dossier de candidature\u00a0: \u00a0pr\u00e9sentation du projet en max 800 caract\u00e8res \u00e0 envoyer sur <a href=\"mailto:florent.losson@groupeone.be\">florent.losson@groupeone.be<\/a><\/li>\r\n<\/ul>","_et_gb_content_width":""},"categories":[87],"tags":[],"yoast_head":"<!-- This site is optimized with the Yoast SEO plugin v19.13 - https:\/\/yoast.com\/wordpress\/plugins\/seo\/ -->\n<title>La Circular Academy : la seconde session en f\u00e9vrier - Groupe One<\/title>\n<meta name=\"robots\" content=\"index, follow, max-snippet:-1, max-image-preview:large, max-video-preview:-1\" \/>\n<link rel=\"canonical\" href=\"https:\/\/ns381463.ip-94-23-248.eu\/GroupeOne2016\/wordpress\/la-circular-academy-la-seconde-session-en-fevrier\/\" \/>\n<meta property=\"og:locale\" content=\"fr_FR\" \/>\n<meta property=\"og:type\" content=\"article\" \/>\n<meta property=\"og:title\" content=\"La Circular Academy : la seconde session en f\u00e9vrier - Groupe One\" \/>\n<meta property=\"og:description\" content=\"La Circular Academy, c&#039;est quoi ? Un programme d&#039;accompagnement qui repose sur (1) une m\u00e9thodologie vari\u00e9e d&#039;accompagnement (mixit\u00e9 entre approche collective\/participative et approche individuelle) et (2) un set d&#039;outils, adapt\u00e9s [&hellip;]\" \/>\n<meta property=\"og:url\" content=\"https:\/\/ns381463.ip-94-23-248.eu\/GroupeOne2016\/wordpress\/la-circular-academy-la-seconde-session-en-fevrier\/\" \/>\n<meta property=\"og:site_name\" content=\"Groupe One\" \/>\n<meta property=\"article:published_time\" content=\"2021-01-12T16:50:41+00:00\" \/>\n<meta property=\"article:modified_time\" content=\"2021-01-27T14:51:02+00:00\" \/>\n<meta property=\"og:image\" content=\"https:\/\/ns381463.ip-94-23-248.eu\/GroupeOne2016\/wordpress\/wp-content\/uploads\/2021\/01\/Copie-de-Circular-Academy.png\" \/>\n\t<meta property=\"og:image:width\" content=\"1200\" \/>\n\t<meta property=\"og:image:height\" content=\"630\" \/>\n\t<meta property=\"og:image:type\" content=\"image\/png\" \/>\n<meta name=\"author\" content=\"Magali Ronsmans\" \/>\n<meta name=\"twitter:card\" content=\"summary_large_image\" \/>\n<meta name=\"twitter:label1\" content=\"\u00c9crit par\" \/>\n\t<meta name=\"twitter:data1\" content=\"Magali Ronsmans\" \/>\n\t<meta name=\"twitter:label2\" content=\"Dur\u00e9e de lecture estim\u00e9e\" \/>\n\t<meta name=\"twitter:data2\" content=\"2 minutes\" \/>\n<script type=\"application\/ld+json\" class=\"yoast-schema-graph\">{\"@context\":\"https:\/\/schema.org\",\"@graph\":[{\"@type\":\"WebPage\",\"@id\":\"https:\/\/ns381463.ip-94-23-248.eu\/GroupeOne2016\/wordpress\/la-circular-academy-la-seconde-session-en-fevrier\/\",\"url\":\"https:\/\/ns381463.ip-94-23-248.eu\/GroupeOne2016\/wordpress\/la-circular-academy-la-seconde-session-en-fevrier\/\",\"name\":\"La Circular Academy : la seconde session en f\u00e9vrier - Groupe One\",\"isPartOf\":{\"@id\":\"https:\/\/ns381463.ip-94-23-248.eu\/GroupeOne2016\/wordpress\/#website\"},\"datePublished\":\"2021-01-12T16:50:41+00:00\",\"dateModified\":\"2021-01-27T14:51:02+00:00\",\"author\":{\"@id\":\"https:\/\/ns381463.ip-94-23-248.eu\/GroupeOne2016\/wordpress\/#\/schema\/person\/1d485675d51de89080490a4a3d011af2\"},\"breadcrumb\":{\"@id\":\"https:\/\/ns381463.ip-94-23-248.eu\/GroupeOne2016\/wordpress\/la-circular-academy-la-seconde-session-en-fevrier\/#breadcrumb\"},\"inLanguage\":\"fr-FR\",\"potentialAction\":[{\"@type\":\"ReadAction\",\"target\":[\"https:\/\/ns381463.ip-94-23-248.eu\/GroupeOne2016\/wordpress\/la-circular-academy-la-seconde-session-en-fevrier\/\"]}]},{\"@type\":\"BreadcrumbList\",\"@id\":\"https:\/\/ns381463.ip-94-23-248.eu\/GroupeOne2016\/wordpress\/la-circular-academy-la-seconde-session-en-fevrier\/#breadcrumb\",\"itemListElement\":[{\"@type\":\"ListItem\",\"position\":1,\"name\":\"Accueil\",\"item\":\"https:\/\/ns381463.ip-94-23-248.eu\/GroupeOne2016\/wordpress\/\"},{\"@type\":\"ListItem\",\"position\":2,\"name\":\"La Circular Academy : la seconde session en f\u00e9vrier\"}]},{\"@type\":\"WebSite\",\"@id\":\"https:\/\/ns381463.ip-94-23-248.eu\/GroupeOne2016\/wordpress\/#website\",\"url\":\"https:\/\/ns381463.ip-94-23-248.eu\/GroupeOne2016\/wordpress\/\",\"name\":\"Groupe One\",\"description\":\"Groupe One est une organisation belge qui facilite la transition vers une \u00e9conomie durable. Elle est active \u00e0 Bruxelles et en Wallonie.\",\"potentialAction\":[{\"@type\":\"SearchAction\",\"target\":{\"@type\":\"EntryPoint\",\"urlTemplate\":\"https:\/\/ns381463.ip-94-23-248.eu\/GroupeOne2016\/wordpress\/?s={search_term_string}\"},\"query-input\":\"required name=search_term_string\"}],\"inLanguage\":\"fr-FR\"},{\"@type\":\"Person\",\"@id\":\"https:\/\/ns381463.ip-94-23-248.eu\/GroupeOne2016\/wordpress\/#\/schema\/person\/1d485675d51de89080490a4a3d011af2\",\"name\":\"Magali Ronsmans\",\"image\":{\"@type\":\"ImageObject\",\"inLanguage\":\"fr-FR\",\"@id\":\"https:\/\/ns381463.ip-94-23-248.eu\/GroupeOne2016\/wordpress\/#\/schema\/person\/image\/\",\"url\":\"https:\/\/secure.gravatar.com\/avatar\/60c7ceeedcfe758765fe2e9bcd7e7970?s=96&d=mm&r=g\",\"contentUrl\":\"https:\/\/secure.gravatar.com\/avatar\/60c7ceeedcfe758765fe2e9bcd7e7970?s=96&d=mm&r=g\",\"caption\":\"Magali Ronsmans\"},\"url\":\"https:\/\/ns381463.ip-94-23-248.eu\/GroupeOne2016\/wordpress\/author\/g1-magali\/\"}]}<\/script>\n<!-- \/ Yoast SEO plugin. -->","yoast_head_json":{"title":"La Circular Academy : la seconde session en f\u00e9vrier - Groupe One","robots":{"index":"index","follow":"follow","max-snippet":"max-snippet:-1","max-image-preview":"max-image-preview:large","max-video-preview":"max-video-preview:-1"},"canonical":"https:\/\/ns381463.ip-94-23-248.eu\/GroupeOne2016\/wordpress\/la-circular-academy-la-seconde-session-en-fevrier\/","og_locale":"fr_FR","og_type":"article","og_title":"La Circular Academy : la seconde session en f\u00e9vrier - Groupe One","og_description":"La Circular Academy, c'est quoi ? Un programme d'accompagnement qui repose sur (1) une m\u00e9thodologie vari\u00e9e d'accompagnement (mixit\u00e9 entre approche collective\/participative et approche individuelle) et (2) un set d'outils, adapt\u00e9s [&hellip;]","og_url":"https:\/\/ns381463.ip-94-23-248.eu\/GroupeOne2016\/wordpress\/la-circular-academy-la-seconde-session-en-fevrier\/","og_site_name":"Groupe One","article_published_time":"2021-01-12T16:50:41+00:00","article_modified_time":"2021-01-27T14:51:02+00:00","og_image":[{"width":1200,"height":630,"url":"https:\/\/ns381463.ip-94-23-248.eu\/GroupeOne2016\/wordpress\/wp-content\/uploads\/2021\/01\/Copie-de-Circular-Academy.png","type":"image\/png"}],"author":"Magali Ronsmans","twitter_card":"summary_large_image","twitter_misc":{"\u00c9crit par":"Magali Ronsmans","Dur\u00e9e de lecture estim\u00e9e":"2 minutes"},"schema":{"@context":"https:\/\/schema.org","@graph":[{"@type":"WebPage","@id":"https:\/\/ns381463.ip-94-23-248.eu\/GroupeOne2016\/wordpress\/la-circular-academy-la-seconde-session-en-fevrier\/","url":"https:\/\/ns381463.ip-94-23-248.eu\/GroupeOne2016\/wordpress\/la-circular-academy-la-seconde-session-en-fevrier\/","name":"La Circular Academy : la seconde session en f\u00e9vrier - Groupe One","isPartOf":{"@id":"https:\/\/ns381463.ip-94-23-248.eu\/GroupeOne2016\/wordpress\/#website"},"datePublished":"2021-01-12T16:50:41+00:00","dateModified":"2021-01-27T14:51:02+00:00","author":{"@id":"https:\/\/ns381463.ip-94-23-248.eu\/GroupeOne2016\/wordpress\/#\/schema\/person\/1d485675d51de89080490a4a3d011af2"},"breadcrumb":{"@id":"https:\/\/ns381463.ip-94-23-248.eu\/GroupeOne2016\/wordpress\/la-circular-academy-la-seconde-session-en-fevrier\/#breadcrumb"},"inLanguage":"fr-FR","potentialAction":[{"@type":"ReadAction","target":["https:\/\/ns381463.ip-94-23-248.eu\/GroupeOne2016\/wordpress\/la-circular-academy-la-seconde-session-en-fevrier\/"]}]},{"@type":"BreadcrumbList","@id":"https:\/\/ns381463.ip-94-23-248.eu\/GroupeOne2016\/wordpress\/la-circular-academy-la-seconde-session-en-fevrier\/#breadcrumb","itemListElement":[{"@type":"ListItem","position":1,"name":"Accueil","item":"https:\/\/ns381463.ip-94-23-248.eu\/GroupeOne2016\/wordpress\/"},{"@type":"ListItem","position":2,"name":"La Circular Academy : la seconde session en f\u00e9vrier"}]},{"@type":"WebSite","@id":"https:\/\/ns381463.ip-94-23-248.eu\/GroupeOne2016\/wordpress\/#website","url":"https:\/\/ns381463.ip-94-23-248.eu\/GroupeOne2016\/wordpress\/","name":"Groupe One","description":"Groupe One est une organisation belge qui facilite la transition vers une \u00e9conomie durable. Elle est active \u00e0 Bruxelles et en Wallonie.","potentialAction":[{"@type":"SearchAction","target":{"@type":"EntryPoint","urlTemplate":"https:\/\/ns381463.ip-94-23-248.eu\/GroupeOne2016\/wordpress\/?s={search_term_string}"},"query-input":"required name=search_term_string"}],"inLanguage":"fr-FR"},{"@type":"Person","@id":"https:\/\/ns381463.ip-94-23-248.eu\/GroupeOne2016\/wordpress\/#\/schema\/person\/1d485675d51de89080490a4a3d011af2","name":"Magali Ronsmans","image":{"@type":"ImageObject","inLanguage":"fr-FR","@id":"https:\/\/ns381463.ip-94-23-248.eu\/GroupeOne2016\/wordpress\/#\/schema\/person\/image\/","url":"https:\/\/secure.gravatar.com\/avatar\/60c7ceeedcfe758765fe2e9bcd7e7970?s=96&d=mm&r=g","contentUrl":"https:\/\/secure.gravatar.com\/avatar\/60c7ceeedcfe758765fe2e9bcd7e7970?s=96&d=mm&r=g","caption":"Magali Ronsmans"},"url":"https:\/\/ns381463.ip-94-23-248.eu\/GroupeOne2016\/wordpress\/author\/g1-magali\/"}]}},"_links":{"self":[{"href":"https:\/\/ns381463.ip-94-23-248.eu\/GroupeOne2016\/wordpress\/wp-json\/wp\/v2\/posts\/129080"}],"collection":[{"href":"https:\/\/ns381463.ip-94-23-248.eu\/GroupeOne2016\/wordpress\/wp-json\/wp\/v2\/posts"}],"about":[{"href":"https:\/\/ns381463.ip-94-23-248.eu\/GroupeOne2016\/wordpress\/wp-json\/wp\/v2\/types\/post"}],"author":[{"embeddable":true,"href":"https:\/\/ns381463.ip-94-23-248.eu\/GroupeOne2016\/wordpress\/wp-json\/wp\/v2\/users\/10"}],"replies":[{"embeddable":true,"href":"https:\/\/ns381463.ip-94-23-248.eu\/GroupeOne2016\/wordpress\/wp-json\/wp\/v2\/comments?post=129080"}],"version-history":[{"count":3,"href":"https:\/\/ns381463.ip-94-23-248.eu\/GroupeOne2016\/wordpress\/wp-json\/wp\/v2\/posts\/129080\/revisions"}],"predecessor-version":[{"id":129186,"href":"https:\/\/ns381463.ip-94-23-248.eu\/GroupeOne2016\/wordpress\/wp-json\/wp\/v2\/posts\/129080\/revisions\/129186"}],"wp:featuredmedia":[{"embeddable":true,"href":"https:\/\/ns381463.ip-94-23-248.eu\/GroupeOne2016\/wordpress\/wp-json\/wp\/v2\/media\/129081"}],"wp:attachment":[{"href":"https:\/\/ns381463.ip-94-23-248.eu\/GroupeOne2016\/wordpress\/wp-json\/wp\/v2\/media?parent=129080"}],"wp:term":[{"taxonomy":"category","embeddable":true,"href":"https:\/\/ns381463.ip-94-23-248.eu\/GroupeOne2016\/wordpress\/wp-json\/wp\/v2\/categories?post=129080"},{"taxonomy":"post_tag","embeddable":true,"href":"https:\/\/ns381463.ip-94-23-248.eu\/GroupeOne2016\/wordpress\/wp-json\/wp\/v2\/tags?post=129080"}],"curies":[{"name":"wp","href":"https:\/\/api.w.org\/{rel}","templated":true}]}}