{"id":128599,"date":"2020-09-23T16:33:31","date_gmt":"2020-09-23T14:33:31","guid":{"rendered":"https:\/\/ns381463.ip-94-23-248.eu\/GroupeOne2016\/wordpress\/?p=128599"},"modified":"2023-01-06T10:31:37","modified_gmt":"2023-01-06T09:31:37","slug":"juna-interview-de-julie-et-anais","status":"publish","type":"post","link":"https:\/\/ns381463.ip-94-23-248.eu\/GroupeOne2016\/wordpress\/juna-interview-de-julie-et-anais\/","title":{"rendered":"Juna &#8211; Interview de Julie et Ana\u00efs"},"content":{"rendered":"<p><strong>JUNA : <\/strong><strong>Une bulle conviviale d\u00e9di\u00e9e au z\u00e9ro d\u00e9chet<\/strong><\/p>\n<p>JUNA, c\u2019est le projet de Julie et Ana\u00efs, un concept store d\u00e9di\u00e9 au bien-\u00eatre et au z\u00e9ro d\u00e9chet. Elles proposent une gamme de produits de soin, de beaut\u00e9 et d\u2019entretien pour la maison avec un minimum de packaging (voire pas du tout, via leur gamme propos\u00e9e en vrac). Des produits locaux, \u00e9thiques et respectueux de l\u2019environnement, rigoureusement s\u00e9lectionn\u00e9s par nos deux fondatrices. Au-del\u00e0 de la boutique z\u00e9ro d\u00e9chet, elles proposent un programme d\u2019ateliers Do It Yourself et bien-\u00eatre (cours de yoga, ateliers pour apprendre \u00e0 faire ses cosm\u00e9tiques ou ses produits de nettoyage\u2026). Et pour apporter encore une touche de convivialit\u00e9 au concept, Julie et Ana\u00efs ont install\u00e9 un espace caf\u00e9-p\u00e2tisserie, avec des livres de cosm\u00e9tiques z\u00e9ro d\u00e9chet mis \u00e0 disposition de ceux qui aiment prendre le temps !<\/p>\n<p>Accompagn\u00e9 par CREO, Julie et Ana\u00efs reviennent sur le lancement de leur projet en juin dernier et les d\u00e9fis \u00e0 relever dans les mois \u00e0 venir.<\/p>\n<p><img decoding=\"async\" loading=\"lazy\" class=\"size-medium wp-image-128602 aligncenter\" src=\"https:\/\/ns381463.ip-94-23-248.eu\/GroupeOne2016\/wordpress\/wp-content\/uploads\/2020\/09\/Juna1-300x200.jpg\" alt=\"\" width=\"300\" height=\"200\" \/><\/p>\n<p><strong>Bonjour Julie et Ana\u00efs\u00a0et bravo pour le lancement de votre projet\u00a0!<\/strong><\/p>\n<p><strong>Racontez-nous\u00a0: comment \u00e7a s\u2019est pass\u00e9\u00a0?<\/strong><\/p>\n<p>Le projet \u00e9volue dans nos t\u00eates depuis 2 ans, nous avons fait beaucoup de recherches sur les march\u00e9s concurrents, sur les besoins de nos futurs clients. Et puis, fin 2019, nous avons \u00e9t\u00e9 accompagn\u00e9es par CREO\u00a0: Alexandre Bertrand nous a guid\u00e9es vers les derni\u00e8res \u00e9tapes utiles pour fignoler notre plan financier et se lancer.<\/p>\n<p><img decoding=\"async\" loading=\"lazy\" class=\"size-medium wp-image-128604 alignleft\" src=\"https:\/\/ns381463.ip-94-23-248.eu\/GroupeOne2016\/wordpress\/wp-content\/uploads\/2020\/09\/Juna-300x200.jpg\" alt=\"\" width=\"300\" height=\"200\" \/><\/p>\n<p>Nous avons ouvert les portes de la boutique en juin dernier, d\u00e8s que la fin du confinement le permettait. L\u2019ouverture a bien s\u00fbr \u00e9t\u00e9 un peu chamboul\u00e9e et retard\u00e9e suite au coronavirus (livraisons, prestataires, etc.) mais nous avions d\u00e9j\u00e0 un stock disponible pour ouvrir la boutique.<\/p>\n<p>&nbsp;<\/p>\n<p>&nbsp;<\/p>\n<p>&nbsp;<\/p>\n<p><strong>Quels sont vos objectifs pour cette fin d\u2019ann\u00e9e et pour 2021 ?<\/strong><\/p>\n<p>Nous pr\u00e9parons le lancement d\u2019un E-shop, et nous souhaitons d\u00e9ployer davantage notre communication et des partenariats B to B. Nous proposerons notamment des cadeaux de fin d\u2019ann\u00e9e \u00e9thiques pour les entreprises.<\/p>\n<p>Nous organisons r\u00e9guli\u00e8rement des concours sur les r\u00e9seaux sociaux, l\u2019occasion de venir d\u00e9couvrir nos produits. Nous travaillons \u00e9galement sur le programme de nos ateliers\/events. Et puis, nous pr\u00e9voyons d\u2019\u00e9largir notre gamme avec des produits pour les hommes ou sp\u00e9cifiquement adapt\u00e9s pour les femmes enceintes.<\/p>\n<p><strong>Quel message avez-vous envie de faire passer \u00e0 vos clients potentiels ?<\/strong><\/p>\n<p>Nous souhaitons accompagner chacun vers un mode de vie plus durable, les inviter \u00e0 la d\u00e9couverte des produits locaux et de qualit\u00e9, et montrer qu\u2019on peut prendre soin de soi et de sa sant\u00e9 tout en veillant au respect de la plan\u00e8te. Une d\u00e9marche qui passe par le choix de bons ingr\u00e9dients\u00a0et une r\u00e9duction de la production de d\u00e9chets !<\/p>\n<p><strong>Avez-vous envie de partager un conseil, une exp\u00e9rience, une phrase inspirante&#8230; \u00e0 de futurs entrepreneurs ?<\/strong><\/p>\n<p>A partir du moment o\u00f9 l\u2019on a une id\u00e9e m\u00fbrement r\u00e9fl\u00e9chie, il faut foncer\u00a0! Il est important de s\u2019entourer des bonnes personnes pour \u00eatre conseill\u00e9s, accompagn\u00e9s. Et surtout, ne pas vouloir tout faire en m\u00eame temps et fixer des priorit\u00e9s\u00a0!<\/p>\n<p><img decoding=\"async\" loading=\"lazy\" class=\"size-medium wp-image-128605 alignleft\" src=\"https:\/\/ns381463.ip-94-23-248.eu\/GroupeOne2016\/wordpress\/wp-content\/uploads\/2020\/09\/Juna2-223x300.jpg\" alt=\"\" width=\"223\" height=\"300\" \/><\/p>\n<p><strong>D\u00e9couvrez le projet sur <\/strong><a href=\"http:\/\/www.junaconceptstore.be\"><strong>http:\/\/www.junaconceptstore.be<\/strong><\/a><\/p>\n<p><strong>Et suivez l\u2019actu et l\u2019agenda des \u00e9v\u00e8nements <\/strong><a href=\"https:\/\/www.facebook.com\/junaconceptstore\/\"><strong>sur leur page Facebook.<\/strong><\/a><\/p>\n","protected":false},"excerpt":{"rendered":"<p>JUNA : Une bulle conviviale d\u00e9di\u00e9e au z\u00e9ro d\u00e9chet JUNA, c\u2019est le projet de Julie et Ana\u00efs, un concept store d\u00e9di\u00e9 au bien-\u00eatre et au z\u00e9ro d\u00e9chet. Elles proposent une [&hellip;]<\/p>\n","protected":false},"author":10,"featured_media":128600,"comment_status":"open","ping_status":"open","sticky":false,"template":"","format":"standard","meta":{"_et_pb_use_builder":"","_et_pb_old_content":"","_et_gb_content_width":""},"categories":[88],"tags":[],"yoast_head":"<!-- This site is optimized with the Yoast SEO plugin v19.13 - https:\/\/yoast.com\/wordpress\/plugins\/seo\/ -->\n<title>Juna - Interview de Julie et Ana\u00efs - Groupe One<\/title>\n<meta name=\"robots\" content=\"index, follow, max-snippet:-1, max-image-preview:large, max-video-preview:-1\" \/>\n<link rel=\"canonical\" href=\"https:\/\/ns381463.ip-94-23-248.eu\/GroupeOne2016\/wordpress\/juna-interview-de-julie-et-anais\/\" \/>\n<meta property=\"og:locale\" content=\"fr_FR\" \/>\n<meta property=\"og:type\" content=\"article\" \/>\n<meta property=\"og:title\" content=\"Juna - Interview de Julie et Ana\u00efs - Groupe One\" \/>\n<meta property=\"og:description\" content=\"JUNA : Une bulle conviviale d\u00e9di\u00e9e au z\u00e9ro d\u00e9chet JUNA, c\u2019est le projet de Julie et Ana\u00efs, un concept store d\u00e9di\u00e9 au bien-\u00eatre et au z\u00e9ro d\u00e9chet. Elles proposent une [&hellip;]\" \/>\n<meta property=\"og:url\" content=\"https:\/\/ns381463.ip-94-23-248.eu\/GroupeOne2016\/wordpress\/juna-interview-de-julie-et-anais\/\" \/>\n<meta property=\"og:site_name\" content=\"Groupe One\" \/>\n<meta property=\"article:published_time\" content=\"2020-09-23T14:33:31+00:00\" \/>\n<meta property=\"article:modified_time\" content=\"2023-01-06T09:31:37+00:00\" \/>\n<meta property=\"og:image\" content=\"https:\/\/ns381463.ip-94-23-248.eu\/GroupeOne2016\/wordpress\/wp-content\/uploads\/2020\/09\/Junaconcept.png\" \/>\n\t<meta property=\"og:image:width\" content=\"2048\" \/>\n\t<meta property=\"og:image:height\" content=\"2048\" \/>\n\t<meta property=\"og:image:type\" content=\"image\/png\" \/>\n<meta name=\"author\" content=\"Magali Ronsmans\" \/>\n<meta name=\"twitter:card\" content=\"summary_large_image\" \/>\n<meta name=\"twitter:label1\" content=\"\u00c9crit par\" \/>\n\t<meta name=\"twitter:data1\" content=\"Magali Ronsmans\" \/>\n\t<meta name=\"twitter:label2\" content=\"Dur\u00e9e de lecture estim\u00e9e\" \/>\n\t<meta name=\"twitter:data2\" content=\"4 minutes\" \/>\n<script type=\"application\/ld+json\" class=\"yoast-schema-graph\">{\"@context\":\"https:\/\/schema.org\",\"@graph\":[{\"@type\":\"WebPage\",\"@id\":\"https:\/\/ns381463.ip-94-23-248.eu\/GroupeOne2016\/wordpress\/juna-interview-de-julie-et-anais\/\",\"url\":\"https:\/\/ns381463.ip-94-23-248.eu\/GroupeOne2016\/wordpress\/juna-interview-de-julie-et-anais\/\",\"name\":\"Juna - Interview de Julie et Ana\u00efs - Groupe One\",\"isPartOf\":{\"@id\":\"https:\/\/ns381463.ip-94-23-248.eu\/GroupeOne2016\/wordpress\/#website\"},\"datePublished\":\"2020-09-23T14:33:31+00:00\",\"dateModified\":\"2023-01-06T09:31:37+00:00\",\"author\":{\"@id\":\"https:\/\/ns381463.ip-94-23-248.eu\/GroupeOne2016\/wordpress\/#\/schema\/person\/1d485675d51de89080490a4a3d011af2\"},\"breadcrumb\":{\"@id\":\"https:\/\/ns381463.ip-94-23-248.eu\/GroupeOne2016\/wordpress\/juna-interview-de-julie-et-anais\/#breadcrumb\"},\"inLanguage\":\"fr-FR\",\"potentialAction\":[{\"@type\":\"ReadAction\",\"target\":[\"https:\/\/ns381463.ip-94-23-248.eu\/GroupeOne2016\/wordpress\/juna-interview-de-julie-et-anais\/\"]}]},{\"@type\":\"BreadcrumbList\",\"@id\":\"https:\/\/ns381463.ip-94-23-248.eu\/GroupeOne2016\/wordpress\/juna-interview-de-julie-et-anais\/#breadcrumb\",\"itemListElement\":[{\"@type\":\"ListItem\",\"position\":1,\"name\":\"Accueil\",\"item\":\"https:\/\/ns381463.ip-94-23-248.eu\/GroupeOne2016\/wordpress\/\"},{\"@type\":\"ListItem\",\"position\":2,\"name\":\"Juna &#8211; Interview de Julie et Ana\u00efs\"}]},{\"@type\":\"WebSite\",\"@id\":\"https:\/\/ns381463.ip-94-23-248.eu\/GroupeOne2016\/wordpress\/#website\",\"url\":\"https:\/\/ns381463.ip-94-23-248.eu\/GroupeOne2016\/wordpress\/\",\"name\":\"Groupe One\",\"description\":\"Groupe One est une organisation belge qui facilite la transition vers une \u00e9conomie durable. Elle est active \u00e0 Bruxelles et en Wallonie.\",\"potentialAction\":[{\"@type\":\"SearchAction\",\"target\":{\"@type\":\"EntryPoint\",\"urlTemplate\":\"https:\/\/ns381463.ip-94-23-248.eu\/GroupeOne2016\/wordpress\/?s={search_term_string}\"},\"query-input\":\"required name=search_term_string\"}],\"inLanguage\":\"fr-FR\"},{\"@type\":\"Person\",\"@id\":\"https:\/\/ns381463.ip-94-23-248.eu\/GroupeOne2016\/wordpress\/#\/schema\/person\/1d485675d51de89080490a4a3d011af2\",\"name\":\"Magali Ronsmans\",\"image\":{\"@type\":\"ImageObject\",\"inLanguage\":\"fr-FR\",\"@id\":\"https:\/\/ns381463.ip-94-23-248.eu\/GroupeOne2016\/wordpress\/#\/schema\/person\/image\/\",\"url\":\"https:\/\/secure.gravatar.com\/avatar\/60c7ceeedcfe758765fe2e9bcd7e7970?s=96&d=mm&r=g\",\"contentUrl\":\"https:\/\/secure.gravatar.com\/avatar\/60c7ceeedcfe758765fe2e9bcd7e7970?s=96&d=mm&r=g\",\"caption\":\"Magali Ronsmans\"},\"url\":\"https:\/\/ns381463.ip-94-23-248.eu\/GroupeOne2016\/wordpress\/author\/g1-magali\/\"}]}<\/script>\n<!-- \/ Yoast SEO plugin. -->","yoast_head_json":{"title":"Juna - Interview de Julie et Ana\u00efs - Groupe One","robots":{"index":"index","follow":"follow","max-snippet":"max-snippet:-1","max-image-preview":"max-image-preview:large","max-video-preview":"max-video-preview:-1"},"canonical":"https:\/\/ns381463.ip-94-23-248.eu\/GroupeOne2016\/wordpress\/juna-interview-de-julie-et-anais\/","og_locale":"fr_FR","og_type":"article","og_title":"Juna - Interview de Julie et Ana\u00efs - Groupe One","og_description":"JUNA : Une bulle conviviale d\u00e9di\u00e9e au z\u00e9ro d\u00e9chet JUNA, c\u2019est le projet de Julie et Ana\u00efs, un concept store d\u00e9di\u00e9 au bien-\u00eatre et au z\u00e9ro d\u00e9chet. Elles proposent une [&hellip;]","og_url":"https:\/\/ns381463.ip-94-23-248.eu\/GroupeOne2016\/wordpress\/juna-interview-de-julie-et-anais\/","og_site_name":"Groupe One","article_published_time":"2020-09-23T14:33:31+00:00","article_modified_time":"2023-01-06T09:31:37+00:00","og_image":[{"width":2048,"height":2048,"url":"https:\/\/ns381463.ip-94-23-248.eu\/GroupeOne2016\/wordpress\/wp-content\/uploads\/2020\/09\/Junaconcept.png","type":"image\/png"}],"author":"Magali Ronsmans","twitter_card":"summary_large_image","twitter_misc":{"\u00c9crit par":"Magali Ronsmans","Dur\u00e9e de lecture estim\u00e9e":"4 minutes"},"schema":{"@context":"https:\/\/schema.org","@graph":[{"@type":"WebPage","@id":"https:\/\/ns381463.ip-94-23-248.eu\/GroupeOne2016\/wordpress\/juna-interview-de-julie-et-anais\/","url":"https:\/\/ns381463.ip-94-23-248.eu\/GroupeOne2016\/wordpress\/juna-interview-de-julie-et-anais\/","name":"Juna - Interview de Julie et Ana\u00efs - Groupe One","isPartOf":{"@id":"https:\/\/ns381463.ip-94-23-248.eu\/GroupeOne2016\/wordpress\/#website"},"datePublished":"2020-09-23T14:33:31+00:00","dateModified":"2023-01-06T09:31:37+00:00","author":{"@id":"https:\/\/ns381463.ip-94-23-248.eu\/GroupeOne2016\/wordpress\/#\/schema\/person\/1d485675d51de89080490a4a3d011af2"},"breadcrumb":{"@id":"https:\/\/ns381463.ip-94-23-248.eu\/GroupeOne2016\/wordpress\/juna-interview-de-julie-et-anais\/#breadcrumb"},"inLanguage":"fr-FR","potentialAction":[{"@type":"ReadAction","target":["https:\/\/ns381463.ip-94-23-248.eu\/GroupeOne2016\/wordpress\/juna-interview-de-julie-et-anais\/"]}]},{"@type":"BreadcrumbList","@id":"https:\/\/ns381463.ip-94-23-248.eu\/GroupeOne2016\/wordpress\/juna-interview-de-julie-et-anais\/#breadcrumb","itemListElement":[{"@type":"ListItem","position":1,"name":"Accueil","item":"https:\/\/ns381463.ip-94-23-248.eu\/GroupeOne2016\/wordpress\/"},{"@type":"ListItem","position":2,"name":"Juna &#8211; Interview de Julie et Ana\u00efs"}]},{"@type":"WebSite","@id":"https:\/\/ns381463.ip-94-23-248.eu\/GroupeOne2016\/wordpress\/#website","url":"https:\/\/ns381463.ip-94-23-248.eu\/GroupeOne2016\/wordpress\/","name":"Groupe One","description":"Groupe One est une organisation belge qui facilite la transition vers une \u00e9conomie durable. Elle est active \u00e0 Bruxelles et en Wallonie.","potentialAction":[{"@type":"SearchAction","target":{"@type":"EntryPoint","urlTemplate":"https:\/\/ns381463.ip-94-23-248.eu\/GroupeOne2016\/wordpress\/?s={search_term_string}"},"query-input":"required name=search_term_string"}],"inLanguage":"fr-FR"},{"@type":"Person","@id":"https:\/\/ns381463.ip-94-23-248.eu\/GroupeOne2016\/wordpress\/#\/schema\/person\/1d485675d51de89080490a4a3d011af2","name":"Magali Ronsmans","image":{"@type":"ImageObject","inLanguage":"fr-FR","@id":"https:\/\/ns381463.ip-94-23-248.eu\/GroupeOne2016\/wordpress\/#\/schema\/person\/image\/","url":"https:\/\/secure.gravatar.com\/avatar\/60c7ceeedcfe758765fe2e9bcd7e7970?s=96&d=mm&r=g","contentUrl":"https:\/\/secure.gravatar.com\/avatar\/60c7ceeedcfe758765fe2e9bcd7e7970?s=96&d=mm&r=g","caption":"Magali Ronsmans"},"url":"https:\/\/ns381463.ip-94-23-248.eu\/GroupeOne2016\/wordpress\/author\/g1-magali\/"}]}},"_links":{"self":[{"href":"https:\/\/ns381463.ip-94-23-248.eu\/GroupeOne2016\/wordpress\/wp-json\/wp\/v2\/posts\/128599"}],"collection":[{"href":"https:\/\/ns381463.ip-94-23-248.eu\/GroupeOne2016\/wordpress\/wp-json\/wp\/v2\/posts"}],"about":[{"href":"https:\/\/ns381463.ip-94-23-248.eu\/GroupeOne2016\/wordpress\/wp-json\/wp\/v2\/types\/post"}],"author":[{"embeddable":true,"href":"https:\/\/ns381463.ip-94-23-248.eu\/GroupeOne2016\/wordpress\/wp-json\/wp\/v2\/users\/10"}],"replies":[{"embeddable":true,"href":"https:\/\/ns381463.ip-94-23-248.eu\/GroupeOne2016\/wordpress\/wp-json\/wp\/v2\/comments?post=128599"}],"version-history":[{"count":4,"href":"https:\/\/ns381463.ip-94-23-248.eu\/GroupeOne2016\/wordpress\/wp-json\/wp\/v2\/posts\/128599\/revisions"}],"predecessor-version":[{"id":128603,"href":"https:\/\/ns381463.ip-94-23-248.eu\/GroupeOne2016\/wordpress\/wp-json\/wp\/v2\/posts\/128599\/revisions\/128603"}],"wp:featuredmedia":[{"embeddable":true,"href":"https:\/\/ns381463.ip-94-23-248.eu\/GroupeOne2016\/wordpress\/wp-json\/wp\/v2\/media\/128600"}],"wp:attachment":[{"href":"https:\/\/ns381463.ip-94-23-248.eu\/GroupeOne2016\/wordpress\/wp-json\/wp\/v2\/media?parent=128599"}],"wp:term":[{"taxonomy":"category","embeddable":true,"href":"https:\/\/ns381463.ip-94-23-248.eu\/GroupeOne2016\/wordpress\/wp-json\/wp\/v2\/categories?post=128599"},{"taxonomy":"post_tag","embeddable":true,"href":"https:\/\/ns381463.ip-94-23-248.eu\/GroupeOne2016\/wordpress\/wp-json\/wp\/v2\/tags?post=128599"}],"curies":[{"name":"wp","href":"https:\/\/api.w.org\/{rel}","templated":true}]}}