{"id":128576,"date":"2020-09-15T18:23:47","date_gmt":"2020-09-15T16:23:47","guid":{"rendered":"https:\/\/ns381463.ip-94-23-248.eu\/GroupeOne2016\/wordpress\/?p=128576"},"modified":"2021-01-21T11:45:22","modified_gmt":"2021-01-21T10:45:22","slug":"inauguration-de-la-plateforme-dagriculture-urbaine-et-peri-urbaine-wasabi","status":"publish","type":"post","link":"https:\/\/ns381463.ip-94-23-248.eu\/GroupeOne2016\/wordpress\/inauguration-de-la-plateforme-dagriculture-urbaine-et-peri-urbaine-wasabi\/","title":{"rendered":"WASABI : Inauguration de la plateforme d\u2019agriculture urbaine et p\u00e9ri-urbaine"},"content":{"rendered":"<p>[et_pb_section fb_built=&#8221;1&#8243; _builder_version=&#8221;3.22&#8243;][et_pb_row _builder_version=&#8221;3.25&#8243; background_size=&#8221;initial&#8221; background_position=&#8221;top_left&#8221; background_repeat=&#8221;repeat&#8221;][et_pb_column type=&#8221;4_4&#8243; _builder_version=&#8221;3.25&#8243; custom_padding=&#8221;|||&#8221; custom_padding__hover=&#8221;|||&#8221;][et_pb_text _builder_version=&#8221;3.27.4&#8243; background_size=&#8221;initial&#8221; background_position=&#8221;top_left&#8221; background_repeat=&#8221;repeat&#8221;]<\/p>\n<div class=\"mceTemp\"><\/div>\n<div id=\"attachment_128726\" style=\"width: 310px\" class=\"wp-caption aligncenter\"><img decoding=\"async\" loading=\"lazy\" aria-describedby=\"caption-attachment-128726\" class=\"size-medium wp-image-128726\" src=\"https:\/\/ns381463.ip-94-23-248.eu\/GroupeOne2016\/wordpress\/wp-content\/uploads\/2020\/09\/WAL_273-300x200.jpg\" alt=\"\" width=\"300\" height=\"200\" \/><p id=\"caption-attachment-128726\" class=\"wp-caption-text\">Gembloux, Belgium &#8211; WASABI inauguration<\/p><\/div>\n<p><span style=\"font-weight: 400;\">Le 23 septembre prochain, \u00e0 Gembloux Agro-Bio Tech ULi\u00e8ge, se tiendra un \u00e9v\u00e9nement majeur pour le secteur de l\u2019agriculture urbaine : l\u2019inauguration de<\/span><a href=\"https:\/\/www.gembloux.uliege.be\/cms\/c_5038552\/fr\/gembloux-wasabi\"> <span style=\"font-weight: 400;\">WASABI<\/span><\/a><span style=\"font-weight: 400;\"> (plateforme WAllonne de Syst\u00e8mes innovants en Agriculture et BIodiversit\u00e9 urbaine). Il s\u2019agit d\u2019un lieu &#8211; au total, 5 hectares du campus de Gembloux &#8211; qui a pour vocation de familiariser ses usagers avec de nouvelles formes d\u2019agriculture urbaines et p\u00e9ri-urbaines et d\u2019\u00e9duquer \u00e0 la biodiversit\u00e9 v\u00e9g\u00e9tale.<\/span><\/p>\n<p><span style=\"font-weight: 400;\">L\u2019\u00e9v\u00e9nement r\u00e9unira une centaine de professionnels du secteur. Apr\u00e8s deux masters classes portant sur l\u2019agriculture urbaine et sur l\u2019am\u00e9nagement de serres en toiture dans le cadre du<\/span><a href=\"http:\/\/groof.eu\/\"> <span style=\"font-weight: 400;\">projet Groof<\/span><\/a><span style=\"font-weight: 400;\">, le Ministre Willy Borsus inaugurera officiellement WASABI.<\/span><\/p>\n<p><span style=\"font-weight: 400;\">L\u2019ouverture au grand public aura lieu au printemps 2021. Toutefois, pour celles et ceux qui le souhaitent, il est possible d\u2019assister virtuellement \u00e0 l\u2019\u00e9v\u00e9nement de 10h \u00e0 16 h 30 : les master classes et s\u00e9ances pl\u00e9ni\u00e8res ci-dessous seront retransmises en direct au format webinaire :<\/span><\/p>\n<ul>\n<li><span style=\"font-weight: 400;\"> \u00a0 \u00a0 \u00a0 <\/span><span style=\"font-weight: 400;\">10-12h Master class par Eric Duchemin (fondateur du Laboratoire sur l\u2019Agriculture Urbaine, au Qu\u00e9bec, Canada)<\/span><\/li>\n<li><span style=\"font-weight: 400;\"> \u00a0 \u00a0 \u00a0 <\/span><span style=\"font-weight: 400;\">13h15-14h45 Master class par les partenaires du projet GROOF &#8211; Greenhouses to Reduce CO2 on Roofs<\/span><\/li>\n<li><span style=\"font-weight: 400;\"> \u00a0 \u00a0 \u00a0 <\/span><span style=\"font-weight: 400;\">14h45-16h30 S\u00e9ance pl\u00e9ni\u00e8re : pr\u00e9sentation de la plateforme canadienne CRETEAU (Eric Duchemin) et de la plateforme wallonne WASABI (H. Jijakli)<\/span><\/li>\n<\/ul>\n<p><b><a href=\"https:\/\/my.uliege.be\/portail\/GLU_xt\/accueilTheme.do?ai_idEs=413876&amp;tkRfhId=1598365836414RVtUm\" target=\"_blank\" rel=\"noopener noreferrer\">Inscrivez-vous<\/a> pour suivre les webinaires de la journ\u00e9e<\/b><a href=\"https:\/\/www.gembloux.uliege.be\/cms\/c_5038552\/fr\/gembloux-wasabi\"> <b>WASABI.<\/b><\/a><\/p>\n<p><span style=\"font-weight: 400;\">La journ\u00e9e se poursuivra sur place avec une visite de terrain. Ce sera l\u2019occasion pour les invit\u00e9s de d\u00e9couvrir les divers projets en cours \u00e0 Gembloux Agro-Bio Tech ULi\u00e8ge et composant cette plateforme :<\/span><\/p>\n<ul>\n<li><span style=\"font-weight: 400;\"> \u00a0 \u00a0 \u00a0 <\/span><span style=\"font-weight: 400;\">Agriculture urbaine (recherches en containers de culture pour la production de mol\u00e9cules d\u2019int\u00e9r\u00eat pharmaceutiques, syst\u00e8mes aquaponiques avec le<\/span><a href=\"http:\/\/www.smart-aquaponics.com\/\"> <span style=\"font-weight: 400;\">projet Smart Aquaponics<\/span><\/a><span style=\"font-weight: 400;\">, culture sur toit ou encore parcelles mara\u00eech\u00e8res et buttes permacoles) ;<\/span><\/li>\n<li><span style=\"font-weight: 400;\"> \u00a0 \u00a0 \u00a0 <\/span><span style=\"font-weight: 400;\">Infrastructure d\u00e9di\u00e9e \u00e0 la biodiversit\u00e9 (toitures et mursdc v\u00e9g\u00e9talis\u00e9s et plan de gestion diff\u00e9renci\u00e9e des espaces verts) ;<\/span><\/li>\n<li><span style=\"font-weight: 400;\"> \u00a0 \u00a0 \u00a0 <\/span><span style=\"font-weight: 400;\">Jardin botanique (pr\u00e9sentation de la diversit\u00e9 des plantes \u00e0 fleurs ou angiospermes, plantes ligneuses et herbac\u00e9es) ;<\/span><\/li>\n<li><span style=\"font-weight: 400;\"> \u00a0 \u00a0 \u00a0 <\/span><span style=\"font-weight: 400;\">Jardin de pluie (illustration de l&#8217;int\u00e9gration de la gestion hydrologique multifonctionnelle d&#8217;un site urbain), etc.<\/span><\/li>\n<\/ul>\n<p><span style=\"font-weight: 400;\">Le projet WASABI ainsi que cette journ\u00e9e d&#8217;inauguration sont coordonn\u00e9s par le<\/span><a href=\"https:\/\/www.gembloux.ulg.ac.be\/agriculture-urbaine\/\"> <span style=\"font-weight: 400;\">C-RAU<\/span><\/a><span style=\"font-weight: 400;\"> (Centre de Recherches en Agriculture Urbaine, \u00e0 Gembloux Agro-Bio Tech ULi\u00e8ge), avec le soutien pr\u00e9cieux d&#8217;Interreg North-West Europe<\/span><a href=\"http:\/\/groof.eu\/\"> <span style=\"font-weight: 400;\">Groof<\/span><\/a><\/p>\n<p>&nbsp;<br \/>\n[\/et_pb_text][\/et_pb_column][\/et_pb_row][et_pb_row _builder_version=&#8221;4.7.7&#8243; _module_preset=&#8221;default&#8221;][et_pb_column _builder_version=&#8221;4.7.7&#8243; _module_preset=&#8221;default&#8221; type=&#8221;4_4&#8243;][et_pb_text _builder_version=&#8221;4.7.7&#8243; _module_preset=&#8221;default&#8221; hover_enabled=&#8221;0&#8243; sticky_enabled=&#8221;0&#8243;]<\/p>\n<h2 style=\"text-align: center;\">Retour sur cet \u00e9v\u00e9nement en image:<\/h2>\n<p>[\/et_pb_text][\/et_pb_column][\/et_pb_row][et_pb_row _builder_version=&#8221;4.7.7&#8243; _module_preset=&#8221;default&#8221;][et_pb_column _builder_version=&#8221;4.7.7&#8243; _module_preset=&#8221;default&#8221; type=&#8221;4_4&#8243;][et_pb_video src=&#8221;https:\/\/www.youtube.com\/watch?v=9_JUIw1_eEY&#038;list=PL-kVJ4S1sA7B0CSA24z_D_NTMjgVdbKxm&#038;index=1&#8243; _builder_version=&#8221;4.7.7&#8243; _module_preset=&#8221;default&#8221; width=&#8221;52%&#8221; module_alignment=&#8221;center&#8221; hover_enabled=&#8221;0&#8243; sticky_enabled=&#8221;0&#8243;][\/et_pb_video][\/et_pb_column][\/et_pb_row][\/et_pb_section]<\/p>\n","protected":false},"excerpt":{"rendered":"<p>Le 23 septembre prochain, \u00e0 Gembloux Agro-Bio Tech ULi\u00e8ge, se tiendra un \u00e9v\u00e9nement majeur pour le secteur de l\u2019agriculture urbaine : l\u2019inauguration de WASABI (plateforme WAllonne de Syst\u00e8mes innovants en [&hellip;]<\/p>\n","protected":false},"author":10,"featured_media":128577,"comment_status":"open","ping_status":"open","sticky":false,"template":"","format":"standard","meta":{"_et_pb_use_builder":"on","_et_pb_old_content":"<div class=\"mceTemp\">\u00a0<\/div>[caption id=\"attachment_128726\" align=\"aligncenter\" width=\"300\"]<img class=\"size-medium wp-image-128726\" src=\"https:\/\/ns381463.ip-94-23-248.eu\/GroupeOne2016\/wordpress\/wp-content\/uploads\/2020\/09\/WAL_273-300x200.jpg\" alt=\"\" width=\"300\" height=\"200\" \/> Gembloux, Belgium - WASABI inauguration[\/caption]<p><span style=\"font-weight: 400;\">Le 23 septembre prochain, \u00e0 Gembloux Agro-Bio Tech ULi\u00e8ge, se tiendra un \u00e9v\u00e9nement majeur pour le secteur de l\u2019agriculture urbaine : l\u2019inauguration de<\/span><a href=\"https:\/\/www.gembloux.uliege.be\/cms\/c_5038552\/fr\/gembloux-wasabi\"> <span style=\"font-weight: 400;\">WASABI<\/span><\/a><span style=\"font-weight: 400;\"> (plateforme WAllonne de Syst\u00e8mes innovants en Agriculture et BIodiversit\u00e9 urbaine). Il s\u2019agit d\u2019un lieu - au total, 5 hectares du campus de Gembloux - qui a pour vocation de familiariser ses usagers avec de nouvelles formes d\u2019agriculture urbaines et p\u00e9ri-urbaines et d\u2019\u00e9duquer \u00e0 la biodiversit\u00e9 v\u00e9g\u00e9tale.<\/span><\/p><p><span style=\"font-weight: 400;\">L\u2019\u00e9v\u00e9nement r\u00e9unira une centaine de professionnels du secteur. Apr\u00e8s deux masters classes portant sur l\u2019agriculture urbaine et sur l\u2019am\u00e9nagement de serres en toiture dans le cadre du<\/span><a href=\"http:\/\/groof.eu\/\"> <span style=\"font-weight: 400;\">projet Groof<\/span><\/a><span style=\"font-weight: 400;\">, le Ministre Willy Borsus inaugurera officiellement WASABI.<\/span><\/p><p><span style=\"font-weight: 400;\">L\u2019ouverture au grand public aura lieu au printemps 2021. Toutefois, pour celles et ceux qui le souhaitent, il est possible d\u2019assister virtuellement \u00e0 l\u2019\u00e9v\u00e9nement de 10h \u00e0 16 h 30 : les master classes et s\u00e9ances pl\u00e9ni\u00e8res ci-dessous seront retransmises en direct au format webinaire :<\/span><\/p><ul><li><span style=\"font-weight: 400;\"> \u00a0 \u00a0 \u00a0 <\/span><span style=\"font-weight: 400;\">10-12h Master class par Eric Duchemin (fondateur du Laboratoire sur l\u2019Agriculture Urbaine, au Qu\u00e9bec, Canada)<\/span><\/li><li><span style=\"font-weight: 400;\"> \u00a0 \u00a0 \u00a0 <\/span><span style=\"font-weight: 400;\">13h15-14h45 Master class par les partenaires du projet GROOF - Greenhouses to Reduce CO2 on Roofs<\/span><\/li><li><span style=\"font-weight: 400;\"> \u00a0 \u00a0 \u00a0 <\/span><span style=\"font-weight: 400;\">14h45-16h30 S\u00e9ance pl\u00e9ni\u00e8re : pr\u00e9sentation de la plateforme canadienne CRETEAU (Eric Duchemin) et de la plateforme wallonne WASABI (H. Jijakli)<\/span><\/li><\/ul><p><b><a href=\"https:\/\/my.uliege.be\/portail\/GLU_xt\/accueilTheme.do?ai_idEs=413876&tkRfhId=1598365836414RVtUm\" target=\"_blank\" rel=\"noopener noreferrer\">Inscrivez-vous<\/a> pour suivre les webinaires de la journ\u00e9e<\/b><a href=\"https:\/\/www.gembloux.uliege.be\/cms\/c_5038552\/fr\/gembloux-wasabi\"> <b>WASABI.<\/b><\/a><\/p><p><span style=\"font-weight: 400;\">La journ\u00e9e se poursuivra sur place avec une visite de terrain. Ce sera l\u2019occasion pour les invit\u00e9s de d\u00e9couvrir les divers projets en cours \u00e0 Gembloux Agro-Bio Tech ULi\u00e8ge et composant cette plateforme :<\/span><\/p><ul><li><span style=\"font-weight: 400;\"> \u00a0 \u00a0 \u00a0 <\/span><span style=\"font-weight: 400;\">Agriculture urbaine (recherches en containers de culture pour la production de mol\u00e9cules d\u2019int\u00e9r\u00eat pharmaceutiques, syst\u00e8mes aquaponiques avec le<\/span><a href=\"http:\/\/www.smart-aquaponics.com\/\"> <span style=\"font-weight: 400;\">projet Smart Aquaponics<\/span><\/a><span style=\"font-weight: 400;\">, culture sur toit ou encore parcelles mara\u00eech\u00e8res et buttes permacoles) ;<\/span><\/li><li><span style=\"font-weight: 400;\"> \u00a0 \u00a0 \u00a0 <\/span><span style=\"font-weight: 400;\">Infrastructure d\u00e9di\u00e9e \u00e0 la biodiversit\u00e9 (toitures et mursdc v\u00e9g\u00e9talis\u00e9s et plan de gestion diff\u00e9renci\u00e9e des espaces verts) ;<\/span><\/li><li><span style=\"font-weight: 400;\"> \u00a0 \u00a0 \u00a0 <\/span><span style=\"font-weight: 400;\">Jardin botanique (pr\u00e9sentation de la diversit\u00e9 des plantes \u00e0 fleurs ou angiospermes, plantes ligneuses et herbac\u00e9es) ;<\/span><\/li><li><span style=\"font-weight: 400;\"> \u00a0 \u00a0 \u00a0 <\/span><span style=\"font-weight: 400;\">Jardin de pluie (illustration de l'int\u00e9gration de la gestion hydrologique multifonctionnelle d'un site urbain), etc.<\/span><\/li><\/ul><p><span style=\"font-weight: 400;\">Le projet WASABI ainsi que cette journ\u00e9e d'inauguration sont coordonn\u00e9s par le<\/span><a href=\"https:\/\/www.gembloux.ulg.ac.be\/agriculture-urbaine\/\"> <span style=\"font-weight: 400;\">C-RAU<\/span><\/a><span style=\"font-weight: 400;\"> (Centre de Recherches en Agriculture Urbaine, \u00e0 Gembloux Agro-Bio Tech ULi\u00e8ge), avec le soutien pr\u00e9cieux d'Interreg North-West Europe<\/span><a href=\"http:\/\/groof.eu\/\"> <span style=\"font-weight: 400;\">Groof<\/span><\/a><\/p><p>\u00a0<\/p>","_et_gb_content_width":""},"categories":[87],"tags":[],"yoast_head":"<!-- This site is optimized with the Yoast SEO plugin v19.13 - https:\/\/yoast.com\/wordpress\/plugins\/seo\/ -->\n<title>WASABI : Inauguration de la plateforme d\u2019agriculture urbaine et p\u00e9ri-urbaine - Groupe One<\/title>\n<meta name=\"robots\" content=\"index, follow, max-snippet:-1, max-image-preview:large, max-video-preview:-1\" \/>\n<link rel=\"canonical\" href=\"https:\/\/ns381463.ip-94-23-248.eu\/GroupeOne2016\/wordpress\/inauguration-de-la-plateforme-dagriculture-urbaine-et-peri-urbaine-wasabi\/\" \/>\n<meta property=\"og:locale\" content=\"fr_FR\" \/>\n<meta property=\"og:type\" content=\"article\" \/>\n<meta property=\"og:title\" content=\"WASABI : Inauguration de la plateforme d\u2019agriculture urbaine et p\u00e9ri-urbaine - Groupe One\" \/>\n<meta property=\"og:description\" content=\"Le 23 septembre prochain, \u00e0 Gembloux Agro-Bio Tech ULi\u00e8ge, se tiendra un \u00e9v\u00e9nement majeur pour le secteur de l\u2019agriculture urbaine : l\u2019inauguration de WASABI (plateforme WAllonne de Syst\u00e8mes innovants en [&hellip;]\" \/>\n<meta property=\"og:url\" content=\"https:\/\/ns381463.ip-94-23-248.eu\/GroupeOne2016\/wordpress\/inauguration-de-la-plateforme-dagriculture-urbaine-et-peri-urbaine-wasabi\/\" \/>\n<meta property=\"og:site_name\" content=\"Groupe One\" \/>\n<meta property=\"article:published_time\" content=\"2020-09-15T16:23:47+00:00\" \/>\n<meta property=\"article:modified_time\" content=\"2021-01-21T10:45:22+00:00\" \/>\n<meta property=\"og:image\" content=\"https:\/\/ns381463.ip-94-23-248.eu\/GroupeOne2016\/wordpress\/wp-content\/uploads\/2020\/09\/croquis_aerienwasabi.jpg\" \/>\n\t<meta property=\"og:image:width\" content=\"1000\" \/>\n\t<meta property=\"og:image:height\" content=\"400\" \/>\n\t<meta property=\"og:image:type\" content=\"image\/jpeg\" \/>\n<meta name=\"author\" content=\"Magali Ronsmans\" \/>\n<meta name=\"twitter:card\" content=\"summary_large_image\" \/>\n<meta name=\"twitter:label1\" content=\"\u00c9crit par\" \/>\n\t<meta name=\"twitter:data1\" content=\"Magali Ronsmans\" \/>\n\t<meta name=\"twitter:label2\" content=\"Dur\u00e9e de lecture estim\u00e9e\" \/>\n\t<meta name=\"twitter:data2\" content=\"3 minutes\" \/>\n<script type=\"application\/ld+json\" class=\"yoast-schema-graph\">{\"@context\":\"https:\/\/schema.org\",\"@graph\":[{\"@type\":\"WebPage\",\"@id\":\"https:\/\/ns381463.ip-94-23-248.eu\/GroupeOne2016\/wordpress\/inauguration-de-la-plateforme-dagriculture-urbaine-et-peri-urbaine-wasabi\/\",\"url\":\"https:\/\/ns381463.ip-94-23-248.eu\/GroupeOne2016\/wordpress\/inauguration-de-la-plateforme-dagriculture-urbaine-et-peri-urbaine-wasabi\/\",\"name\":\"WASABI : Inauguration de la plateforme d\u2019agriculture urbaine et p\u00e9ri-urbaine - Groupe One\",\"isPartOf\":{\"@id\":\"https:\/\/ns381463.ip-94-23-248.eu\/GroupeOne2016\/wordpress\/#website\"},\"datePublished\":\"2020-09-15T16:23:47+00:00\",\"dateModified\":\"2021-01-21T10:45:22+00:00\",\"author\":{\"@id\":\"https:\/\/ns381463.ip-94-23-248.eu\/GroupeOne2016\/wordpress\/#\/schema\/person\/1d485675d51de89080490a4a3d011af2\"},\"breadcrumb\":{\"@id\":\"https:\/\/ns381463.ip-94-23-248.eu\/GroupeOne2016\/wordpress\/inauguration-de-la-plateforme-dagriculture-urbaine-et-peri-urbaine-wasabi\/#breadcrumb\"},\"inLanguage\":\"fr-FR\",\"potentialAction\":[{\"@type\":\"ReadAction\",\"target\":[\"https:\/\/ns381463.ip-94-23-248.eu\/GroupeOne2016\/wordpress\/inauguration-de-la-plateforme-dagriculture-urbaine-et-peri-urbaine-wasabi\/\"]}]},{\"@type\":\"BreadcrumbList\",\"@id\":\"https:\/\/ns381463.ip-94-23-248.eu\/GroupeOne2016\/wordpress\/inauguration-de-la-plateforme-dagriculture-urbaine-et-peri-urbaine-wasabi\/#breadcrumb\",\"itemListElement\":[{\"@type\":\"ListItem\",\"position\":1,\"name\":\"Accueil\",\"item\":\"https:\/\/ns381463.ip-94-23-248.eu\/GroupeOne2016\/wordpress\/\"},{\"@type\":\"ListItem\",\"position\":2,\"name\":\"WASABI : Inauguration de la plateforme d\u2019agriculture urbaine et p\u00e9ri-urbaine\"}]},{\"@type\":\"WebSite\",\"@id\":\"https:\/\/ns381463.ip-94-23-248.eu\/GroupeOne2016\/wordpress\/#website\",\"url\":\"https:\/\/ns381463.ip-94-23-248.eu\/GroupeOne2016\/wordpress\/\",\"name\":\"Groupe One\",\"description\":\"Groupe One est une organisation belge qui facilite la transition vers une \u00e9conomie durable. Elle est active \u00e0 Bruxelles et en Wallonie.\",\"potentialAction\":[{\"@type\":\"SearchAction\",\"target\":{\"@type\":\"EntryPoint\",\"urlTemplate\":\"https:\/\/ns381463.ip-94-23-248.eu\/GroupeOne2016\/wordpress\/?s={search_term_string}\"},\"query-input\":\"required name=search_term_string\"}],\"inLanguage\":\"fr-FR\"},{\"@type\":\"Person\",\"@id\":\"https:\/\/ns381463.ip-94-23-248.eu\/GroupeOne2016\/wordpress\/#\/schema\/person\/1d485675d51de89080490a4a3d011af2\",\"name\":\"Magali Ronsmans\",\"image\":{\"@type\":\"ImageObject\",\"inLanguage\":\"fr-FR\",\"@id\":\"https:\/\/ns381463.ip-94-23-248.eu\/GroupeOne2016\/wordpress\/#\/schema\/person\/image\/\",\"url\":\"https:\/\/secure.gravatar.com\/avatar\/60c7ceeedcfe758765fe2e9bcd7e7970?s=96&d=mm&r=g\",\"contentUrl\":\"https:\/\/secure.gravatar.com\/avatar\/60c7ceeedcfe758765fe2e9bcd7e7970?s=96&d=mm&r=g\",\"caption\":\"Magali Ronsmans\"},\"url\":\"https:\/\/ns381463.ip-94-23-248.eu\/GroupeOne2016\/wordpress\/author\/g1-magali\/\"}]}<\/script>\n<!-- \/ Yoast SEO plugin. -->","yoast_head_json":{"title":"WASABI : Inauguration de la plateforme d\u2019agriculture urbaine et p\u00e9ri-urbaine - Groupe One","robots":{"index":"index","follow":"follow","max-snippet":"max-snippet:-1","max-image-preview":"max-image-preview:large","max-video-preview":"max-video-preview:-1"},"canonical":"https:\/\/ns381463.ip-94-23-248.eu\/GroupeOne2016\/wordpress\/inauguration-de-la-plateforme-dagriculture-urbaine-et-peri-urbaine-wasabi\/","og_locale":"fr_FR","og_type":"article","og_title":"WASABI : Inauguration de la plateforme d\u2019agriculture urbaine et p\u00e9ri-urbaine - Groupe One","og_description":"Le 23 septembre prochain, \u00e0 Gembloux Agro-Bio Tech ULi\u00e8ge, se tiendra un \u00e9v\u00e9nement majeur pour le secteur de l\u2019agriculture urbaine : l\u2019inauguration de WASABI (plateforme WAllonne de Syst\u00e8mes innovants en [&hellip;]","og_url":"https:\/\/ns381463.ip-94-23-248.eu\/GroupeOne2016\/wordpress\/inauguration-de-la-plateforme-dagriculture-urbaine-et-peri-urbaine-wasabi\/","og_site_name":"Groupe One","article_published_time":"2020-09-15T16:23:47+00:00","article_modified_time":"2021-01-21T10:45:22+00:00","og_image":[{"width":1000,"height":400,"url":"https:\/\/ns381463.ip-94-23-248.eu\/GroupeOne2016\/wordpress\/wp-content\/uploads\/2020\/09\/croquis_aerienwasabi.jpg","type":"image\/jpeg"}],"author":"Magali Ronsmans","twitter_card":"summary_large_image","twitter_misc":{"\u00c9crit par":"Magali Ronsmans","Dur\u00e9e de lecture estim\u00e9e":"3 minutes"},"schema":{"@context":"https:\/\/schema.org","@graph":[{"@type":"WebPage","@id":"https:\/\/ns381463.ip-94-23-248.eu\/GroupeOne2016\/wordpress\/inauguration-de-la-plateforme-dagriculture-urbaine-et-peri-urbaine-wasabi\/","url":"https:\/\/ns381463.ip-94-23-248.eu\/GroupeOne2016\/wordpress\/inauguration-de-la-plateforme-dagriculture-urbaine-et-peri-urbaine-wasabi\/","name":"WASABI : Inauguration de la plateforme d\u2019agriculture urbaine et p\u00e9ri-urbaine - Groupe One","isPartOf":{"@id":"https:\/\/ns381463.ip-94-23-248.eu\/GroupeOne2016\/wordpress\/#website"},"datePublished":"2020-09-15T16:23:47+00:00","dateModified":"2021-01-21T10:45:22+00:00","author":{"@id":"https:\/\/ns381463.ip-94-23-248.eu\/GroupeOne2016\/wordpress\/#\/schema\/person\/1d485675d51de89080490a4a3d011af2"},"breadcrumb":{"@id":"https:\/\/ns381463.ip-94-23-248.eu\/GroupeOne2016\/wordpress\/inauguration-de-la-plateforme-dagriculture-urbaine-et-peri-urbaine-wasabi\/#breadcrumb"},"inLanguage":"fr-FR","potentialAction":[{"@type":"ReadAction","target":["https:\/\/ns381463.ip-94-23-248.eu\/GroupeOne2016\/wordpress\/inauguration-de-la-plateforme-dagriculture-urbaine-et-peri-urbaine-wasabi\/"]}]},{"@type":"BreadcrumbList","@id":"https:\/\/ns381463.ip-94-23-248.eu\/GroupeOne2016\/wordpress\/inauguration-de-la-plateforme-dagriculture-urbaine-et-peri-urbaine-wasabi\/#breadcrumb","itemListElement":[{"@type":"ListItem","position":1,"name":"Accueil","item":"https:\/\/ns381463.ip-94-23-248.eu\/GroupeOne2016\/wordpress\/"},{"@type":"ListItem","position":2,"name":"WASABI : Inauguration de la plateforme d\u2019agriculture urbaine et p\u00e9ri-urbaine"}]},{"@type":"WebSite","@id":"https:\/\/ns381463.ip-94-23-248.eu\/GroupeOne2016\/wordpress\/#website","url":"https:\/\/ns381463.ip-94-23-248.eu\/GroupeOne2016\/wordpress\/","name":"Groupe One","description":"Groupe One est une organisation belge qui facilite la transition vers une \u00e9conomie durable. Elle est active \u00e0 Bruxelles et en Wallonie.","potentialAction":[{"@type":"SearchAction","target":{"@type":"EntryPoint","urlTemplate":"https:\/\/ns381463.ip-94-23-248.eu\/GroupeOne2016\/wordpress\/?s={search_term_string}"},"query-input":"required name=search_term_string"}],"inLanguage":"fr-FR"},{"@type":"Person","@id":"https:\/\/ns381463.ip-94-23-248.eu\/GroupeOne2016\/wordpress\/#\/schema\/person\/1d485675d51de89080490a4a3d011af2","name":"Magali Ronsmans","image":{"@type":"ImageObject","inLanguage":"fr-FR","@id":"https:\/\/ns381463.ip-94-23-248.eu\/GroupeOne2016\/wordpress\/#\/schema\/person\/image\/","url":"https:\/\/secure.gravatar.com\/avatar\/60c7ceeedcfe758765fe2e9bcd7e7970?s=96&d=mm&r=g","contentUrl":"https:\/\/secure.gravatar.com\/avatar\/60c7ceeedcfe758765fe2e9bcd7e7970?s=96&d=mm&r=g","caption":"Magali Ronsmans"},"url":"https:\/\/ns381463.ip-94-23-248.eu\/GroupeOne2016\/wordpress\/author\/g1-magali\/"}]}},"_links":{"self":[{"href":"https:\/\/ns381463.ip-94-23-248.eu\/GroupeOne2016\/wordpress\/wp-json\/wp\/v2\/posts\/128576"}],"collection":[{"href":"https:\/\/ns381463.ip-94-23-248.eu\/GroupeOne2016\/wordpress\/wp-json\/wp\/v2\/posts"}],"about":[{"href":"https:\/\/ns381463.ip-94-23-248.eu\/GroupeOne2016\/wordpress\/wp-json\/wp\/v2\/types\/post"}],"author":[{"embeddable":true,"href":"https:\/\/ns381463.ip-94-23-248.eu\/GroupeOne2016\/wordpress\/wp-json\/wp\/v2\/users\/10"}],"replies":[{"embeddable":true,"href":"https:\/\/ns381463.ip-94-23-248.eu\/GroupeOne2016\/wordpress\/wp-json\/wp\/v2\/comments?post=128576"}],"version-history":[{"count":8,"href":"https:\/\/ns381463.ip-94-23-248.eu\/GroupeOne2016\/wordpress\/wp-json\/wp\/v2\/posts\/128576\/revisions"}],"predecessor-version":[{"id":129109,"href":"https:\/\/ns381463.ip-94-23-248.eu\/GroupeOne2016\/wordpress\/wp-json\/wp\/v2\/posts\/128576\/revisions\/129109"}],"wp:featuredmedia":[{"embeddable":true,"href":"https:\/\/ns381463.ip-94-23-248.eu\/GroupeOne2016\/wordpress\/wp-json\/wp\/v2\/media\/128577"}],"wp:attachment":[{"href":"https:\/\/ns381463.ip-94-23-248.eu\/GroupeOne2016\/wordpress\/wp-json\/wp\/v2\/media?parent=128576"}],"wp:term":[{"taxonomy":"category","embeddable":true,"href":"https:\/\/ns381463.ip-94-23-248.eu\/GroupeOne2016\/wordpress\/wp-json\/wp\/v2\/categories?post=128576"},{"taxonomy":"post_tag","embeddable":true,"href":"https:\/\/ns381463.ip-94-23-248.eu\/GroupeOne2016\/wordpress\/wp-json\/wp\/v2\/tags?post=128576"}],"curies":[{"name":"wp","href":"https:\/\/api.w.org\/{rel}","templated":true}]}}