{"id":128569,"date":"2020-09-15T12:03:34","date_gmt":"2020-09-15T10:03:34","guid":{"rendered":"https:\/\/ns381463.ip-94-23-248.eu\/GroupeOne2016\/wordpress\/?p=128569"},"modified":"2023-01-06T10:32:08","modified_gmt":"2023-01-06T09:32:08","slug":"en-wallonie-le-service-daccompagnement-a-lentrepreneuriat-de-groupe-one-devient-creo","status":"publish","type":"post","link":"https:\/\/ns381463.ip-94-23-248.eu\/GroupeOne2016\/wordpress\/en-wallonie-le-service-daccompagnement-a-lentrepreneuriat-de-groupe-one-devient-creo\/","title":{"rendered":"En Wallonie, le service d\u2019accompagnement \u00e0 l\u2019entrepreneuriat de Groupe One devient CREO !"},"content":{"rendered":"<p>[et_pb_section fb_built=&#8221;1&#8243; admin_label=&#8221;section&#8221; _builder_version=&#8221;4.16&#8243; global_colors_info=&#8221;{}&#8221;][et_pb_row admin_label=&#8221;row&#8221; _builder_version=&#8221;4.16&#8243; background_size=&#8221;initial&#8221; background_position=&#8221;top_left&#8221; background_repeat=&#8221;repeat&#8221; global_colors_info=&#8221;{}&#8221;][et_pb_column type=&#8221;4_4&#8243; _builder_version=&#8221;4.16&#8243; custom_padding=&#8221;|||&#8221; global_colors_info=&#8221;{}&#8221; custom_padding__hover=&#8221;|||&#8221;][et_pb_image src=&#8221;https:\/\/ns381463.ip-94-23-248.eu\/GroupeOne2016\/wordpress\/wp-content\/uploads\/2020\/09\/Selection.jpg&#8221; title_text=&#8221;Selection&#8221; align=&#8221;center&#8221; _builder_version=&#8221;4.16&#8243; _module_preset=&#8221;default&#8221; width=&#8221;35%&#8221; custom_margin=&#8221;-70px||-45px||false|false&#8221; global_colors_info=&#8221;{}&#8221;][\/et_pb_image][et_pb_text admin_label=&#8221;Text&#8221; _builder_version=&#8221;4.16&#8243; background_size=&#8221;initial&#8221; background_position=&#8221;top_left&#8221; background_repeat=&#8221;repeat&#8221; global_colors_info=&#8221;{}&#8221;]<span style=\"font-weight: 400;\">Nos services \u00e0 Braine-le-Comte seront d\u00e9sormais assur\u00e9s sous la banni\u00e8re de l\u2019asbl Creo, agr\u00e9\u00e9e comme structure d&#8217;accompagnement \u00e0 l&#8217;auto cr\u00e9ation d&#8217;emplois (SAACE).<\/span><\/p>\n<p><span style=\"font-weight: 400;\">Depuis plus de 20 ans, Groupe One accompagne les entrepreneurs dans la cr\u00e9ation de leur entreprise \u00e0 Bruxelles (via le <\/span><a href=\"http:\/\/www.villagepartenaire.com\"><span style=\"font-weight: 400;\">Village Partenaire<\/span><\/a><span style=\"font-weight: 400;\">). Dans les deux r\u00e9gions, nos coachs vous aident \u00e0 d\u00e9velopper votre projet et \u00e0 augmenter votre impact positif sur la soci\u00e9t\u00e9 et l\u2019environnement.\u00a0<\/span><\/p>\n<p><span style=\"font-weight: 400;\">L\u2019asbl CREO b\u00e9n\u00e9ficie du co-financement de la Wallonie et du Fonds social europ\u00e9en pour assurer l&#8217;accompagnement \u00e0 l\u2019entrepreneuriat en Wallonie.\u00a0<\/span><\/p>\n<p><span style=\"font-weight: 400;\">Info : <\/span><a href=\"http:\/\/www.creo-asbl.be\/\"><span style=\"font-weight: 400;\">www.creo-asbl.be<\/span><\/a>[\/et_pb_text][\/et_pb_column][\/et_pb_row][\/et_pb_section]<\/p>\n","protected":false},"excerpt":{"rendered":"<p>Nos services \u00e0 Braine-le-Comte seront d\u00e9sormais assur\u00e9s sous la banni\u00e8re de l\u2019asbl Creo, agr\u00e9\u00e9e comme structure d&#8217;accompagnement \u00e0 l&#8217;auto cr\u00e9ation d&#8217;emplois (SAACE). Depuis plus de 20 ans, Groupe One accompagne [&hellip;]<\/p>\n","protected":false},"author":10,"featured_media":128554,"comment_status":"open","ping_status":"open","sticky":false,"template":"","format":"standard","meta":{"_et_pb_use_builder":"on","_et_pb_old_content":"<span style=\"font-weight: 400;\">Nos services \u00e0 Braine-le-Comte seront d\u00e9sormais assur\u00e9s sous la banni\u00e8re de l\u2019asbl Creo, agr\u00e9\u00e9e comme structure d'accompagnement \u00e0 l'auto cr\u00e9ation d'emplois (SAACE).<\/span>\r\n\r\n<span style=\"font-weight: 400;\">Depuis plus de 20 ans, Groupe One accompagne les entrepreneurs dans la cr\u00e9ation de leur entreprise \u00e0 Bruxelles (via le <\/span><a href=\"http:\/\/www.villagepartenaire.com\"><span style=\"font-weight: 400;\">Village Partenaire<\/span><\/a><span style=\"font-weight: 400;\">). Dans les deux r\u00e9gions, nos coachs vous aident \u00e0 d\u00e9velopper votre projet et \u00e0 augmenter votre impact positif sur la soci\u00e9t\u00e9 et l\u2019environnement.\u00a0<\/span>\r\n\r\n<span style=\"font-weight: 400;\">L\u2019asbl CREO b\u00e9n\u00e9ficie du co-financement de la Wallonie et du Fonds social europ\u00e9en pour assurer l'accompagnement \u00e0 l\u2019entrepreneuriat en Wallonie.\u00a0<\/span>\r\n\r\n<span style=\"font-weight: 400;\">Info : <\/span><a href=\"http:\/\/www.creo-asbl.be\/\"><span style=\"font-weight: 400;\">www.creo-asbl.be<\/span><\/a>","_et_gb_content_width":""},"categories":[87],"tags":[],"yoast_head":"<!-- This site is optimized with the Yoast SEO plugin v19.13 - https:\/\/yoast.com\/wordpress\/plugins\/seo\/ -->\n<title>En Wallonie, le service d\u2019accompagnement \u00e0 l\u2019entrepreneuriat de Groupe One devient CREO ! - Groupe One<\/title>\n<meta name=\"robots\" content=\"index, follow, max-snippet:-1, max-image-preview:large, max-video-preview:-1\" \/>\n<link rel=\"canonical\" href=\"https:\/\/ns381463.ip-94-23-248.eu\/GroupeOne2016\/wordpress\/en-wallonie-le-service-daccompagnement-a-lentrepreneuriat-de-groupe-one-devient-creo\/\" \/>\n<meta property=\"og:locale\" content=\"fr_FR\" \/>\n<meta property=\"og:type\" content=\"article\" \/>\n<meta property=\"og:title\" content=\"En Wallonie, le service d\u2019accompagnement \u00e0 l\u2019entrepreneuriat de Groupe One devient CREO ! - Groupe One\" \/>\n<meta property=\"og:description\" content=\"Nos services \u00e0 Braine-le-Comte seront d\u00e9sormais assur\u00e9s sous la banni\u00e8re de l\u2019asbl Creo, agr\u00e9\u00e9e comme structure d&#039;accompagnement \u00e0 l&#039;auto cr\u00e9ation d&#039;emplois (SAACE). Depuis plus de 20 ans, Groupe One accompagne [&hellip;]\" \/>\n<meta property=\"og:url\" content=\"https:\/\/ns381463.ip-94-23-248.eu\/GroupeOne2016\/wordpress\/en-wallonie-le-service-daccompagnement-a-lentrepreneuriat-de-groupe-one-devient-creo\/\" \/>\n<meta property=\"og:site_name\" content=\"Groupe One\" \/>\n<meta property=\"article:published_time\" content=\"2020-09-15T10:03:34+00:00\" \/>\n<meta property=\"article:modified_time\" content=\"2023-01-06T09:32:08+00:00\" \/>\n<meta property=\"og:image\" content=\"https:\/\/ns381463.ip-94-23-248.eu\/GroupeOne2016\/wordpress\/wp-content\/uploads\/2020\/08\/Selection.jpg\" \/>\n\t<meta property=\"og:image:width\" content=\"550\" \/>\n\t<meta property=\"og:image:height\" content=\"478\" \/>\n\t<meta property=\"og:image:type\" content=\"image\/jpeg\" \/>\n<meta name=\"author\" content=\"Magali Ronsmans\" \/>\n<meta name=\"twitter:card\" content=\"summary_large_image\" \/>\n<meta name=\"twitter:label1\" content=\"\u00c9crit par\" \/>\n\t<meta name=\"twitter:data1\" content=\"Magali Ronsmans\" \/>\n\t<meta name=\"twitter:label2\" content=\"Dur\u00e9e de lecture estim\u00e9e\" \/>\n\t<meta name=\"twitter:data2\" content=\"1 minute\" \/>\n<script type=\"application\/ld+json\" class=\"yoast-schema-graph\">{\"@context\":\"https:\/\/schema.org\",\"@graph\":[{\"@type\":\"WebPage\",\"@id\":\"https:\/\/ns381463.ip-94-23-248.eu\/GroupeOne2016\/wordpress\/en-wallonie-le-service-daccompagnement-a-lentrepreneuriat-de-groupe-one-devient-creo\/\",\"url\":\"https:\/\/ns381463.ip-94-23-248.eu\/GroupeOne2016\/wordpress\/en-wallonie-le-service-daccompagnement-a-lentrepreneuriat-de-groupe-one-devient-creo\/\",\"name\":\"En Wallonie, le service d\u2019accompagnement \u00e0 l\u2019entrepreneuriat de Groupe One devient CREO ! - Groupe One\",\"isPartOf\":{\"@id\":\"https:\/\/ns381463.ip-94-23-248.eu\/GroupeOne2016\/wordpress\/#website\"},\"datePublished\":\"2020-09-15T10:03:34+00:00\",\"dateModified\":\"2023-01-06T09:32:08+00:00\",\"author\":{\"@id\":\"https:\/\/ns381463.ip-94-23-248.eu\/GroupeOne2016\/wordpress\/#\/schema\/person\/1d485675d51de89080490a4a3d011af2\"},\"breadcrumb\":{\"@id\":\"https:\/\/ns381463.ip-94-23-248.eu\/GroupeOne2016\/wordpress\/en-wallonie-le-service-daccompagnement-a-lentrepreneuriat-de-groupe-one-devient-creo\/#breadcrumb\"},\"inLanguage\":\"fr-FR\",\"potentialAction\":[{\"@type\":\"ReadAction\",\"target\":[\"https:\/\/ns381463.ip-94-23-248.eu\/GroupeOne2016\/wordpress\/en-wallonie-le-service-daccompagnement-a-lentrepreneuriat-de-groupe-one-devient-creo\/\"]}]},{\"@type\":\"BreadcrumbList\",\"@id\":\"https:\/\/ns381463.ip-94-23-248.eu\/GroupeOne2016\/wordpress\/en-wallonie-le-service-daccompagnement-a-lentrepreneuriat-de-groupe-one-devient-creo\/#breadcrumb\",\"itemListElement\":[{\"@type\":\"ListItem\",\"position\":1,\"name\":\"Accueil\",\"item\":\"https:\/\/ns381463.ip-94-23-248.eu\/GroupeOne2016\/wordpress\/\"},{\"@type\":\"ListItem\",\"position\":2,\"name\":\"En Wallonie, le service d\u2019accompagnement \u00e0 l\u2019entrepreneuriat de Groupe One devient CREO !\"}]},{\"@type\":\"WebSite\",\"@id\":\"https:\/\/ns381463.ip-94-23-248.eu\/GroupeOne2016\/wordpress\/#website\",\"url\":\"https:\/\/ns381463.ip-94-23-248.eu\/GroupeOne2016\/wordpress\/\",\"name\":\"Groupe One\",\"description\":\"Groupe One est une organisation belge qui facilite la transition vers une \u00e9conomie durable. Elle est active \u00e0 Bruxelles et en Wallonie.\",\"potentialAction\":[{\"@type\":\"SearchAction\",\"target\":{\"@type\":\"EntryPoint\",\"urlTemplate\":\"https:\/\/ns381463.ip-94-23-248.eu\/GroupeOne2016\/wordpress\/?s={search_term_string}\"},\"query-input\":\"required name=search_term_string\"}],\"inLanguage\":\"fr-FR\"},{\"@type\":\"Person\",\"@id\":\"https:\/\/ns381463.ip-94-23-248.eu\/GroupeOne2016\/wordpress\/#\/schema\/person\/1d485675d51de89080490a4a3d011af2\",\"name\":\"Magali Ronsmans\",\"image\":{\"@type\":\"ImageObject\",\"inLanguage\":\"fr-FR\",\"@id\":\"https:\/\/ns381463.ip-94-23-248.eu\/GroupeOne2016\/wordpress\/#\/schema\/person\/image\/\",\"url\":\"https:\/\/secure.gravatar.com\/avatar\/60c7ceeedcfe758765fe2e9bcd7e7970?s=96&d=mm&r=g\",\"contentUrl\":\"https:\/\/secure.gravatar.com\/avatar\/60c7ceeedcfe758765fe2e9bcd7e7970?s=96&d=mm&r=g\",\"caption\":\"Magali Ronsmans\"},\"url\":\"https:\/\/ns381463.ip-94-23-248.eu\/GroupeOne2016\/wordpress\/author\/g1-magali\/\"}]}<\/script>\n<!-- \/ Yoast SEO plugin. -->","yoast_head_json":{"title":"En Wallonie, le service d\u2019accompagnement \u00e0 l\u2019entrepreneuriat de Groupe One devient CREO ! - Groupe One","robots":{"index":"index","follow":"follow","max-snippet":"max-snippet:-1","max-image-preview":"max-image-preview:large","max-video-preview":"max-video-preview:-1"},"canonical":"https:\/\/ns381463.ip-94-23-248.eu\/GroupeOne2016\/wordpress\/en-wallonie-le-service-daccompagnement-a-lentrepreneuriat-de-groupe-one-devient-creo\/","og_locale":"fr_FR","og_type":"article","og_title":"En Wallonie, le service d\u2019accompagnement \u00e0 l\u2019entrepreneuriat de Groupe One devient CREO ! - Groupe One","og_description":"Nos services \u00e0 Braine-le-Comte seront d\u00e9sormais assur\u00e9s sous la banni\u00e8re de l\u2019asbl Creo, agr\u00e9\u00e9e comme structure d'accompagnement \u00e0 l'auto cr\u00e9ation d'emplois (SAACE). Depuis plus de 20 ans, Groupe One accompagne [&hellip;]","og_url":"https:\/\/ns381463.ip-94-23-248.eu\/GroupeOne2016\/wordpress\/en-wallonie-le-service-daccompagnement-a-lentrepreneuriat-de-groupe-one-devient-creo\/","og_site_name":"Groupe One","article_published_time":"2020-09-15T10:03:34+00:00","article_modified_time":"2023-01-06T09:32:08+00:00","og_image":[{"width":550,"height":478,"url":"https:\/\/ns381463.ip-94-23-248.eu\/GroupeOne2016\/wordpress\/wp-content\/uploads\/2020\/08\/Selection.jpg","type":"image\/jpeg"}],"author":"Magali Ronsmans","twitter_card":"summary_large_image","twitter_misc":{"\u00c9crit par":"Magali Ronsmans","Dur\u00e9e de lecture estim\u00e9e":"1 minute"},"schema":{"@context":"https:\/\/schema.org","@graph":[{"@type":"WebPage","@id":"https:\/\/ns381463.ip-94-23-248.eu\/GroupeOne2016\/wordpress\/en-wallonie-le-service-daccompagnement-a-lentrepreneuriat-de-groupe-one-devient-creo\/","url":"https:\/\/ns381463.ip-94-23-248.eu\/GroupeOne2016\/wordpress\/en-wallonie-le-service-daccompagnement-a-lentrepreneuriat-de-groupe-one-devient-creo\/","name":"En Wallonie, le service d\u2019accompagnement \u00e0 l\u2019entrepreneuriat de Groupe One devient CREO ! - Groupe One","isPartOf":{"@id":"https:\/\/ns381463.ip-94-23-248.eu\/GroupeOne2016\/wordpress\/#website"},"datePublished":"2020-09-15T10:03:34+00:00","dateModified":"2023-01-06T09:32:08+00:00","author":{"@id":"https:\/\/ns381463.ip-94-23-248.eu\/GroupeOne2016\/wordpress\/#\/schema\/person\/1d485675d51de89080490a4a3d011af2"},"breadcrumb":{"@id":"https:\/\/ns381463.ip-94-23-248.eu\/GroupeOne2016\/wordpress\/en-wallonie-le-service-daccompagnement-a-lentrepreneuriat-de-groupe-one-devient-creo\/#breadcrumb"},"inLanguage":"fr-FR","potentialAction":[{"@type":"ReadAction","target":["https:\/\/ns381463.ip-94-23-248.eu\/GroupeOne2016\/wordpress\/en-wallonie-le-service-daccompagnement-a-lentrepreneuriat-de-groupe-one-devient-creo\/"]}]},{"@type":"BreadcrumbList","@id":"https:\/\/ns381463.ip-94-23-248.eu\/GroupeOne2016\/wordpress\/en-wallonie-le-service-daccompagnement-a-lentrepreneuriat-de-groupe-one-devient-creo\/#breadcrumb","itemListElement":[{"@type":"ListItem","position":1,"name":"Accueil","item":"https:\/\/ns381463.ip-94-23-248.eu\/GroupeOne2016\/wordpress\/"},{"@type":"ListItem","position":2,"name":"En Wallonie, le service d\u2019accompagnement \u00e0 l\u2019entrepreneuriat de Groupe One devient CREO !"}]},{"@type":"WebSite","@id":"https:\/\/ns381463.ip-94-23-248.eu\/GroupeOne2016\/wordpress\/#website","url":"https:\/\/ns381463.ip-94-23-248.eu\/GroupeOne2016\/wordpress\/","name":"Groupe One","description":"Groupe One est une organisation belge qui facilite la transition vers une \u00e9conomie durable. Elle est active \u00e0 Bruxelles et en Wallonie.","potentialAction":[{"@type":"SearchAction","target":{"@type":"EntryPoint","urlTemplate":"https:\/\/ns381463.ip-94-23-248.eu\/GroupeOne2016\/wordpress\/?s={search_term_string}"},"query-input":"required name=search_term_string"}],"inLanguage":"fr-FR"},{"@type":"Person","@id":"https:\/\/ns381463.ip-94-23-248.eu\/GroupeOne2016\/wordpress\/#\/schema\/person\/1d485675d51de89080490a4a3d011af2","name":"Magali Ronsmans","image":{"@type":"ImageObject","inLanguage":"fr-FR","@id":"https:\/\/ns381463.ip-94-23-248.eu\/GroupeOne2016\/wordpress\/#\/schema\/person\/image\/","url":"https:\/\/secure.gravatar.com\/avatar\/60c7ceeedcfe758765fe2e9bcd7e7970?s=96&d=mm&r=g","contentUrl":"https:\/\/secure.gravatar.com\/avatar\/60c7ceeedcfe758765fe2e9bcd7e7970?s=96&d=mm&r=g","caption":"Magali Ronsmans"},"url":"https:\/\/ns381463.ip-94-23-248.eu\/GroupeOne2016\/wordpress\/author\/g1-magali\/"}]}},"_links":{"self":[{"href":"https:\/\/ns381463.ip-94-23-248.eu\/GroupeOne2016\/wordpress\/wp-json\/wp\/v2\/posts\/128569"}],"collection":[{"href":"https:\/\/ns381463.ip-94-23-248.eu\/GroupeOne2016\/wordpress\/wp-json\/wp\/v2\/posts"}],"about":[{"href":"https:\/\/ns381463.ip-94-23-248.eu\/GroupeOne2016\/wordpress\/wp-json\/wp\/v2\/types\/post"}],"author":[{"embeddable":true,"href":"https:\/\/ns381463.ip-94-23-248.eu\/GroupeOne2016\/wordpress\/wp-json\/wp\/v2\/users\/10"}],"replies":[{"embeddable":true,"href":"https:\/\/ns381463.ip-94-23-248.eu\/GroupeOne2016\/wordpress\/wp-json\/wp\/v2\/comments?post=128569"}],"version-history":[{"count":7,"href":"https:\/\/ns381463.ip-94-23-248.eu\/GroupeOne2016\/wordpress\/wp-json\/wp\/v2\/posts\/128569\/revisions"}],"predecessor-version":[{"id":131958,"href":"https:\/\/ns381463.ip-94-23-248.eu\/GroupeOne2016\/wordpress\/wp-json\/wp\/v2\/posts\/128569\/revisions\/131958"}],"wp:featuredmedia":[{"embeddable":true,"href":"https:\/\/ns381463.ip-94-23-248.eu\/GroupeOne2016\/wordpress\/wp-json\/wp\/v2\/media\/128554"}],"wp:attachment":[{"href":"https:\/\/ns381463.ip-94-23-248.eu\/GroupeOne2016\/wordpress\/wp-json\/wp\/v2\/media?parent=128569"}],"wp:term":[{"taxonomy":"category","embeddable":true,"href":"https:\/\/ns381463.ip-94-23-248.eu\/GroupeOne2016\/wordpress\/wp-json\/wp\/v2\/categories?post=128569"},{"taxonomy":"post_tag","embeddable":true,"href":"https:\/\/ns381463.ip-94-23-248.eu\/GroupeOne2016\/wordpress\/wp-json\/wp\/v2\/tags?post=128569"}],"curies":[{"name":"wp","href":"https:\/\/api.w.org\/{rel}","templated":true}]}}