{"id":127396,"date":"2020-01-14T11:02:38","date_gmt":"2020-01-14T10:02:38","guid":{"rendered":"https:\/\/ns381463.ip-94-23-248.eu\/GroupeOne2016\/wordpress\/?p=127396"},"modified":"2023-01-06T10:34:29","modified_gmt":"2023-01-06T09:34:29","slug":"decouvrez-leconomie-de-la-fonctionnalite-et-de-la-cooperation-2","status":"publish","type":"post","link":"https:\/\/ns381463.ip-94-23-248.eu\/GroupeOne2016\/wordpress\/decouvrez-leconomie-de-la-fonctionnalite-et-de-la-cooperation-2\/","title":{"rendered":"D\u00e9couvrez l\u2019\u00e9conomie de la fonctionnalit\u00e9 et de la coop\u00e9ration"},"content":{"rendered":"<p>[et_pb_section fb_built=&#8221;1&#8243; _builder_version=&#8221;4.16&#8243; background_color=&#8221;#003957&#8243; custom_padding=&#8221;0||0|0px|false|false&#8221; global_colors_info=&#8221;{}&#8221;][et_pb_row _builder_version=&#8221;4.16&#8243; custom_padding=&#8221;|||20px&#8221; custom_width_px=&#8221;2600px&#8221; global_colors_info=&#8221;{}&#8221;][et_pb_column type=&#8221;4_4&#8243; _builder_version=&#8221;4.16&#8243; custom_padding=&#8221;|||&#8221; global_colors_info=&#8221;{}&#8221; custom_padding__hover=&#8221;|||&#8221;][et_pb_post_title author=&#8221;off&#8221; date_format=&#8221;M j Y&#8221; comments=&#8221;off&#8221; featured_image=&#8221;off&#8221; _builder_version=&#8221;4.16&#8243; title_font=&#8221;|700|||||||&#8221; title_text_color=&#8221;#ffffff&#8221; title_font_size=&#8221;34px&#8221; meta_font=&#8221;|||on|||||&#8221; meta_text_color=&#8221;#ffffff&#8221; meta_letter_spacing=&#8221;1px&#8221; global_colors_info=&#8221;{}&#8221;]<br \/>\n[\/et_pb_post_title][\/et_pb_column][\/et_pb_row][\/et_pb_section][et_pb_section fb_built=&#8221;1&#8243; _builder_version=&#8221;4.16&#8243; global_colors_info=&#8221;{}&#8221;][et_pb_row column_structure=&#8221;2_3,1_3&#8243; _builder_version=&#8221;4.16&#8243; global_colors_info=&#8221;{}&#8221;][et_pb_column type=&#8221;2_3&#8243; _builder_version=&#8221;4.16&#8243; custom_padding=&#8221;|||&#8221; global_colors_info=&#8221;{}&#8221; custom_padding__hover=&#8221;|||&#8221;][et_pb_image src=&#8221;https:\/\/ns381463.ip-94-23-248.eu\/GroupeOne2016\/wordpress\/wp-content\/uploads\/2020\/01\/Banner.png&#8221; _builder_version=&#8221;4.16&#8243; global_colors_info=&#8221;{}&#8221;][\/et_pb_image][et_pb_text admin_label=&#8221;MODELE-MODULE-TEXTE&#8221; _builder_version=&#8221;4.16&#8243; text_font=&#8221;Nunito||||||||&#8221; text_font_size=&#8221;18px&#8221; text_line_height=&#8221;30px&#8221; global_colors_info=&#8221;{}&#8221;]<\/p>\n<p>En tant qu\u2019entrepreneur, vous souhaitez orienter votre entreprise vers de nouveaux mod\u00e8les \u00e9conomiques durables ?\u00a0<a href=\"https:\/\/www.immaterra.com\/\">ImmaTerra<\/a>\u00a0propose des formations et des conf\u00e9rences inspir\u00e9s de l\u2019<a href=\"https:\/\/youtu.be\/6JDXeaQGRJs\">Economie de la Fonctionnalit\u00e9 et de la Coop\u00e9ration (EFC)<\/a>. A Bruxelles et en Wallonie, ImmaTerra propose des actions de sensibilisation, des parcours d\u2019accompagnement, des espaces de formation et des d\u00e9bats publics.<\/p>\n<p>Retrouvez les formations sur le site web d&#8217;<a href=\"https:\/\/www.immaterra.be\/category\/actualites-immaterra-belgique\/\" target=\"_blank\" rel=\"noopener noreferrer\">ImmaTerra Belgique<\/a>.\u00a0<\/p>\n<p><a href=\"http:\/\/eepurl.com\/ggjMe9\">Inscrivez-vous \u00e0 la newsletter<\/a>\u00a0d\u2019ImmaTerra pour suivre les prochaines actualit\u00e9s!<\/p>\n<p style=\"text-align: justify;\"><span style=\"font-weight: 400;\">\u00a0<\/span><\/p>\n<p>[\/et_pb_text][\/et_pb_column][et_pb_column type=&#8221;1_3&#8243; _builder_version=&#8221;4.16&#8243; custom_padding=&#8221;|||&#8221; global_colors_info=&#8221;{}&#8221; custom_padding__hover=&#8221;|||&#8221;][\/et_pb_column][\/et_pb_row][\/et_pb_section][et_pb_section fb_built=&#8221;1&#8243; custom_padding_last_edited=&#8221;on|phone&#8221; disabled_on=&#8221;on|on|off&#8221; admin_label=&#8221;newsletter&#8221; _builder_version=&#8221;4.10.8&#8243; background_image=&#8221;https:\/\/ns381463.ip-94-23-248.eu\/GroupeOne2016\/wordpress\/wp-content\/uploads\/2017\/10\/BG-INFOLETTRE-ALL-ELEMENTS.png&#8221; custom_padding=&#8221;0px|0px|0px|0px&#8221; custom_padding_tablet=&#8221;|||0px&#8221; custom_padding_phone=&#8221;&#8221; global_module=&#8221;119058&#8243; saved_tabs=&#8221;all&#8221; locked=&#8221;off&#8221; global_colors_info=&#8221;{}&#8221;][et_pb_row _builder_version=&#8221;4.16&#8243; custom_css_main_element=&#8221;display: -webkit-box;||display: -ms-flexbox;||display: flex;||-webkit-box-align: center;||-ms-flex-align: center;||align-items: center;||-webkit-box-orient: horizontal;||-webkit-box-direction: normal;||-ms-flex-direction: row;||flex-direction: row;||-ms-flex-wrap: wrap;||flex-wrap: wrap;&#8221; global_colors_info=&#8221;{}&#8221;][et_pb_column type=&#8221;4_4&#8243; _builder_version=&#8221;4.16&#8243; custom_padding=&#8221;|||&#8221; global_colors_info=&#8221;{}&#8221; custom_padding__hover=&#8221;|||&#8221;][et_pb_cta title=&#8221;Abonnez-vous \u00e0 la newsletter de l&#8217;entrepreneuriat durable&#8221; button_url=&#8221;http:\/\/eepurl.com\/deLILL&#8221; url_new_window=&#8221;on&#8221; button_text=&#8221;S&#8217;inscrire&#8221; _builder_version=&#8221;4.16&#8243; use_background_color=&#8221;off&#8221; custom_button=&#8221;on&#8221; button_text_size=&#8221;18px&#8221; button_bg_color=&#8221;#adbb39&#8243; button_border_width=&#8221;0px&#8221; button_border_radius=&#8221;100px&#8221; button_font=&#8221;Nunito|300|||||||&#8221; button_use_icon=&#8221;off&#8221; button_alignment=&#8221;center&#8221; custom_padding=&#8221;|||&#8221; custom_css_promo_button=&#8221;padding:10px !important;||width:200px;&#8221; button_border_radius_hover=&#8221;100px&#8221; global_colors_info=&#8221;{}&#8221; button_text_size__hover_enabled=&#8221;off&#8221; button_one_text_size__hover_enabled=&#8221;off&#8221; button_two_text_size__hover_enabled=&#8221;off&#8221; button_text_color__hover_enabled=&#8221;off&#8221; button_one_text_color__hover_enabled=&#8221;off&#8221; button_two_text_color__hover_enabled=&#8221;off&#8221; button_border_width__hover_enabled=&#8221;off&#8221; button_one_border_width__hover_enabled=&#8221;off&#8221; button_two_border_width__hover_enabled=&#8221;off&#8221; button_border_color__hover_enabled=&#8221;off&#8221; button_one_border_color__hover_enabled=&#8221;off&#8221; button_two_border_color__hover_enabled=&#8221;off&#8221; button_border_radius__hover_enabled=&#8221;on&#8221; button_border_radius__hover=&#8221;100px&#8221; button_one_border_radius__hover_enabled=&#8221;off&#8221; button_two_border_radius__hover_enabled=&#8221;off&#8221; button_letter_spacing__hover_enabled=&#8221;off&#8221; button_one_letter_spacing__hover_enabled=&#8221;off&#8221; button_two_letter_spacing__hover_enabled=&#8221;off&#8221; button_bg_color__hover_enabled=&#8221;off&#8221; button_one_bg_color__hover_enabled=&#8221;off&#8221; button_two_bg_color__hover_enabled=&#8221;off&#8221;][\/et_pb_cta][\/et_pb_column][\/et_pb_row][\/et_pb_section][et_pb_section fb_built=&#8221;1&#8243; custom_padding_last_edited=&#8221;on|phone&#8221; disabled_on=&#8221;off|off|on&#8221; admin_label=&#8221;newsletter&#8221; _builder_version=&#8221;4.8.2&#8243; background_image=&#8221;https:\/\/ns381463.ip-94-23-248.eu\/GroupeOne2016\/wordpress\/wp-content\/uploads\/2017\/10\/BG-NEWSLETTERS-2.png&#8221; custom_padding=&#8221;0px|0px|0px|0px&#8221; custom_padding_tablet=&#8221;|||0px&#8221; custom_padding_phone=&#8221;&#8221; link_option_url=&#8221;https:\/\/groupeone.us12.list-manage.com\/subscribe?u=4b8cae888f20720725a172884&#038;id=4ca247c289&#8243; global_module=&#8221;121907&#8243; saved_tabs=&#8221;all&#8221; global_colors_info=&#8221;{}&#8221;][\/et_pb_section]<\/p>\n","protected":false},"excerpt":{"rendered":"<p>En tant qu\u2019entrepreneur, vous souhaitez orienter votre entreprise vers de nouveaux mod\u00e8les \u00e9conomiques durables ?\u00a0ImmaTerra\u00a0propose des formations et des conf\u00e9rences inspir\u00e9s de l\u2019Economie de la Fonctionnalit\u00e9 et de la Coop\u00e9ration [&hellip;]<\/p>\n","protected":false},"author":10,"featured_media":127398,"comment_status":"open","ping_status":"open","sticky":false,"template":"","format":"standard","meta":{"_et_pb_use_builder":"on","_et_pb_old_content":"<p><span style=\"font-weight: 400;\"><img class=\"alignnone size-medium wp-image-127397\" src=\"https:\/\/ns381463.ip-94-23-248.eu\/GroupeOne2016\/wordpress\/wp-content\/uploads\/2020\/01\/Banner-300x130.png\" alt=\"\" width=\"300\" height=\"130\" \/><\/span><\/p><p><span style=\"font-weight: 400;\">Vous \u00eates entrepreneur et aimeriez vous orienter vers de nouveaux mod\u00e8les \u00e9conomiques durables? <\/span><a href=\"https:\/\/www.immaterra.com\/\"><span style=\"font-weight: 400;\">ImmaTerra<\/span><\/a><span style=\"font-weight: 400;\"> a pour objectif de stimuler et faire \u00e9merger de nouveaux mod\u00e8les \u00e9conomiques durables inspir\u00e9s de l\u2019<\/span><a href=\"https:\/\/youtu.be\/6JDXeaQGRJs\"><span style=\"font-weight: 400;\">Economie de la Fonctionnalit\u00e9 et de la Coop\u00e9ration (EFC)<\/span><\/a><span style=\"font-weight: 400;\">. ImmaTerra se d\u00e9veloppe en Belgique sur le territoire de la Wallonie et de Bruxelles \u00e0 travers des actions de sensibilisation, des parcours d\u2019accompagnement, des espaces de formation et des d\u00e9bats publics. <\/span><\/p><p><span style=\"font-weight: 400;\">Notez les deux prochaines conf\u00e9rences d'<a href=\"https:\/\/www.immaterra.be\/\">ImmaTerra Belgique<\/a>:\u00a0<\/span><\/p><ul><li><span style=\"font-weight: 400;\">Sur la raison d'\u00eatre des entreprises au Midi de <\/span><a href=\"https:\/\/www.facebook.com\/charleroientreprendre\/?__tn__=K-R&eid=ARDXXUQLsswXf5y4mnKJSk54AOLmUZluNVQDhssHLYi7CNyjsltiXgcyi10AY2DovTgNoVrxBy6nS9IH&fref=mentions&__xts__%5B0%5D=68.ARD2eY79v0RtV-S3TOyCN48W3aXlbMbKyC00OEd7gZ8Pcsgmz03_U4UzRzNVnuj-b-nf3KMQ6z9NcDhV-o_FO3HsgTDOXn_oCV5n1kD0XE_B7CcILMmYFLNT8EWLws1wDE1aruaaw7PAXUDg9UmB_g6W0Pw7rtI_pmR0a2I8A6_c02tjdWUIdqqhFZtNFSsLISMxkY7py-Mm92vAEmZ_bAlP1zLFHwecG3AQLIJY1JUrEHfsQwrthk55s77xr-FSKEk7ye28iRlUeCSicUIl88BbJXg6bMtdjLlw4tu_J2a6KocDLUGvxlD0UIkN_yT6-Pk\"><span style=\"font-weight: 400;\">Charleroi Entreprendre<\/span><\/a><span style=\"font-weight: 400;\"> le 28 janvier. <\/span><span style=\"font-weight: 400;\">?<\/span><a href=\"https:\/\/tinyurl.com\/tfycxo5?fbclid=IwAR3Js-74sf0h74v9YAbA5gqNiXBxNLzjIzg637tsU8yEVxeJPm_Ls7hURjI\"><span style=\"font-weight: 400;\">https:\/\/tinyurl.com\/tfycxo5<\/span><\/a><\/li><li><span style=\"font-weight: 400;\">Sur l'Economie circulaire intitul\u00e9e: \"Boostez votre comp\u00e9titivit\u00e9 gr\u00e2ce \u00e0 vos ressources !\u201d ce 18 f\u00e9vrier \u00e0 Mons par <\/span><a href=\"https:\/\/www.facebook.com\/LaMaisondelEntreprise\/?__tn__=K-R&eid=ARCrlo_Q7mKireOyzOEedjQidiEvmFh4cjqsIlSN3i_Tk2JADzAN9iGlgcsGtea3fEVyDZ8mpMHU0985&fref=mentions&__xts__%5B0%5D=68.ARBBn2B-ToYUMgCje2s0437JSX4uBlYfHGnitV1EP-p3LrdhIQRjh3QpX5IBhpOVpygZiRN7od_ujOA1qMwr-mFSJ3wzu1Y39iCkyaEnhIRpGm2Rzddm_YTAnTqSZKxJixQl0xRvlZVOoNvtltx7MDvdeYu3o14rYjpW3-e1_L5EpbYxN-uSHQE0fjrmfBhvWcRGsc052ECAytyNpjiU16zciqfILbmHk2saoqX5VzKbpW-klmtgx8dfLqnElGVVFWDgZZ9BcgYcqv4UeAqpvOlEK7qZRPRnJwvStIytJHxeUYiEjnO_0hnXBf8dGnlk_hA\"><span style=\"font-weight: 400;\">LME - La Maison de l'Entreprise<\/span><\/a><span style=\"font-weight: 400;\"> et Sowalfin. D\u00e9couvrez des exemples concrets et des t\u00e9moignages d'entreprises ayant mis au point des solutions innovantes li\u00e9es aux nouveaux mod\u00e8les \u00e9conomiques. <\/span><span style=\"font-weight: 400;\">?<\/span><a href=\"https:\/\/tinyurl.com\/trdsgqb?fbclid=IwAR2rdGR_24MdIegCfIvFEvQVPcnBwNLEqRWKwVql1As3YqlneECmncoQJbI\"><span style=\"font-weight: 400;\">https:\/\/tinyurl.com\/trdsgqb<\/span><\/a><\/li><\/ul><p><span style=\"font-weight: 400;\">\u00a0<\/span><a href=\"http:\/\/eepurl.com\/ggjMe9\"><span style=\"font-weight: 400;\">inscrivez-vous \u00e0 la newsletter<\/span><\/a><span style=\"font-weight: 400;\"> d\u2019ImmaTerra pour suivre les prochaines actualit\u00e9s!<\/span><\/p>","_et_gb_content_width":""},"categories":[87],"tags":[],"yoast_head":"<!-- This site is optimized with the Yoast SEO plugin v19.13 - https:\/\/yoast.com\/wordpress\/plugins\/seo\/ -->\n<title>D\u00e9couvrez l\u2019\u00e9conomie de la fonctionnalit\u00e9 et de la coop\u00e9ration - Groupe One<\/title>\n<meta name=\"robots\" content=\"index, follow, max-snippet:-1, max-image-preview:large, max-video-preview:-1\" \/>\n<link rel=\"canonical\" href=\"https:\/\/ns381463.ip-94-23-248.eu\/GroupeOne2016\/wordpress\/decouvrez-leconomie-de-la-fonctionnalite-et-de-la-cooperation-2\/\" \/>\n<meta property=\"og:locale\" content=\"fr_FR\" \/>\n<meta property=\"og:type\" content=\"article\" \/>\n<meta property=\"og:title\" content=\"D\u00e9couvrez l\u2019\u00e9conomie de la fonctionnalit\u00e9 et de la coop\u00e9ration - Groupe One\" \/>\n<meta property=\"og:description\" content=\"En tant qu\u2019entrepreneur, vous souhaitez orienter votre entreprise vers de nouveaux mod\u00e8les \u00e9conomiques durables ?\u00a0ImmaTerra\u00a0propose des formations et des conf\u00e9rences inspir\u00e9s de l\u2019Economie de la Fonctionnalit\u00e9 et de la Coop\u00e9ration [&hellip;]\" \/>\n<meta property=\"og:url\" content=\"https:\/\/ns381463.ip-94-23-248.eu\/GroupeOne2016\/wordpress\/decouvrez-leconomie-de-la-fonctionnalite-et-de-la-cooperation-2\/\" \/>\n<meta property=\"og:site_name\" content=\"Groupe One\" \/>\n<meta property=\"article:published_time\" content=\"2020-01-14T10:02:38+00:00\" \/>\n<meta property=\"article:modified_time\" content=\"2023-01-06T09:34:29+00:00\" \/>\n<meta property=\"og:image\" content=\"https:\/\/ns381463.ip-94-23-248.eu\/GroupeOne2016\/wordpress\/wp-content\/uploads\/2020\/01\/Logo.jpg\" \/>\n\t<meta property=\"og:image:width\" content=\"640\" \/>\n\t<meta property=\"og:image:height\" content=\"640\" \/>\n\t<meta property=\"og:image:type\" content=\"image\/jpeg\" \/>\n<meta name=\"author\" content=\"Magali Ronsmans\" \/>\n<meta name=\"twitter:card\" content=\"summary_large_image\" \/>\n<meta name=\"twitter:label1\" content=\"\u00c9crit par\" \/>\n\t<meta name=\"twitter:data1\" content=\"Magali Ronsmans\" \/>\n\t<meta name=\"twitter:label2\" content=\"Dur\u00e9e de lecture estim\u00e9e\" \/>\n\t<meta name=\"twitter:data2\" content=\"2 minutes\" \/>\n<script type=\"application\/ld+json\" class=\"yoast-schema-graph\">{\"@context\":\"https:\/\/schema.org\",\"@graph\":[{\"@type\":\"WebPage\",\"@id\":\"https:\/\/ns381463.ip-94-23-248.eu\/GroupeOne2016\/wordpress\/decouvrez-leconomie-de-la-fonctionnalite-et-de-la-cooperation-2\/\",\"url\":\"https:\/\/ns381463.ip-94-23-248.eu\/GroupeOne2016\/wordpress\/decouvrez-leconomie-de-la-fonctionnalite-et-de-la-cooperation-2\/\",\"name\":\"D\u00e9couvrez l\u2019\u00e9conomie de la fonctionnalit\u00e9 et de la coop\u00e9ration - Groupe One\",\"isPartOf\":{\"@id\":\"https:\/\/ns381463.ip-94-23-248.eu\/GroupeOne2016\/wordpress\/#website\"},\"datePublished\":\"2020-01-14T10:02:38+00:00\",\"dateModified\":\"2023-01-06T09:34:29+00:00\",\"author\":{\"@id\":\"https:\/\/ns381463.ip-94-23-248.eu\/GroupeOne2016\/wordpress\/#\/schema\/person\/1d485675d51de89080490a4a3d011af2\"},\"breadcrumb\":{\"@id\":\"https:\/\/ns381463.ip-94-23-248.eu\/GroupeOne2016\/wordpress\/decouvrez-leconomie-de-la-fonctionnalite-et-de-la-cooperation-2\/#breadcrumb\"},\"inLanguage\":\"fr-FR\",\"potentialAction\":[{\"@type\":\"ReadAction\",\"target\":[\"https:\/\/ns381463.ip-94-23-248.eu\/GroupeOne2016\/wordpress\/decouvrez-leconomie-de-la-fonctionnalite-et-de-la-cooperation-2\/\"]}]},{\"@type\":\"BreadcrumbList\",\"@id\":\"https:\/\/ns381463.ip-94-23-248.eu\/GroupeOne2016\/wordpress\/decouvrez-leconomie-de-la-fonctionnalite-et-de-la-cooperation-2\/#breadcrumb\",\"itemListElement\":[{\"@type\":\"ListItem\",\"position\":1,\"name\":\"Accueil\",\"item\":\"https:\/\/ns381463.ip-94-23-248.eu\/GroupeOne2016\/wordpress\/\"},{\"@type\":\"ListItem\",\"position\":2,\"name\":\"D\u00e9couvrez l\u2019\u00e9conomie de la fonctionnalit\u00e9 et de la coop\u00e9ration\"}]},{\"@type\":\"WebSite\",\"@id\":\"https:\/\/ns381463.ip-94-23-248.eu\/GroupeOne2016\/wordpress\/#website\",\"url\":\"https:\/\/ns381463.ip-94-23-248.eu\/GroupeOne2016\/wordpress\/\",\"name\":\"Groupe One\",\"description\":\"Groupe One est une organisation belge qui facilite la transition vers une \u00e9conomie durable. Elle est active \u00e0 Bruxelles et en Wallonie.\",\"potentialAction\":[{\"@type\":\"SearchAction\",\"target\":{\"@type\":\"EntryPoint\",\"urlTemplate\":\"https:\/\/ns381463.ip-94-23-248.eu\/GroupeOne2016\/wordpress\/?s={search_term_string}\"},\"query-input\":\"required name=search_term_string\"}],\"inLanguage\":\"fr-FR\"},{\"@type\":\"Person\",\"@id\":\"https:\/\/ns381463.ip-94-23-248.eu\/GroupeOne2016\/wordpress\/#\/schema\/person\/1d485675d51de89080490a4a3d011af2\",\"name\":\"Magali Ronsmans\",\"image\":{\"@type\":\"ImageObject\",\"inLanguage\":\"fr-FR\",\"@id\":\"https:\/\/ns381463.ip-94-23-248.eu\/GroupeOne2016\/wordpress\/#\/schema\/person\/image\/\",\"url\":\"https:\/\/secure.gravatar.com\/avatar\/60c7ceeedcfe758765fe2e9bcd7e7970?s=96&d=mm&r=g\",\"contentUrl\":\"https:\/\/secure.gravatar.com\/avatar\/60c7ceeedcfe758765fe2e9bcd7e7970?s=96&d=mm&r=g\",\"caption\":\"Magali Ronsmans\"},\"url\":\"https:\/\/ns381463.ip-94-23-248.eu\/GroupeOne2016\/wordpress\/author\/g1-magali\/\"}]}<\/script>\n<!-- \/ Yoast SEO plugin. -->","yoast_head_json":{"title":"D\u00e9couvrez l\u2019\u00e9conomie de la fonctionnalit\u00e9 et de la coop\u00e9ration - Groupe One","robots":{"index":"index","follow":"follow","max-snippet":"max-snippet:-1","max-image-preview":"max-image-preview:large","max-video-preview":"max-video-preview:-1"},"canonical":"https:\/\/ns381463.ip-94-23-248.eu\/GroupeOne2016\/wordpress\/decouvrez-leconomie-de-la-fonctionnalite-et-de-la-cooperation-2\/","og_locale":"fr_FR","og_type":"article","og_title":"D\u00e9couvrez l\u2019\u00e9conomie de la fonctionnalit\u00e9 et de la coop\u00e9ration - Groupe One","og_description":"En tant qu\u2019entrepreneur, vous souhaitez orienter votre entreprise vers de nouveaux mod\u00e8les \u00e9conomiques durables ?\u00a0ImmaTerra\u00a0propose des formations et des conf\u00e9rences inspir\u00e9s de l\u2019Economie de la Fonctionnalit\u00e9 et de la Coop\u00e9ration [&hellip;]","og_url":"https:\/\/ns381463.ip-94-23-248.eu\/GroupeOne2016\/wordpress\/decouvrez-leconomie-de-la-fonctionnalite-et-de-la-cooperation-2\/","og_site_name":"Groupe One","article_published_time":"2020-01-14T10:02:38+00:00","article_modified_time":"2023-01-06T09:34:29+00:00","og_image":[{"width":640,"height":640,"url":"https:\/\/ns381463.ip-94-23-248.eu\/GroupeOne2016\/wordpress\/wp-content\/uploads\/2020\/01\/Logo.jpg","type":"image\/jpeg"}],"author":"Magali Ronsmans","twitter_card":"summary_large_image","twitter_misc":{"\u00c9crit par":"Magali Ronsmans","Dur\u00e9e de lecture estim\u00e9e":"2 minutes"},"schema":{"@context":"https:\/\/schema.org","@graph":[{"@type":"WebPage","@id":"https:\/\/ns381463.ip-94-23-248.eu\/GroupeOne2016\/wordpress\/decouvrez-leconomie-de-la-fonctionnalite-et-de-la-cooperation-2\/","url":"https:\/\/ns381463.ip-94-23-248.eu\/GroupeOne2016\/wordpress\/decouvrez-leconomie-de-la-fonctionnalite-et-de-la-cooperation-2\/","name":"D\u00e9couvrez l\u2019\u00e9conomie de la fonctionnalit\u00e9 et de la coop\u00e9ration - Groupe One","isPartOf":{"@id":"https:\/\/ns381463.ip-94-23-248.eu\/GroupeOne2016\/wordpress\/#website"},"datePublished":"2020-01-14T10:02:38+00:00","dateModified":"2023-01-06T09:34:29+00:00","author":{"@id":"https:\/\/ns381463.ip-94-23-248.eu\/GroupeOne2016\/wordpress\/#\/schema\/person\/1d485675d51de89080490a4a3d011af2"},"breadcrumb":{"@id":"https:\/\/ns381463.ip-94-23-248.eu\/GroupeOne2016\/wordpress\/decouvrez-leconomie-de-la-fonctionnalite-et-de-la-cooperation-2\/#breadcrumb"},"inLanguage":"fr-FR","potentialAction":[{"@type":"ReadAction","target":["https:\/\/ns381463.ip-94-23-248.eu\/GroupeOne2016\/wordpress\/decouvrez-leconomie-de-la-fonctionnalite-et-de-la-cooperation-2\/"]}]},{"@type":"BreadcrumbList","@id":"https:\/\/ns381463.ip-94-23-248.eu\/GroupeOne2016\/wordpress\/decouvrez-leconomie-de-la-fonctionnalite-et-de-la-cooperation-2\/#breadcrumb","itemListElement":[{"@type":"ListItem","position":1,"name":"Accueil","item":"https:\/\/ns381463.ip-94-23-248.eu\/GroupeOne2016\/wordpress\/"},{"@type":"ListItem","position":2,"name":"D\u00e9couvrez l\u2019\u00e9conomie de la fonctionnalit\u00e9 et de la coop\u00e9ration"}]},{"@type":"WebSite","@id":"https:\/\/ns381463.ip-94-23-248.eu\/GroupeOne2016\/wordpress\/#website","url":"https:\/\/ns381463.ip-94-23-248.eu\/GroupeOne2016\/wordpress\/","name":"Groupe One","description":"Groupe One est une organisation belge qui facilite la transition vers une \u00e9conomie durable. Elle est active \u00e0 Bruxelles et en Wallonie.","potentialAction":[{"@type":"SearchAction","target":{"@type":"EntryPoint","urlTemplate":"https:\/\/ns381463.ip-94-23-248.eu\/GroupeOne2016\/wordpress\/?s={search_term_string}"},"query-input":"required name=search_term_string"}],"inLanguage":"fr-FR"},{"@type":"Person","@id":"https:\/\/ns381463.ip-94-23-248.eu\/GroupeOne2016\/wordpress\/#\/schema\/person\/1d485675d51de89080490a4a3d011af2","name":"Magali Ronsmans","image":{"@type":"ImageObject","inLanguage":"fr-FR","@id":"https:\/\/ns381463.ip-94-23-248.eu\/GroupeOne2016\/wordpress\/#\/schema\/person\/image\/","url":"https:\/\/secure.gravatar.com\/avatar\/60c7ceeedcfe758765fe2e9bcd7e7970?s=96&d=mm&r=g","contentUrl":"https:\/\/secure.gravatar.com\/avatar\/60c7ceeedcfe758765fe2e9bcd7e7970?s=96&d=mm&r=g","caption":"Magali Ronsmans"},"url":"https:\/\/ns381463.ip-94-23-248.eu\/GroupeOne2016\/wordpress\/author\/g1-magali\/"}]}},"_links":{"self":[{"href":"https:\/\/ns381463.ip-94-23-248.eu\/GroupeOne2016\/wordpress\/wp-json\/wp\/v2\/posts\/127396"}],"collection":[{"href":"https:\/\/ns381463.ip-94-23-248.eu\/GroupeOne2016\/wordpress\/wp-json\/wp\/v2\/posts"}],"about":[{"href":"https:\/\/ns381463.ip-94-23-248.eu\/GroupeOne2016\/wordpress\/wp-json\/wp\/v2\/types\/post"}],"author":[{"embeddable":true,"href":"https:\/\/ns381463.ip-94-23-248.eu\/GroupeOne2016\/wordpress\/wp-json\/wp\/v2\/users\/10"}],"replies":[{"embeddable":true,"href":"https:\/\/ns381463.ip-94-23-248.eu\/GroupeOne2016\/wordpress\/wp-json\/wp\/v2\/comments?post=127396"}],"version-history":[{"count":14,"href":"https:\/\/ns381463.ip-94-23-248.eu\/GroupeOne2016\/wordpress\/wp-json\/wp\/v2\/posts\/127396\/revisions"}],"predecessor-version":[{"id":131963,"href":"https:\/\/ns381463.ip-94-23-248.eu\/GroupeOne2016\/wordpress\/wp-json\/wp\/v2\/posts\/127396\/revisions\/131963"}],"wp:featuredmedia":[{"embeddable":true,"href":"https:\/\/ns381463.ip-94-23-248.eu\/GroupeOne2016\/wordpress\/wp-json\/wp\/v2\/media\/127398"}],"wp:attachment":[{"href":"https:\/\/ns381463.ip-94-23-248.eu\/GroupeOne2016\/wordpress\/wp-json\/wp\/v2\/media?parent=127396"}],"wp:term":[{"taxonomy":"category","embeddable":true,"href":"https:\/\/ns381463.ip-94-23-248.eu\/GroupeOne2016\/wordpress\/wp-json\/wp\/v2\/categories?post=127396"},{"taxonomy":"post_tag","embeddable":true,"href":"https:\/\/ns381463.ip-94-23-248.eu\/GroupeOne2016\/wordpress\/wp-json\/wp\/v2\/tags?post=127396"}],"curies":[{"name":"wp","href":"https:\/\/api.w.org\/{rel}","templated":true}]}}