{"id":126428,"date":"2019-06-19T15:46:37","date_gmt":"2019-06-19T13:46:37","guid":{"rendered":"https:\/\/ns381463.ip-94-23-248.eu\/GroupeOne2016\/wordpress\/?p=126428"},"modified":"2023-01-06T10:35:34","modified_gmt":"2023-01-06T09:35:34","slug":"12-horeca-et-commerces-alimentaires-bruxellois-sur-la-route-du-zero-dechet","status":"publish","type":"post","link":"https:\/\/ns381463.ip-94-23-248.eu\/GroupeOne2016\/wordpress\/12-horeca-et-commerces-alimentaires-bruxellois-sur-la-route-du-zero-dechet\/","title":{"rendered":"12 horeca et commerces alimentaires bruxellois sur la route du Z\u00e9ro d\u00e9chet"},"content":{"rendered":"<p>[et_pb_section fb_built=&#8221;1&#8243; _builder_version=&#8221;3.22.3&#8243; background_color=&#8221;#003957&#8243; custom_margin=&#8221;-226px|||||&#8221; custom_padding=&#8221;0||0px|0px|false|false&#8221;][et_pb_row custom_padding=&#8221;|||20px&#8221; _builder_version=&#8221;3.25&#8243; width=&#8221;100%&#8221; min_height=&#8221;96px&#8221; custom_width_px=&#8221;2600px&#8221;][et_pb_column type=&#8221;4_4&#8243; _builder_version=&#8221;3.25&#8243; custom_padding=&#8221;|||&#8221; custom_padding__hover=&#8221;|||&#8221;][et_pb_post_title author=&#8221;off&#8221; date_format=&#8221;M j Y&#8221; comments=&#8221;off&#8221; featured_image=&#8221;off&#8221; _builder_version=&#8221;3.0.95&#8243; title_font=&#8221;|700|||||||&#8221; title_text_color=&#8221;#ffffff&#8221; title_font_size=&#8221;34px&#8221; meta_font=&#8221;|||on|||||&#8221; meta_text_color=&#8221;#ffffff&#8221; meta_letter_spacing=&#8221;1px&#8221;]<br \/>\n[\/et_pb_post_title][\/et_pb_column][\/et_pb_row][\/et_pb_section][et_pb_section fb_built=&#8221;1&#8243; _builder_version=&#8221;3.22.3&#8243; min_height=&#8221;774px&#8221;][et_pb_row column_structure=&#8221;1_4,3_4&#8243; _builder_version=&#8221;3.25&#8243;][et_pb_column type=&#8221;1_4&#8243; _builder_version=&#8221;3.25&#8243; custom_padding=&#8221;|||&#8221; custom_padding__hover=&#8221;|||&#8221;][et_pb_image src=&#8221;https:\/\/ns381463.ip-94-23-248.eu\/GroupeOne2016\/wordpress\/wp-content\/uploads\/2019\/06\/zero-waste-3749854_960_720.jpg&#8221; align_tablet=&#8221;center&#8221; align_last_edited=&#8221;on|desktop&#8221; _builder_version=&#8221;3.25.2&#8243;][\/et_pb_image][\/et_pb_column][et_pb_column type=&#8221;3_4&#8243; _builder_version=&#8221;3.25&#8243; custom_padding=&#8221;|||&#8221; custom_padding__hover=&#8221;|||&#8221;][et_pb_text admin_label=&#8221;MODELE-MODULE-TEXTE&#8221; _builder_version=&#8221;3.23.3&#8243; text_font=&#8221;Nunito||||||||&#8221; text_font_size=&#8221;18px&#8221; text_line_height=&#8221;30px&#8221;]<\/p>\n<p>Dans le cadre de l\u2019<a href=\"https:\/\/environnement.brussels\/thematiques\/dechets-ressources\/action-de-la-region\/appel-projets-horeca-et-commerces-alimentaires\" target=\"_blank\" rel=\"noopener noreferrer\">Appel \u00e0 projet \u00ab Horeca et Commerces alimentaires Z\u00e9ro d\u00e9chet \u00bb<\/a>\u00a0lanc\u00e9 en d\u00e9cembre 2018 par Bruxelles Environnement, 12 laur\u00e9ats ont \u00e9t\u00e9 s\u00e9lectionn\u00e9s pour b\u00e9n\u00e9ficier d\u2019un accompagnement assur\u00e9 par Groupe \u00a0One et d\u2019un soutien financier allant de 2.500 \u00e0 15.000 euros. D\u00e9couvrez les<a href=\"https:\/\/environnement.brussels\/thematiques\/dechets-ressources\/action-de-la-region\/appel-projets-horeca-et-commerces-alimentaires\" target=\"_blank\" rel=\"noopener noreferrer\">\u00a012 projets laur\u00e9ats<\/a>\u00a0et inscrivez-vous au<a href=\"https:\/\/www.brusselsgreennetwork.be\/index.php\/fr\/2019\/05\/28\/green-afterwork-zero-waste\/\" target=\"_blank\" rel=\"noopener noreferrer\">\u00a0Green After Work Z\u00e9ro D\u00e9chet<\/a>, organis\u00e9 le mercredi 26 juin 2019 pour d\u00e9couvrir une multitude d\u2019initiatives z\u00e9ro d\u00e9chet li\u00e9es \u00e0 l\u2019alimentation durable.<\/p>\n<p>Le mouvement z\u00e9ro d\u00e9chet est en pleine croissance ! En 2015, il n\u2019y avait qu\u2019une dizaine de commerces de vrac en Belgique : aujourd\u2019hui, on en compte plus d\u2019une centaine. Les commerces sont donc de plus en plus nombreux \u00e0 s\u2019engager sur la route du z\u00e9ro d\u00e9chet pour r\u00e9pondre \u00e0 la demande croissante des consommateurs et aux r\u00e8glementations de plus en plus pouss\u00e9es en mati\u00e8re de pr\u00e9vention des d\u00e9chets. Les \u00e9tablissements s\u00e9lectionn\u00e9s dans le cadre de l\u2019appel \u00e0 projet se sont engag\u00e9s \u00e0 mettre en \u0153uvre diverses actions z\u00e9ro d\u00e9chet : des syst\u00e8mes de consignes\u00a0avec unit\u00e9s de lavage sur place ; une r\u00e9duction du gaspillage alimentaire; un remplacement des objets en plastique \u00e0 usage unique par des alternatives r\u00e9utilisables, etc.<\/p>\n<ul>\n<li>D\u00e9couvrez les<a href=\"https:\/\/environnement.brussels\/thematiques\/dechets-ressources\/action-de-la-region\/appel-projets-horeca-et-commerces-alimentaires\" target=\"_blank\" rel=\"noopener noreferrer\">\u00a012 projets laur\u00e9ats<\/a><\/li>\n<li>Inscrivez-vous au<a href=\"https:\/\/www.brusselsgreennetwork.be\/index.php\/fr\/2019\/05\/28\/green-afterwork-zero-waste\/\" target=\"_blank\" rel=\"noopener noreferrer\">\u00a0Green After Work Z\u00e9ro D\u00e9chet<\/a> le mercredi 26 juin 2019 \u00e0 17h30. Un \u00e9v\u00e8nement organis\u00e9 par\u00a0<a href=\"https:\/\/www.beci.be\/\" target=\"_blank\" rel=\"noopener noreferrer\">BECI<\/a>\u00a0en partenariat avec\u00a0<a href=\"http:\/\/www.environnement.brussels\/\" target=\"_blank\" rel=\"noopener noreferrer\">Bruxelles Environnement<\/a>, pour d\u00e9couvrir une multitude d\u2019initiatives autour du z\u00e9ro d\u00e9chet et de l\u2019alimentation durable.<\/li>\n<\/ul>\n<p style=\"text-align: justify;\">[\/et_pb_text][\/et_pb_column][\/et_pb_row][\/et_pb_section][et_pb_section fb_built=&#8221;1&#8243; custom_padding_last_edited=&#8221;on|phone&#8221; disabled_on=&#8221;on|on|off&#8221; _builder_version=&#8221;3.0.106&#8243; background_image=&#8221;https:\/\/ns381463.ip-94-23-248.eu\/GroupeOne2016\/wordpress\/wp-content\/uploads\/2017\/10\/BG-INFOLETTRE-ALL-ELEMENTS.png&#8221; custom_padding=&#8221;0px|0px|0px|0px&#8221; custom_padding_tablet=&#8221;|||0px&#8221; global_module=&#8221;119058&#8243; saved_tabs=&#8221;all&#8221;][et_pb_row column_structure=&#8221;2_3,1_3&#8243; _builder_version=&#8221;3.25&#8243; custom_css_main_element=&#8221;display: -webkit-box;||display: -ms-flexbox;||display: flex;||-webkit-box-align: center;||-ms-flex-align: center;||align-items: center;||-webkit-box-orient: horizontal;||-webkit-box-direction: normal;||-ms-flex-direction: row;||flex-direction: row;||-ms-flex-wrap: wrap;||flex-wrap: wrap;&#8221;][et_pb_column type=&#8221;2_3&#8243; _builder_version=&#8221;3.25&#8243; custom_padding=&#8221;|||&#8221; custom_padding__hover=&#8221;|||&#8221;][\/et_pb_column][et_pb_column type=&#8221;1_3&#8243; _builder_version=&#8221;3.25&#8243; custom_padding=&#8221;|||&#8221; custom_padding__hover=&#8221;|||&#8221;][et_pb_code module_id=&#8221;dc_optin&#8221; custom_margin=&#8221;-50px|200px||&#8221; locked=&#8221;off&#8221;]<div class=\"et_bloom_inline_form et_bloom_optin et_bloom_make_form_visible et_bloom_optin_1\" style=\"display: none;\">\n\t\t\t\t<style type=\"text\/css\">.et_bloom .et_bloom_optin_1 .et_bloom_form_content { background-color: #ededed !important; } .et_bloom .et_bloom_optin_1 .et_bloom_form_container .et_bloom_form_header { background-color: #ffffff !important; } .et_bloom .et_bloom_optin_1 .et_bloom_form_content button { background-color: #a153e0 !important; } .et_bloom .et_bloom_optin_1 .et_bloom_form_content .et_bloom_fields i { color: #a153e0 !important; } .et_bloom .et_bloom_optin_1 .et_bloom_form_content .et_bloom_custom_field_radio i:before { background: #a153e0 !important; } .et_bloom .et_bloom_optin_1 .et_bloom_form_content button { background-color: #a153e0 !important; } .et_bloom .et_bloom_optin_1 .et_bloom_form_container h2, .et_bloom .et_bloom_optin_1 .et_bloom_form_container h2 span, .et_bloom .et_bloom_optin_1 .et_bloom_form_container h2 strong { font-family: \"Open Sans\", Helvetica, Arial, Lucida, sans-serif; }.et_bloom .et_bloom_optin_1 .et_bloom_form_container p, .et_bloom .et_bloom_optin_1 .et_bloom_form_container p span, .et_bloom .et_bloom_optin_1 .et_bloom_form_container p strong, .et_bloom .et_bloom_optin_1 .et_bloom_form_container form input, .et_bloom .et_bloom_optin_1 .et_bloom_form_container form button span { font-family: \"Open Sans\", Helvetica, Arial, Lucida, sans-serif; } \/* === Transparent Bloom Optin by Divi Cake === *\/ #dc_optin .et_bloom_form_container { background: none !important; } #dc_optin .et_bloom_form_header { background: none!important; } #dc_optin .et_bloom_bottom_inline { background: none !important; }<\/style>\n\t\t\t\t<div class=\"et_bloom_form_container  et_bloom_rounded_corners et_bloom_rounded et_bloom_form_text_dark et_bloom_form_bottom et_bloom_inline_1_field\">\n\t\t\t\t\t\n\t\t\t<div class=\"et_bloom_form_container_wrapper clearfix\">\n\t\t\t\t<div class=\"et_bloom_header_outer\">\n\t\t\t\t\t<div class=\"et_bloom_form_header et_bloom_header_text_dark\">\n\t\t\t\t\t\t\n\t\t\t\t\t\t\n\t\t\t\t\t\t\n\t\t\t\t\t<\/div>\n\t\t\t\t<\/div>\n\t\t\t\t<div class=\"et_bloom_form_content et_bloom_1_field et_bloom_bottom_inline et_bloom_custom_html_form\" data-optin_id=\"optin_1\" data-service=\"custom_form\" data-list_id=\"custom_form\" data-page_id=\"126428\" data-account=\"custom_form\">\n\t\t\t\t\t<!-- Begin MailChimp Signup Form -->\r\n<link href=\"\/\/cdn-images.mailchimp.com\/embedcode\/horizontal-slim-10_7.css\" rel=\"stylesheet\" type=\"text\/css\">\r\n<style type=\"text\/css\">\r\n\t#mc_embed_signup{background:#fff; clear:left; font:14px Helvetica,Arial,sans-serif; width:100%;}\r\n\t\/* Add your own MailChimp form style overrides in your site stylesheet or in this style block.\r\n\t   We recommend moving this block and the preceding CSS link to the HEAD of your HTML file. *\/\r\n<\/style>\r\n<div id=\"mc_embed_signup\">\r\n<form action=\"https:\/\/groupeone.us12.list-manage.com\/subscribe\/post?u=4b8cae888f20720725a172884&id=4ca247c289\" method=\"post\" id=\"mc-embedded-subscribe-form\" name=\"mc-embedded-subscribe-form\" class=\"validate\" target=\"_blank\" novalidate>\r\n    <div id=\"mc_embed_signup_scroll\">\r\n\t\r\n\t    <!-- real people should not fill this in and expect good things - do not remove this or risk form bot signups-->\r\n    <div style=\"position: absolute; left: -5000px;\" aria-hidden=\"true\"><input type=\"text\" name=\"b_4b8cae888f20720725a172884_4ca247c289\" tabindex=\"-1\" value=\"\"><\/div>\r\n    <div class=\"clear\"><input type=\"submit\" value=\"S'inscrire\" name=\"subscribe\" id=\"mc-embedded-subscribe\" class=\"button\"><\/div>\r\n    <\/div>\r\n<\/form>\r\n<\/div>\r\n\r\n<!--End mc_embed_signup-->\n\t\t\t\t\t<div class=\"et_bloom_success_container\">\n\t\t\t\t\t\t<span class=\"et_bloom_success_checkmark\"><\/span>\n\t\t\t\t\t<\/div>\n\t\t\t\t\t<h2 class=\"et_bloom_success_message\">You have Successfully Subscribed!<\/h2>\n\t\t\t\t\t\n\t\t\t\t<\/div>\n\t\t\t<\/div>\n\t\t\t<span class=\"et_bloom_close_button\"><\/span>\n\t\t\t\t<\/div>\n\t\t\t<\/div>[\/et_pb_code][\/et_pb_column][\/et_pb_row][\/et_pb_section][et_pb_section fb_built=&#8221;1&#8243; custom_padding_last_edited=&#8221;on|phone&#8221; disabled_on=&#8221;off|off|on&#8221; _builder_version=&#8221;3.0.95&#8243; background_image=&#8221;https:\/\/ns381463.ip-94-23-248.eu\/GroupeOne2016\/wordpress\/wp-content\/uploads\/2017\/10\/BG-NEWSLETTERS-2.png&#8221; custom_padding=&#8221;0px|0px|0px|0px&#8221; custom_padding_tablet=&#8221;|||0px&#8221; global_module=&#8221;121907&#8243; saved_tabs=&#8221;all&#8221;][et_pb_row custom_padding=&#8221;0px|0px|0px|0px&#8221; _builder_version=&#8221;3.25&#8243;][et_pb_column type=&#8221;4_4&#8243; _builder_version=&#8221;3.25&#8243; custom_padding=&#8221;|||&#8221; custom_padding__hover=&#8221;|||&#8221;][et_pb_text admin_label=&#8221;Texte&#8221; _builder_version=&#8221;3.23.3&#8243; text_font=&#8221;||||||||&#8221; header_font=&#8221;||||||||&#8221; header_text_align=&#8221;center&#8221; header_2_font=&#8221;||||||||&#8221; header_2_text_align=&#8221;center&#8221; header_2_text_color=&#8221;#ffffff&#8221; header_2_font_size=&#8221;30px&#8221; header_2_line_height=&#8221;30px&#8221; background_layout=&#8221;dark&#8221; custom_margin=&#8221;50px||-50px|&#8221; locked=&#8221;off&#8221;]<\/p>\n<h2>Abonnez-vous \u00e0 la newsletter de<br \/>\nl&#8217;entrepreneuriat durable<\/h2>\n<p>[\/et_pb_text][et_pb_code module_id=&#8221;dc_optin&#8221; custom_margin=&#8221;0px|||&#8221; custom_margin_last_edited=&#8221;on|desktop&#8221; custom_padding=&#8221;0px|||&#8221; custom_padding_last_edited=&#8221;on|phone&#8221;]<div class=\"et_bloom_inline_form et_bloom_optin et_bloom_make_form_visible et_bloom_optin_1\" style=\"display: none;\">\n\t\t\t\t<style type=\"text\/css\">.et_bloom .et_bloom_optin_1 .et_bloom_form_content { background-color: #ededed !important; } .et_bloom .et_bloom_optin_1 .et_bloom_form_container .et_bloom_form_header { background-color: #ffffff !important; } .et_bloom .et_bloom_optin_1 .et_bloom_form_content button { background-color: #a153e0 !important; } .et_bloom .et_bloom_optin_1 .et_bloom_form_content .et_bloom_fields i { color: #a153e0 !important; } .et_bloom .et_bloom_optin_1 .et_bloom_form_content .et_bloom_custom_field_radio i:before { background: #a153e0 !important; } .et_bloom .et_bloom_optin_1 .et_bloom_form_content button { background-color: #a153e0 !important; } .et_bloom .et_bloom_optin_1 .et_bloom_form_container h2, .et_bloom .et_bloom_optin_1 .et_bloom_form_container h2 span, .et_bloom .et_bloom_optin_1 .et_bloom_form_container h2 strong { font-family: \"Open Sans\", Helvetica, Arial, Lucida, sans-serif; }.et_bloom .et_bloom_optin_1 .et_bloom_form_container p, .et_bloom .et_bloom_optin_1 .et_bloom_form_container p span, .et_bloom .et_bloom_optin_1 .et_bloom_form_container p strong, .et_bloom .et_bloom_optin_1 .et_bloom_form_container form input, .et_bloom .et_bloom_optin_1 .et_bloom_form_container form button span { font-family: \"Open Sans\", Helvetica, Arial, Lucida, sans-serif; } \/* === Transparent Bloom Optin by Divi Cake === *\/ #dc_optin .et_bloom_form_container { background: none !important; } #dc_optin .et_bloom_form_header { background: none!important; } #dc_optin .et_bloom_bottom_inline { background: none !important; }<\/style>\n\t\t\t\t<div class=\"et_bloom_form_container  et_bloom_rounded_corners et_bloom_rounded et_bloom_form_text_dark et_bloom_form_bottom et_bloom_inline_1_field\">\n\t\t\t\t\t\n\t\t\t<div class=\"et_bloom_form_container_wrapper clearfix\">\n\t\t\t\t<div class=\"et_bloom_header_outer\">\n\t\t\t\t\t<div class=\"et_bloom_form_header et_bloom_header_text_dark\">\n\t\t\t\t\t\t\n\t\t\t\t\t\t\n\t\t\t\t\t\t\n\t\t\t\t\t<\/div>\n\t\t\t\t<\/div>\n\t\t\t\t<div class=\"et_bloom_form_content et_bloom_1_field et_bloom_bottom_inline et_bloom_custom_html_form\" data-optin_id=\"optin_1\" data-service=\"custom_form\" data-list_id=\"custom_form\" data-page_id=\"126428\" data-account=\"custom_form\">\n\t\t\t\t\t<!-- Begin MailChimp Signup Form -->\r\n<link href=\"\/\/cdn-images.mailchimp.com\/embedcode\/horizontal-slim-10_7.css\" rel=\"stylesheet\" type=\"text\/css\">\r\n<style type=\"text\/css\">\r\n\t#mc_embed_signup{background:#fff; clear:left; font:14px Helvetica,Arial,sans-serif; width:100%;}\r\n\t\/* Add your own MailChimp form style overrides in your site stylesheet or in this style block.\r\n\t   We recommend moving this block and the preceding CSS link to the HEAD of your HTML file. *\/\r\n<\/style>\r\n<div id=\"mc_embed_signup\">\r\n<form action=\"https:\/\/groupeone.us12.list-manage.com\/subscribe\/post?u=4b8cae888f20720725a172884&id=4ca247c289\" method=\"post\" id=\"mc-embedded-subscribe-form\" name=\"mc-embedded-subscribe-form\" class=\"validate\" target=\"_blank\" novalidate>\r\n    <div id=\"mc_embed_signup_scroll\">\r\n\t\r\n\t    <!-- real people should not fill this in and expect good things - do not remove this or risk form bot signups-->\r\n    <div style=\"position: absolute; left: -5000px;\" aria-hidden=\"true\"><input type=\"text\" name=\"b_4b8cae888f20720725a172884_4ca247c289\" tabindex=\"-1\" value=\"\"><\/div>\r\n    <div class=\"clear\"><input type=\"submit\" value=\"S'inscrire\" name=\"subscribe\" id=\"mc-embedded-subscribe\" class=\"button\"><\/div>\r\n    <\/div>\r\n<\/form>\r\n<\/div>\r\n\r\n<!--End mc_embed_signup-->\n\t\t\t\t\t<div class=\"et_bloom_success_container\">\n\t\t\t\t\t\t<span class=\"et_bloom_success_checkmark\"><\/span>\n\t\t\t\t\t<\/div>\n\t\t\t\t\t<h2 class=\"et_bloom_success_message\">You have Successfully Subscribed!<\/h2>\n\t\t\t\t\t\n\t\t\t\t<\/div>\n\t\t\t<\/div>\n\t\t\t<span class=\"et_bloom_close_button\"><\/span>\n\t\t\t\t<\/div>\n\t\t\t<\/div>[\/et_pb_code][\/et_pb_column][\/et_pb_row][\/et_pb_section]<\/p>\n","protected":false},"excerpt":{"rendered":"<p>Dans le cadre de l\u2019Appel \u00e0 projet \u00ab Horeca et Commerces alimentaires Z\u00e9ro d\u00e9chet \u00bb\u00a0lanc\u00e9 en d\u00e9cembre 2018 par Bruxelles Environnement, 12 laur\u00e9ats ont \u00e9t\u00e9 s\u00e9lectionn\u00e9s pour b\u00e9n\u00e9ficier d\u2019un accompagnement [&hellip;]<\/p>\n","protected":false},"author":10,"featured_media":126470,"comment_status":"open","ping_status":"open","sticky":false,"template":"","format":"standard","meta":{"_et_pb_use_builder":"on","_et_pb_old_content":"<p><span style=\"font-weight: 400;\">Dans le cadre de l\u2019<\/span><a href=\"https:\/\/environnement.brussels\/thematiques\/dechets-ressources\/action-de-la-region\/appel-projets-horeca-et-commerces-alimentaires\" target=\"_blank\" rel=\"noopener noreferrer\"><span style=\"font-weight: 400;\">Appel \u00e0 projet \u00ab Horeca et Commerces alimentaires Z\u00e9ro d\u00e9chet \u00bb<\/span><\/a> <span style=\"font-weight: 400;\">lanc\u00e9 en d\u00e9cembre 2018 par Bruxelles Environnement, 12 laur\u00e9ats ont \u00e9t\u00e9 s\u00e9lectionn\u00e9s pour b\u00e9n\u00e9ficier d\u2019un accompagnement assur\u00e9 par Groupe \u00a0One et d\u2019un soutien financier allant de 2.500 \u00e0 15.000 euros. D\u00e9couvrez les<\/span><a href=\"https:\/\/environnement.brussels\/thematiques\/dechets-ressources\/action-de-la-region\/appel-projets-horeca-et-commerces-alimentaires\" target=\"_blank\" rel=\"noopener noreferrer\"> <span style=\"font-weight: 400;\">12 projets laur\u00e9ats<\/span><\/a><span style=\"font-weight: 400;\"> et inscrivez-vous au<\/span><a href=\"https:\/\/www.brusselsgreennetwork.be\/index.php\/fr\/2019\/05\/28\/green-afterwork-zero-waste\/\" target=\"_blank\" rel=\"noopener noreferrer\"> <span style=\"font-weight: 400;\">Green After Work Z\u00e9ro D\u00e9chet<\/span><\/a><span style=\"font-weight: 400;\">, organis\u00e9 le mercredi 26 juin 2019 pour d\u00e9couvrir une multitude d\u2019initiatives z\u00e9ro d\u00e9chet li\u00e9es \u00e0 l\u2019alimentation durable. <\/span><\/p><p><span style=\"font-weight: 400;\">Le mouvement z\u00e9ro d\u00e9chet est en pleine croissance ! En 2015, il n\u2019y avait qu\u2019une dizaine de commerces de vrac en Belgique : aujourd\u2019hui, on en compte plus d\u2019une centaine. Les commerces sont donc de plus en plus nombreux \u00e0 s\u2019engager sur la route du z\u00e9ro d\u00e9chet pour r\u00e9pondre \u00e0 la demande croissante des consommateurs et aux r\u00e8glementations de plus en plus pouss\u00e9es en mati\u00e8re de pr\u00e9vention des d\u00e9chets. Les \u00e9tablissements s\u00e9lectionn\u00e9s dans le cadre de l\u2019appel \u00e0 projet se sont engag\u00e9s \u00e0 mettre en \u0153uvre diverses actions z\u00e9ro d\u00e9chet : des syst\u00e8mes de consignes<\/span> <span style=\"font-weight: 400;\">avec unit\u00e9s de lavage sur place ; une r\u00e9duction du gaspillage alimentaire; un remplacement des objets en plastique \u00e0 usage unique par des alternatives r\u00e9utilisables, etc.<\/span><\/p><ul><li><span style=\"font-weight: 400;\">D\u00e9couvrez les<\/span><a href=\"https:\/\/environnement.brussels\/thematiques\/dechets-ressources\/action-de-la-region\/appel-projets-horeca-et-commerces-alimentaires\" target=\"_blank\" rel=\"noopener noreferrer\"> <span style=\"font-weight: 400;\">12 projets laur\u00e9ats<\/span><\/a><\/li><li><b><span style=\"font-weight: 400;\">Inscrivez-vous au<\/span><a href=\"https:\/\/www.brusselsgreennetwork.be\/index.php\/fr\/2019\/05\/28\/green-afterwork-zero-waste\/\" target=\"_blank\" rel=\"noopener noreferrer\"> <span style=\"font-weight: 400;\">Green After Work Z\u00e9ro D\u00e9chet<\/span><\/a><span style=\"font-weight: 400;\"> le \u00a0mercredi 26 juin 2019 \u00e0 17h30. Un \u00e9v\u00e8nement organis\u00e9 par <\/span><a href=\"https:\/\/www.beci.be\/\" target=\"_blank\" rel=\"noopener noreferrer\"><span style=\"font-weight: 400;\">BECI<\/span><\/a><span style=\"font-weight: 400;\"> en partenariat avec <\/span><a href=\"http:\/\/www.environnement.brussels\/\" target=\"_blank\" rel=\"noopener noreferrer\"><span style=\"font-weight: 400;\">Bruxelles Environnement<\/span><\/a><span style=\"font-weight: 400;\">, pour d\u00e9couvrir une multitude d\u2019initiatives autour du z\u00e9ro d\u00e9chet et de l\u2019alimentation durable<\/span><span style=\"font-weight: 400;\">.<\/span><\/b><\/li><\/ul><p>\u00a0<\/p><p>\u00a0<\/p><p>\u00a0<\/p>","_et_gb_content_width":""},"categories":[87],"tags":[],"yoast_head":"<!-- This site is optimized with the Yoast SEO plugin v19.13 - https:\/\/yoast.com\/wordpress\/plugins\/seo\/ -->\n<title>12 horeca et commerces alimentaires bruxellois sur la route du Z\u00e9ro d\u00e9chet - Groupe One<\/title>\n<meta name=\"robots\" content=\"index, follow, max-snippet:-1, max-image-preview:large, max-video-preview:-1\" \/>\n<link rel=\"canonical\" href=\"https:\/\/ns381463.ip-94-23-248.eu\/GroupeOne2016\/wordpress\/12-horeca-et-commerces-alimentaires-bruxellois-sur-la-route-du-zero-dechet\/\" \/>\n<meta property=\"og:locale\" content=\"fr_FR\" \/>\n<meta property=\"og:type\" content=\"article\" \/>\n<meta property=\"og:title\" content=\"12 horeca et commerces alimentaires bruxellois sur la route du Z\u00e9ro d\u00e9chet - Groupe One\" \/>\n<meta property=\"og:description\" content=\"Dans le cadre de l\u2019Appel \u00e0 projet \u00ab Horeca et Commerces alimentaires Z\u00e9ro d\u00e9chet \u00bb\u00a0lanc\u00e9 en d\u00e9cembre 2018 par Bruxelles Environnement, 12 laur\u00e9ats ont \u00e9t\u00e9 s\u00e9lectionn\u00e9s pour b\u00e9n\u00e9ficier d\u2019un accompagnement [&hellip;]\" \/>\n<meta property=\"og:url\" content=\"https:\/\/ns381463.ip-94-23-248.eu\/GroupeOne2016\/wordpress\/12-horeca-et-commerces-alimentaires-bruxellois-sur-la-route-du-zero-dechet\/\" \/>\n<meta property=\"og:site_name\" content=\"Groupe One\" \/>\n<meta property=\"article:published_time\" content=\"2019-06-19T13:46:37+00:00\" \/>\n<meta property=\"article:modified_time\" content=\"2023-01-06T09:35:34+00:00\" \/>\n<meta property=\"og:image\" content=\"https:\/\/ns381463.ip-94-23-248.eu\/GroupeOne2016\/wordpress\/wp-content\/uploads\/2019\/06\/zero-waste-3749854_960_720.jpg\" \/>\n\t<meta property=\"og:image:width\" content=\"960\" \/>\n\t<meta property=\"og:image:height\" content=\"638\" \/>\n\t<meta property=\"og:image:type\" content=\"image\/jpeg\" \/>\n<meta name=\"author\" content=\"Magali Ronsmans\" \/>\n<meta name=\"twitter:card\" content=\"summary_large_image\" \/>\n<meta name=\"twitter:label1\" content=\"\u00c9crit par\" \/>\n\t<meta name=\"twitter:data1\" content=\"Magali Ronsmans\" \/>\n\t<meta name=\"twitter:label2\" content=\"Dur\u00e9e de lecture estim\u00e9e\" \/>\n\t<meta name=\"twitter:data2\" content=\"2 minutes\" \/>\n<script type=\"application\/ld+json\" class=\"yoast-schema-graph\">{\"@context\":\"https:\/\/schema.org\",\"@graph\":[{\"@type\":\"WebPage\",\"@id\":\"https:\/\/ns381463.ip-94-23-248.eu\/GroupeOne2016\/wordpress\/12-horeca-et-commerces-alimentaires-bruxellois-sur-la-route-du-zero-dechet\/\",\"url\":\"https:\/\/ns381463.ip-94-23-248.eu\/GroupeOne2016\/wordpress\/12-horeca-et-commerces-alimentaires-bruxellois-sur-la-route-du-zero-dechet\/\",\"name\":\"12 horeca et commerces alimentaires bruxellois sur la route du Z\u00e9ro d\u00e9chet - Groupe One\",\"isPartOf\":{\"@id\":\"https:\/\/ns381463.ip-94-23-248.eu\/GroupeOne2016\/wordpress\/#website\"},\"datePublished\":\"2019-06-19T13:46:37+00:00\",\"dateModified\":\"2023-01-06T09:35:34+00:00\",\"author\":{\"@id\":\"https:\/\/ns381463.ip-94-23-248.eu\/GroupeOne2016\/wordpress\/#\/schema\/person\/1d485675d51de89080490a4a3d011af2\"},\"breadcrumb\":{\"@id\":\"https:\/\/ns381463.ip-94-23-248.eu\/GroupeOne2016\/wordpress\/12-horeca-et-commerces-alimentaires-bruxellois-sur-la-route-du-zero-dechet\/#breadcrumb\"},\"inLanguage\":\"fr-FR\",\"potentialAction\":[{\"@type\":\"ReadAction\",\"target\":[\"https:\/\/ns381463.ip-94-23-248.eu\/GroupeOne2016\/wordpress\/12-horeca-et-commerces-alimentaires-bruxellois-sur-la-route-du-zero-dechet\/\"]}]},{\"@type\":\"BreadcrumbList\",\"@id\":\"https:\/\/ns381463.ip-94-23-248.eu\/GroupeOne2016\/wordpress\/12-horeca-et-commerces-alimentaires-bruxellois-sur-la-route-du-zero-dechet\/#breadcrumb\",\"itemListElement\":[{\"@type\":\"ListItem\",\"position\":1,\"name\":\"Accueil\",\"item\":\"https:\/\/ns381463.ip-94-23-248.eu\/GroupeOne2016\/wordpress\/\"},{\"@type\":\"ListItem\",\"position\":2,\"name\":\"12 horeca et commerces alimentaires bruxellois sur la route du Z\u00e9ro d\u00e9chet\"}]},{\"@type\":\"WebSite\",\"@id\":\"https:\/\/ns381463.ip-94-23-248.eu\/GroupeOne2016\/wordpress\/#website\",\"url\":\"https:\/\/ns381463.ip-94-23-248.eu\/GroupeOne2016\/wordpress\/\",\"name\":\"Groupe One\",\"description\":\"Groupe One est une organisation belge qui facilite la transition vers une \u00e9conomie durable. Elle est active \u00e0 Bruxelles et en Wallonie.\",\"potentialAction\":[{\"@type\":\"SearchAction\",\"target\":{\"@type\":\"EntryPoint\",\"urlTemplate\":\"https:\/\/ns381463.ip-94-23-248.eu\/GroupeOne2016\/wordpress\/?s={search_term_string}\"},\"query-input\":\"required name=search_term_string\"}],\"inLanguage\":\"fr-FR\"},{\"@type\":\"Person\",\"@id\":\"https:\/\/ns381463.ip-94-23-248.eu\/GroupeOne2016\/wordpress\/#\/schema\/person\/1d485675d51de89080490a4a3d011af2\",\"name\":\"Magali Ronsmans\",\"image\":{\"@type\":\"ImageObject\",\"inLanguage\":\"fr-FR\",\"@id\":\"https:\/\/ns381463.ip-94-23-248.eu\/GroupeOne2016\/wordpress\/#\/schema\/person\/image\/\",\"url\":\"https:\/\/secure.gravatar.com\/avatar\/60c7ceeedcfe758765fe2e9bcd7e7970?s=96&d=mm&r=g\",\"contentUrl\":\"https:\/\/secure.gravatar.com\/avatar\/60c7ceeedcfe758765fe2e9bcd7e7970?s=96&d=mm&r=g\",\"caption\":\"Magali Ronsmans\"},\"url\":\"https:\/\/ns381463.ip-94-23-248.eu\/GroupeOne2016\/wordpress\/author\/g1-magali\/\"}]}<\/script>\n<!-- \/ Yoast SEO plugin. -->","yoast_head_json":{"title":"12 horeca et commerces alimentaires bruxellois sur la route du Z\u00e9ro d\u00e9chet - Groupe One","robots":{"index":"index","follow":"follow","max-snippet":"max-snippet:-1","max-image-preview":"max-image-preview:large","max-video-preview":"max-video-preview:-1"},"canonical":"https:\/\/ns381463.ip-94-23-248.eu\/GroupeOne2016\/wordpress\/12-horeca-et-commerces-alimentaires-bruxellois-sur-la-route-du-zero-dechet\/","og_locale":"fr_FR","og_type":"article","og_title":"12 horeca et commerces alimentaires bruxellois sur la route du Z\u00e9ro d\u00e9chet - Groupe One","og_description":"Dans le cadre de l\u2019Appel \u00e0 projet \u00ab Horeca et Commerces alimentaires Z\u00e9ro d\u00e9chet \u00bb\u00a0lanc\u00e9 en d\u00e9cembre 2018 par Bruxelles Environnement, 12 laur\u00e9ats ont \u00e9t\u00e9 s\u00e9lectionn\u00e9s pour b\u00e9n\u00e9ficier d\u2019un accompagnement [&hellip;]","og_url":"https:\/\/ns381463.ip-94-23-248.eu\/GroupeOne2016\/wordpress\/12-horeca-et-commerces-alimentaires-bruxellois-sur-la-route-du-zero-dechet\/","og_site_name":"Groupe One","article_published_time":"2019-06-19T13:46:37+00:00","article_modified_time":"2023-01-06T09:35:34+00:00","og_image":[{"width":960,"height":638,"url":"https:\/\/ns381463.ip-94-23-248.eu\/GroupeOne2016\/wordpress\/wp-content\/uploads\/2019\/06\/zero-waste-3749854_960_720.jpg","type":"image\/jpeg"}],"author":"Magali Ronsmans","twitter_card":"summary_large_image","twitter_misc":{"\u00c9crit par":"Magali Ronsmans","Dur\u00e9e de lecture estim\u00e9e":"2 minutes"},"schema":{"@context":"https:\/\/schema.org","@graph":[{"@type":"WebPage","@id":"https:\/\/ns381463.ip-94-23-248.eu\/GroupeOne2016\/wordpress\/12-horeca-et-commerces-alimentaires-bruxellois-sur-la-route-du-zero-dechet\/","url":"https:\/\/ns381463.ip-94-23-248.eu\/GroupeOne2016\/wordpress\/12-horeca-et-commerces-alimentaires-bruxellois-sur-la-route-du-zero-dechet\/","name":"12 horeca et commerces alimentaires bruxellois sur la route du Z\u00e9ro d\u00e9chet - Groupe One","isPartOf":{"@id":"https:\/\/ns381463.ip-94-23-248.eu\/GroupeOne2016\/wordpress\/#website"},"datePublished":"2019-06-19T13:46:37+00:00","dateModified":"2023-01-06T09:35:34+00:00","author":{"@id":"https:\/\/ns381463.ip-94-23-248.eu\/GroupeOne2016\/wordpress\/#\/schema\/person\/1d485675d51de89080490a4a3d011af2"},"breadcrumb":{"@id":"https:\/\/ns381463.ip-94-23-248.eu\/GroupeOne2016\/wordpress\/12-horeca-et-commerces-alimentaires-bruxellois-sur-la-route-du-zero-dechet\/#breadcrumb"},"inLanguage":"fr-FR","potentialAction":[{"@type":"ReadAction","target":["https:\/\/ns381463.ip-94-23-248.eu\/GroupeOne2016\/wordpress\/12-horeca-et-commerces-alimentaires-bruxellois-sur-la-route-du-zero-dechet\/"]}]},{"@type":"BreadcrumbList","@id":"https:\/\/ns381463.ip-94-23-248.eu\/GroupeOne2016\/wordpress\/12-horeca-et-commerces-alimentaires-bruxellois-sur-la-route-du-zero-dechet\/#breadcrumb","itemListElement":[{"@type":"ListItem","position":1,"name":"Accueil","item":"https:\/\/ns381463.ip-94-23-248.eu\/GroupeOne2016\/wordpress\/"},{"@type":"ListItem","position":2,"name":"12 horeca et commerces alimentaires bruxellois sur la route du Z\u00e9ro d\u00e9chet"}]},{"@type":"WebSite","@id":"https:\/\/ns381463.ip-94-23-248.eu\/GroupeOne2016\/wordpress\/#website","url":"https:\/\/ns381463.ip-94-23-248.eu\/GroupeOne2016\/wordpress\/","name":"Groupe One","description":"Groupe One est une organisation belge qui facilite la transition vers une \u00e9conomie durable. Elle est active \u00e0 Bruxelles et en Wallonie.","potentialAction":[{"@type":"SearchAction","target":{"@type":"EntryPoint","urlTemplate":"https:\/\/ns381463.ip-94-23-248.eu\/GroupeOne2016\/wordpress\/?s={search_term_string}"},"query-input":"required name=search_term_string"}],"inLanguage":"fr-FR"},{"@type":"Person","@id":"https:\/\/ns381463.ip-94-23-248.eu\/GroupeOne2016\/wordpress\/#\/schema\/person\/1d485675d51de89080490a4a3d011af2","name":"Magali Ronsmans","image":{"@type":"ImageObject","inLanguage":"fr-FR","@id":"https:\/\/ns381463.ip-94-23-248.eu\/GroupeOne2016\/wordpress\/#\/schema\/person\/image\/","url":"https:\/\/secure.gravatar.com\/avatar\/60c7ceeedcfe758765fe2e9bcd7e7970?s=96&d=mm&r=g","contentUrl":"https:\/\/secure.gravatar.com\/avatar\/60c7ceeedcfe758765fe2e9bcd7e7970?s=96&d=mm&r=g","caption":"Magali Ronsmans"},"url":"https:\/\/ns381463.ip-94-23-248.eu\/GroupeOne2016\/wordpress\/author\/g1-magali\/"}]}},"_links":{"self":[{"href":"https:\/\/ns381463.ip-94-23-248.eu\/GroupeOne2016\/wordpress\/wp-json\/wp\/v2\/posts\/126428"}],"collection":[{"href":"https:\/\/ns381463.ip-94-23-248.eu\/GroupeOne2016\/wordpress\/wp-json\/wp\/v2\/posts"}],"about":[{"href":"https:\/\/ns381463.ip-94-23-248.eu\/GroupeOne2016\/wordpress\/wp-json\/wp\/v2\/types\/post"}],"author":[{"embeddable":true,"href":"https:\/\/ns381463.ip-94-23-248.eu\/GroupeOne2016\/wordpress\/wp-json\/wp\/v2\/users\/10"}],"replies":[{"embeddable":true,"href":"https:\/\/ns381463.ip-94-23-248.eu\/GroupeOne2016\/wordpress\/wp-json\/wp\/v2\/comments?post=126428"}],"version-history":[{"count":12,"href":"https:\/\/ns381463.ip-94-23-248.eu\/GroupeOne2016\/wordpress\/wp-json\/wp\/v2\/posts\/126428\/revisions"}],"predecessor-version":[{"id":131976,"href":"https:\/\/ns381463.ip-94-23-248.eu\/GroupeOne2016\/wordpress\/wp-json\/wp\/v2\/posts\/126428\/revisions\/131976"}],"wp:featuredmedia":[{"embeddable":true,"href":"https:\/\/ns381463.ip-94-23-248.eu\/GroupeOne2016\/wordpress\/wp-json\/wp\/v2\/media\/126470"}],"wp:attachment":[{"href":"https:\/\/ns381463.ip-94-23-248.eu\/GroupeOne2016\/wordpress\/wp-json\/wp\/v2\/media?parent=126428"}],"wp:term":[{"taxonomy":"category","embeddable":true,"href":"https:\/\/ns381463.ip-94-23-248.eu\/GroupeOne2016\/wordpress\/wp-json\/wp\/v2\/categories?post=126428"},{"taxonomy":"post_tag","embeddable":true,"href":"https:\/\/ns381463.ip-94-23-248.eu\/GroupeOne2016\/wordpress\/wp-json\/wp\/v2\/tags?post=126428"}],"curies":[{"name":"wp","href":"https:\/\/api.w.org\/{rel}","templated":true}]}}