{"id":126079,"date":"2019-04-03T10:59:00","date_gmt":"2019-04-03T08:59:00","guid":{"rendered":"https:\/\/ns381463.ip-94-23-248.eu\/GroupeOne2016\/wordpress\/?p=126079"},"modified":"2023-01-06T10:38:19","modified_gmt":"2023-01-06T09:38:19","slug":"bonanniversaire","status":"publish","type":"post","link":"https:\/\/ns381463.ip-94-23-248.eu\/GroupeOne2016\/wordpress\/bonanniversaire\/","title":{"rendered":"La f\u00eate de l&#8217;\u00e9conomie durable : Groupe One a 20 ans, EcoRes a 10 ans"},"content":{"rendered":"<p>[et_pb_section fb_built=&#8221;1&#8243; _builder_version=&#8221;3.22.3&#8243; background_color=&#8221;#003957&#8243; custom_padding=&#8221;0||0|0px|false|false&#8221;][et_pb_row custom_padding=&#8221;|||20px&#8221; _builder_version=&#8221;3.22.3&#8243; custom_width_px=&#8221;2600px&#8221;][et_pb_column type=&#8221;4_4&#8243; _builder_version=&#8221;3.0.47&#8243;][et_pb_post_title author=&#8221;off&#8221; date_format=&#8221;M j Y&#8221; comments=&#8221;off&#8221; featured_image=&#8221;off&#8221; _builder_version=&#8221;3.21&#8243; title_font=&#8221;|700|||||||&#8221; title_text_color=&#8221;#ffffff&#8221; title_font_size=&#8221;34px&#8221; meta_font=&#8221;|||on|||||&#8221; meta_text_color=&#8221;#ffffff&#8221; meta_letter_spacing=&#8221;1px&#8221;]<br \/>\n[\/et_pb_post_title][\/et_pb_column][\/et_pb_row][\/et_pb_section][et_pb_section fb_built=&#8221;1&#8243; _builder_version=&#8221;3.22.3&#8243;][et_pb_row _builder_version=&#8221;3.22.6&#8243;][et_pb_column type=&#8221;2_3&#8243; _builder_version=&#8221;3.0.47&#8243;][et_pb_text admin_label=&#8221;MODELE-MODULE-TEXTE&#8221; _builder_version=&#8221;3.22.6&#8243; text_font=&#8221;Nunito||||||||&#8221; text_font_size=&#8221;18px&#8221; text_line_height=&#8221;30px&#8221;]<\/p>\n<p>D\u00e9j\u00e0 20 ans de d\u00e9fis relev\u00e9s avec vous pour une \u00e9conomie durable : cela se f\u00eate ! <a href=\"https:\/\/docs.google.com\/forms\/d\/e\/1FAIpQLSef7tE81qUQvAdpVd3q-gR0BvAJpqDEGEMKZgknNYA04rwh-A\/viewform?usp=sf_link\">Rejoignez-nous le 25 mai<\/a> pour c\u00e9l\u00e9brer nos envies partag\u00e9es de faire bouger les choses.<\/p>\n<p style=\"text-align: center;\"><a href='https:\/\/docs.google.com\/forms\/d\/e\/1FAIpQLSef7tE81qUQvAdpVd3q-gR0BvAJpqDEGEMKZgknNYA04rwh-A\/viewform' class='small-button smallgreen' target=\"_blank\">Je m&#8217;inscris<\/a><\/p>\n<p style=\"text-align: center;\"><span style=\"font-size: 12px;\"><em>Entr\u00e9e gratuite &#8211;\u00a0inscription obligatoire<\/em><\/span><\/p>\n<p>La f\u00eate sera d\u00e9di\u00e9e \u00e0 la nouvelle \u00e9conomie et soutenue par notre parrain, <a href=\"http:\/\/www.brunocoppens.com\/\">Bruno Coppens<\/a>, jongleur des mots qui exprime le mal de terre \u00e0 sa mani\u00e8re dans une<a href=\"https:\/\/ns381463.ip-94-23-248.eu\/GroupeOne2016\/wordpress\/lettre-a-nos-arriere-petits-enfants\/\"> lettre<\/a> adress\u00e9e \u00e0 ses arri\u00e8res petits-enfants. Voici d\u00e9j\u00e0 un aper\u00e7u du programme qui sera encore aliment\u00e9 les prochaines semaines.<\/p>\n<p><strong><u><iframe loading=\"lazy\" src=\"\/\/www.youtube.com\/embed\/Xton7ToXPt0\" width=\"560\" height=\"314\" allowfullscreen=\"allowfullscreen\"><\/iframe><\/u><\/strong><\/p>\n<p>&nbsp;<\/p>\n<p><strong><u>De 14h \u00e0 18h\u00a0: parcours d\u00e9couverte<\/u><\/strong><\/p>\n<ul>\n<li>Une palette de produits et services durables, propos\u00e9s par des entrepreneurs accompagn\u00e9s par Groupe One\u00a0: cultiver, manger, s\u2019habiller, d\u00e9corer son int\u00e9rieur, s\u2019amuser, cr\u00e9er\u2026il y en aura pour tous les go\u00fbts\u00a0!<\/li>\n<li>Des pitchs d\u2019une quinzaine d\u2019entrepreneurs, qui vous pr\u00e9senteront leur projet.<\/li>\n<li>La d\u00e9couverte des projets de terrain coordonn\u00e9s par Groupe One et EcoRes, en collaboration avec leurs partenaires\u00a0: <a href=\"http:\/\/holy-wood.be\/\" target=\"_blank\" rel=\"noopener noreferrer\">Holy wood<\/a>, <a href=\"https:\/\/www.nu-coop.com\/fr\/le-projet\" target=\"_blank\" rel=\"noopener noreferrer\">Nu\u00a0!<\/a>, <a href=\"https:\/\/www.facebook.com\/pg\/recycleriesociale\/\" target=\"_blank\" rel=\"noopener noreferrer\">la Recyclerie Sociale de Saint Gilles.<\/a><\/li>\n<li>Les services de Groupe One, EcoRes et Equilibre qui contribuent \u00e0 d\u00e9ployer l\u2019\u00e9conomie durable depuis la cr\u00e9ation d\u2019entreprise, jusqu\u2019\u00e0 la maturit\u00e9, en passant par le d\u00e9veloppement personnel des entrepreneurs.<\/li>\n<\/ul>\n<p><strong><u>De 14h \u00e0 16h\u00a0: des mini-d\u00e9bats sur les th\u00e8mes de l\u2019\u00e9conomie durable\u00a0<\/u><\/strong><strong><u>:<\/u><\/strong><\/p>\n<ul>\n<li><strong>14h&gt;15h &#8211; Economie circulaire\u00a0: la tra\u00e7abilit\u00e9 des mat\u00e9riaux, pourquoi est-ce important\u00a0? <\/strong>Identifier la provenance et le chemin de vie des mat\u00e9riaux\u00a0contribue \u00e0\u00a0 favoriser la r\u00e9utilisation et la revalorisation. Avec Patrick Van den Bossche (Environment Center of Expertise).<\/li>\n<li><strong>14h&gt;15h \u2013 <\/strong><strong>Territoires en transition\u00a0: les processus collectifs sont-ils la cl\u00e9\u00a0? \u00a0 <\/strong>Exemples inspirants et exp\u00e9riences des processus d\u2019intelligence collective pour contribuer \u00e0 des territoires plus durables. Avec Antoine Crahay (<a href=\"http:\/\/www.citytools.be\">Citytools<\/a>) et S\u00e9bastien Heuss (<a href=\"https:\/\/www.arterarchitects.com\">Arter<\/a>)<\/li>\n<li><strong>15h &gt;16h \u2013 Agriculture durable : quel soutien pour leur d\u00e9veloppement ? <\/strong>Enjeux de l&#8217;acc\u00e8s \u00e0 la terre agricole face \u00e0 l&#8217;urbanisation, r\u00f4le de la ville et des consommateurs pour maintenir l&#8217;activit\u00e9 agricole. Avec<a href=\"https:\/\/terre-en-vue.be\"> l&#8217;asbl Terre en Vue.<\/a><\/li>\n<li><strong>15h&gt;16h \u2013 <\/strong><strong>Entreprenariat durable, ses bonheurs et ses pi\u00e8ges<\/strong>. Comment parvenir \u00e0 un business model durable dans notre pays ? Avec Anna Balez et Fr\u00e9d\u00e9ric Chom\u00e9, entrepreneurs en \u00e9conomie circulaire (<a href=\"https:\/\/www.taleme-shop.com\">Tale Me<\/a> et <a href=\"http:\/\/Usitoo.be\">Usitoo)<\/a>.<\/li>\n<li><strong>16h&gt;17h &#8211; <\/strong><span data-sheets-value=\"{&quot;1&quot;:2,&quot;2&quot;:&quot;Mini-conf\u00e9rence : Financement \u00e9thique : comment s'y retrouver ?&quot;}\" data-sheets-userformat=\"{&quot;2&quot;:31743,&quot;3&quot;:{&quot;1&quot;:0},&quot;4&quot;:[null,2,4884200],&quot;5&quot;:{&quot;1&quot;:[{&quot;1&quot;:2,&quot;2&quot;:0,&quot;5&quot;:[null,2,0]},{&quot;1&quot;:0,&quot;2&quot;:0,&quot;3&quot;:3},{&quot;1&quot;:1,&quot;2&quot;:0,&quot;4&quot;:1}]},&quot;6&quot;:{&quot;1&quot;:[{&quot;1&quot;:2,&quot;2&quot;:0,&quot;5&quot;:[null,2,0]},{&quot;1&quot;:0,&quot;2&quot;:0,&quot;3&quot;:3},{&quot;1&quot;:1,&quot;2&quot;:0,&quot;4&quot;:1}]},&quot;7&quot;:{&quot;1&quot;:[{&quot;1&quot;:2,&quot;2&quot;:0,&quot;5&quot;:[null,2,0]},{&quot;1&quot;:0,&quot;2&quot;:0,&quot;3&quot;:3},{&quot;1&quot;:1,&quot;2&quot;:0,&quot;4&quot;:1}]},&quot;8&quot;:{&quot;1&quot;:[{&quot;1&quot;:2,&quot;2&quot;:0,&quot;5&quot;:[null,2,0]},{&quot;1&quot;:0,&quot;2&quot;:0,&quot;3&quot;:3},{&quot;1&quot;:1,&quot;2&quot;:0,&quot;4&quot;:1}]},&quot;9&quot;:0,&quot;10&quot;:2,&quot;11&quot;:4,&quot;12&quot;:0,&quot;14&quot;:[null,2,0],&quot;15&quot;:&quot;Calibri, sans-serif&quot;,&quot;16&quot;:12,&quot;17&quot;:1}\"><strong>Financement \u00e9thique : comment s&#8217;y retrouver ?<\/strong>\u00a0Solutions innovantes pour r\u00e9pondre aux besoins des entrepreneurs et aux attentes des financeurs. Avec Sevan Holemans, coordinateur du projet Solifin.<\/span><\/li>\n<\/ul>\n<p><strong><u>De 14h \u00e0 17h00 : des ateliers pour d\u00e9couvrir, apprendre, exp\u00e9rimenter\u2026<\/u><\/strong><\/p>\n<p><strong>Alimentation et agriculture durable\u00a0: <\/strong><\/p>\n<ul>\n<li>Cr\u00e9ation d\u2019un mini-potager en permaculture avec <a href=\"https:\/\/www.facebook.com\/cantinelapopote\/\">La popote<\/a>.<\/li>\n<li>Cr\u00e9ation de \u00ab bombes \u00e0 graine \u00bb, pour diss\u00e9miner des fleurs \u00e0 polliniser !<\/li>\n<\/ul>\n<p><strong>Economie circulaire\u00a0: <\/strong><\/p>\n<ul>\n<li>\u00ab\u00a0Life Cycle Game\u00a0\u00bb, un jeu de soci\u00e9t\u00e9 pour d\u00e9couvrir l\u2019\u00e9conomie circulaire.<\/li>\n<li>\n<div class=\"gmail_default\">Atelier de d\u00e9couverte de\u00a0l&#8217;Up-Cycling et revalorisation des luminaires avec ID&#8217;Lamp.<\/div>\n<\/li>\n<\/ul>\n<p><strong>R\u00e9flexion collective<\/strong> : une session en intelligence collective pour contribuer \u00e0 l\u2019\u00e9conomie durable de demain.<\/p>\n<p><strong><u>De 15h30 \u00e0 16h30, un moment pour m\u00e9diter<\/u><\/strong><\/p>\n<p><strong>Une Le\u00e7on d\u2019Equilibre sera donn\u00e9e par<\/strong>\u00a0<strong>Sabine Denis<\/strong>\u00a0<strong>sur le th\u00e8me\u00a0\u2018Vers un nouvel activisme spirituel &#8211; inspiration du Schumacher College\u2019<\/strong><\/p>\n<p>Apr\u00e8s un moment de m\u00e9ditation, une mini-conf\u00e9rence sera donn\u00e9e en pleine conscience par Sabine Denis, active depuis de nombreuses ann\u00e9es dans la responsabilit\u00e9 soci\u00e9tale des entreprises (ex Co-directrice The Shift). Elle nous partagera ses r\u00e9flexions pour un nouvel activisme spirituel, les \u00e9tapes du chemin parcouru : du d\u00e9sespoir face \u00e0 la collapsologie \u00e0 l\u2019apaisement ; de l\u2019autonomie \u00e0 l\u2019interconnectivit\u00e9 ; du monde de l\u2019action au monde de l\u2019\u00eatre ; de la recherche d\u2019impact \u00e0 l\u2019humilit\u00e9\u2026\u00a0 L\u2019occasion de d\u00e9couvrir les activit\u00e9s men\u00e9es par l\u2019asbl <a href=\"http:\/\/equilibreasbl.be\" target=\"_blank\" rel=\"noopener noreferrer\">Equilibre<\/a>, association partenaire de Groupe One, active dans la transition int\u00e9rieure des acteurs \u00e9conomiques.<\/p>\n<p><strong><u>De 17h30 \u00e0 19h00,\u00a0conf\u00e9rence avec un panel d\u2019experts<\/u><\/strong><\/p>\n<p><strong>Quel effort de guerre \u00e9conomique pour faire face aux enjeux climatiques\u00a0?<\/strong> Les limites plan\u00e9taires m\u00e8nent \u00e0 une remise en question des libert\u00e9s individuelles. Partir en vacances \u00e0 des milliers de kilom\u00e8tres, s\u2019offrir des repas carnivores quotidiens, opter pour la voiture au moindre petit d\u00e9placement\u2026quel effort notre soci\u00e9t\u00e9 est-elle pr\u00eate \u00e0 faire ?<\/p>\n<p>Nous retrouvons entre autres, Olivier De Schutter, professeur \u00e0 l&#8217;Universit\u00e9 Catholique de Louvain,\u00a0Ga\u00ebtan Dartevelle, co-fondateur de Greenloop, Emeline De Bouver, Docteur en sociologie politique. Le d\u00e9bat sera anim\u00e9 par Christophe Schoune.<\/p>\n<p><strong><u>D\u00e8s 19h, se d\u00e9tendre et prendre l\u2019ap\u00e9ro, avec de la bonne musique<\/u><\/strong><\/p>\n<p>La f\u00eate continue avec nos \u00e9quipes, nos partenaires et tout ceux qui souhaitent contribuer \u00e0 une production et une consommation plus durable\u00a0! Notre parrain <a href=\"http:\/\/www.brunocoppens.com\/\" target=\"_blank\" rel=\"noopener noreferrer\">Bruno Coppens<\/a>, fera l\u2019honneur \u00e0 la nouvelle \u00e9conomie avec une intervention de son cru\u00a0!<\/p>\n<p>&nbsp;<\/p>\n<p><strong>Adresse du jour :<\/strong><\/p>\n<p>La Ferme Rose \u00e0 Uccle, 44 avenue de Fr\u00e9,\u00a01180 Bruxelles<\/p>\n<p><strong>Acc\u00e8s<\/strong>\u00a0:<br \/>\nBus 38, 41, 43, 60, 124 \/ Tram 4, 92 et 97 &#8211; acc\u00e8s via la Gare du midi.<br \/>\nVenez \u00e0 v\u00e9lo : des parcours sont propos\u00e9s via la <a href=\"https:\/\/groupeone.us12.list-manage.com\/track\/click?u=4b8cae888f20720725a172884&amp;id=54b82c0a3a&amp;e=7e0e34df26\" target=\"_blank\" rel=\"noopener noreferrer\"><strong>carte des promenades vertes<\/strong><\/a>.\u00a0Un grand parking v\u00e9lo est r\u00e9serv\u00e9 \u00e0 votre petite reine\u00a0!\u00a0Profitez-en, il fera beau \ud83d\ude09<\/p>\n<p><strong>Infos pratiques :\u00a0<\/strong><br \/>\n&gt; Rdv d\u00e8s 14h, <a href=\"https:\/\/docs.google.com\/forms\/d\/e\/1FAIpQLSef7tE81qUQvAdpVd3q-gR0BvAJpqDEGEMKZgknNYA04rwh-A\/viewform?usp=sf_link\" target=\"_blank\" rel=\"noopener noreferrer\">inscription obligatoire<\/a> pour nous faciliter l\u2019organisation. Merci d\u2019avance !<br \/>\n&gt; Venez en famille, quelques activit\u00e9s sont pr\u00e9vues pour les petits ! (pas de garderie).<\/p>\n<p>Retrouvez l&#8217;<a href=\"https:\/\/www.facebook.com\/events\/2091286111178186\/\" target=\"_blank\" rel=\"noopener noreferrer\">\u00e9v\u00e9nement Facebook ici<\/a>.<\/p>\n<p>&nbsp;<\/p>\n<p>&nbsp;<\/p>\n<p>&nbsp;<\/p>\n<p>&nbsp;<\/p>\n<p>[\/et_pb_text][\/et_pb_column][et_pb_column type=&#8221;1_3&#8243; _builder_version=&#8221;3.0.47&#8243;][\/et_pb_column][\/et_pb_row][\/et_pb_section][et_pb_section fb_built=&#8221;1&#8243; custom_padding_last_edited=&#8221;on|phone&#8221; disabled_on=&#8221;on|on|off&#8221; _builder_version=&#8221;3.0.106&#8243; background_image=&#8221;https:\/\/ns381463.ip-94-23-248.eu\/GroupeOne2016\/wordpress\/wp-content\/uploads\/2017\/10\/BG-INFOLETTRE-ALL-ELEMENTS.png&#8221; custom_padding=&#8221;0px|0px|0px|0px&#8221; custom_padding_tablet=&#8221;|||0px&#8221; global_module=&#8221;119058&#8243; saved_tabs=&#8221;all&#8221;][et_pb_row _builder_version=&#8221;3.22.3&#8243; custom_css_main_element=&#8221;display: -webkit-box;||display: -ms-flexbox;||display: flex;||-webkit-box-align: center;||-ms-flex-align: center;||align-items: center;||-webkit-box-orient: horizontal;||-webkit-box-direction: normal;||-ms-flex-direction: row;||flex-direction: row;||-ms-flex-wrap: wrap;||flex-wrap: wrap;&#8221;][et_pb_column type=&#8221;2_3&#8243; _builder_version=&#8221;3.0.47&#8243;][\/et_pb_column][et_pb_column type=&#8221;1_3&#8243; _builder_version=&#8221;3.0.47&#8243;][et_pb_code module_id=&#8221;dc_optin&#8221; custom_margin=&#8221;-50px|200px||&#8221; locked=&#8221;off&#8221;]<div class=\"et_bloom_inline_form et_bloom_optin et_bloom_make_form_visible et_bloom_optin_1\" style=\"display: none;\">\n\t\t\t\t<style type=\"text\/css\">.et_bloom .et_bloom_optin_1 .et_bloom_form_content { background-color: #ededed !important; } .et_bloom .et_bloom_optin_1 .et_bloom_form_container .et_bloom_form_header { background-color: #ffffff !important; } .et_bloom .et_bloom_optin_1 .et_bloom_form_content button { background-color: #a153e0 !important; } .et_bloom .et_bloom_optin_1 .et_bloom_form_content .et_bloom_fields i { color: #a153e0 !important; } .et_bloom .et_bloom_optin_1 .et_bloom_form_content .et_bloom_custom_field_radio i:before { background: #a153e0 !important; } .et_bloom .et_bloom_optin_1 .et_bloom_form_content button { background-color: #a153e0 !important; } .et_bloom .et_bloom_optin_1 .et_bloom_form_container h2, .et_bloom .et_bloom_optin_1 .et_bloom_form_container h2 span, .et_bloom .et_bloom_optin_1 .et_bloom_form_container h2 strong { font-family: \"Open Sans\", Helvetica, Arial, Lucida, sans-serif; }.et_bloom .et_bloom_optin_1 .et_bloom_form_container p, .et_bloom .et_bloom_optin_1 .et_bloom_form_container p span, .et_bloom .et_bloom_optin_1 .et_bloom_form_container p strong, .et_bloom .et_bloom_optin_1 .et_bloom_form_container form input, .et_bloom .et_bloom_optin_1 .et_bloom_form_container form button span { font-family: \"Open Sans\", Helvetica, Arial, Lucida, sans-serif; } \/* === Transparent Bloom Optin by Divi Cake === *\/ #dc_optin .et_bloom_form_container { background: none !important; } #dc_optin .et_bloom_form_header { background: none!important; } #dc_optin .et_bloom_bottom_inline { background: none !important; }<\/style>\n\t\t\t\t<div class=\"et_bloom_form_container  et_bloom_rounded_corners et_bloom_rounded et_bloom_form_text_dark et_bloom_form_bottom et_bloom_inline_1_field\">\n\t\t\t\t\t\n\t\t\t<div class=\"et_bloom_form_container_wrapper clearfix\">\n\t\t\t\t<div class=\"et_bloom_header_outer\">\n\t\t\t\t\t<div class=\"et_bloom_form_header et_bloom_header_text_dark\">\n\t\t\t\t\t\t\n\t\t\t\t\t\t\n\t\t\t\t\t\t\n\t\t\t\t\t<\/div>\n\t\t\t\t<\/div>\n\t\t\t\t<div class=\"et_bloom_form_content et_bloom_1_field et_bloom_bottom_inline et_bloom_custom_html_form\" data-optin_id=\"optin_1\" data-service=\"custom_form\" data-list_id=\"custom_form\" data-page_id=\"126079\" data-account=\"custom_form\">\n\t\t\t\t\t<!-- Begin MailChimp Signup Form -->\r\n<link href=\"\/\/cdn-images.mailchimp.com\/embedcode\/horizontal-slim-10_7.css\" rel=\"stylesheet\" type=\"text\/css\">\r\n<style type=\"text\/css\">\r\n\t#mc_embed_signup{background:#fff; clear:left; font:14px Helvetica,Arial,sans-serif; width:100%;}\r\n\t\/* Add your own MailChimp form style overrides in your site stylesheet or in this style block.\r\n\t   We recommend moving this block and the preceding CSS link to the HEAD of your HTML file. *\/\r\n<\/style>\r\n<div id=\"mc_embed_signup\">\r\n<form action=\"https:\/\/groupeone.us12.list-manage.com\/subscribe\/post?u=4b8cae888f20720725a172884&id=4ca247c289\" method=\"post\" id=\"mc-embedded-subscribe-form\" name=\"mc-embedded-subscribe-form\" class=\"validate\" target=\"_blank\" novalidate>\r\n    <div id=\"mc_embed_signup_scroll\">\r\n\t\r\n\t    <!-- real people should not fill this in and expect good things - do not remove this or risk form bot signups-->\r\n    <div style=\"position: absolute; left: -5000px;\" aria-hidden=\"true\"><input type=\"text\" name=\"b_4b8cae888f20720725a172884_4ca247c289\" tabindex=\"-1\" value=\"\"><\/div>\r\n    <div class=\"clear\"><input type=\"submit\" value=\"S'inscrire\" name=\"subscribe\" id=\"mc-embedded-subscribe\" class=\"button\"><\/div>\r\n    <\/div>\r\n<\/form>\r\n<\/div>\r\n\r\n<!--End mc_embed_signup-->\n\t\t\t\t\t<div class=\"et_bloom_success_container\">\n\t\t\t\t\t\t<span class=\"et_bloom_success_checkmark\"><\/span>\n\t\t\t\t\t<\/div>\n\t\t\t\t\t<h2 class=\"et_bloom_success_message\">You have Successfully Subscribed!<\/h2>\n\t\t\t\t\t\n\t\t\t\t<\/div>\n\t\t\t<\/div>\n\t\t\t<span class=\"et_bloom_close_button\"><\/span>\n\t\t\t\t<\/div>\n\t\t\t<\/div>[\/et_pb_code][\/et_pb_column][\/et_pb_row][\/et_pb_section][et_pb_section fb_built=&#8221;1&#8243; custom_padding_last_edited=&#8221;on|phone&#8221; disabled_on=&#8221;off|off|on&#8221; _builder_version=&#8221;3.0.95&#8243; background_image=&#8221;https:\/\/ns381463.ip-94-23-248.eu\/GroupeOne2016\/wordpress\/wp-content\/uploads\/2017\/10\/BG-NEWSLETTERS-2.png&#8221; custom_padding=&#8221;0px|0px|0px|0px&#8221; custom_padding_tablet=&#8221;|||0px&#8221; global_module=&#8221;121907&#8243; saved_tabs=&#8221;all&#8221;][et_pb_row custom_padding=&#8221;0px|0px|0px|0px&#8221; _builder_version=&#8221;3.22.3&#8243;][et_pb_column type=&#8221;4_4&#8243; _builder_version=&#8221;3.0.47&#8243;][et_pb_text admin_label=&#8221;Texte&#8221; _builder_version=&#8221;3.0.92&#8243; text_font=&#8221;||||||||&#8221; header_font=&#8221;||||||||&#8221; header_text_align=&#8221;center&#8221; header_2_font=&#8221;||||||||&#8221; header_2_text_align=&#8221;center&#8221; header_2_text_color=&#8221;#ffffff&#8221; header_2_font_size=&#8221;30px&#8221; header_2_line_height=&#8221;30px&#8221; background_layout=&#8221;dark&#8221; custom_margin=&#8221;50px||-50px|&#8221; locked=&#8221;off&#8221;]<\/p>\n<h2>Abonnez-vous \u00e0 la newsletter de<br \/>\nl&#8217;entrepreneuriat durable<\/h2>\n<p>[\/et_pb_text][et_pb_code module_id=&#8221;dc_optin&#8221; custom_margin=&#8221;0px|||&#8221; custom_margin_last_edited=&#8221;on|desktop&#8221; custom_padding=&#8221;0px|||&#8221; custom_padding_last_edited=&#8221;on|phone&#8221;]<div class=\"et_bloom_inline_form et_bloom_optin et_bloom_make_form_visible et_bloom_optin_1\" style=\"display: none;\">\n\t\t\t\t<style type=\"text\/css\">.et_bloom .et_bloom_optin_1 .et_bloom_form_content { background-color: #ededed !important; } .et_bloom .et_bloom_optin_1 .et_bloom_form_container .et_bloom_form_header { background-color: #ffffff !important; } .et_bloom .et_bloom_optin_1 .et_bloom_form_content button { background-color: #a153e0 !important; } .et_bloom .et_bloom_optin_1 .et_bloom_form_content .et_bloom_fields i { color: #a153e0 !important; } .et_bloom .et_bloom_optin_1 .et_bloom_form_content .et_bloom_custom_field_radio i:before { background: #a153e0 !important; } .et_bloom .et_bloom_optin_1 .et_bloom_form_content button { background-color: #a153e0 !important; } .et_bloom .et_bloom_optin_1 .et_bloom_form_container h2, .et_bloom .et_bloom_optin_1 .et_bloom_form_container h2 span, .et_bloom .et_bloom_optin_1 .et_bloom_form_container h2 strong { font-family: \"Open Sans\", Helvetica, Arial, Lucida, sans-serif; }.et_bloom .et_bloom_optin_1 .et_bloom_form_container p, .et_bloom .et_bloom_optin_1 .et_bloom_form_container p span, .et_bloom .et_bloom_optin_1 .et_bloom_form_container p strong, .et_bloom .et_bloom_optin_1 .et_bloom_form_container form input, .et_bloom .et_bloom_optin_1 .et_bloom_form_container form button span { font-family: \"Open Sans\", Helvetica, Arial, Lucida, sans-serif; } \/* === Transparent Bloom Optin by Divi Cake === *\/ #dc_optin .et_bloom_form_container { background: none !important; } #dc_optin .et_bloom_form_header { background: none!important; } #dc_optin .et_bloom_bottom_inline { background: none !important; }<\/style>\n\t\t\t\t<div class=\"et_bloom_form_container  et_bloom_rounded_corners et_bloom_rounded et_bloom_form_text_dark et_bloom_form_bottom et_bloom_inline_1_field\">\n\t\t\t\t\t\n\t\t\t<div class=\"et_bloom_form_container_wrapper clearfix\">\n\t\t\t\t<div class=\"et_bloom_header_outer\">\n\t\t\t\t\t<div class=\"et_bloom_form_header et_bloom_header_text_dark\">\n\t\t\t\t\t\t\n\t\t\t\t\t\t\n\t\t\t\t\t\t\n\t\t\t\t\t<\/div>\n\t\t\t\t<\/div>\n\t\t\t\t<div class=\"et_bloom_form_content et_bloom_1_field et_bloom_bottom_inline et_bloom_custom_html_form\" data-optin_id=\"optin_1\" data-service=\"custom_form\" data-list_id=\"custom_form\" data-page_id=\"126079\" data-account=\"custom_form\">\n\t\t\t\t\t<!-- Begin MailChimp Signup Form -->\r\n<link href=\"\/\/cdn-images.mailchimp.com\/embedcode\/horizontal-slim-10_7.css\" rel=\"stylesheet\" type=\"text\/css\">\r\n<style type=\"text\/css\">\r\n\t#mc_embed_signup{background:#fff; clear:left; font:14px Helvetica,Arial,sans-serif; width:100%;}\r\n\t\/* Add your own MailChimp form style overrides in your site stylesheet or in this style block.\r\n\t   We recommend moving this block and the preceding CSS link to the HEAD of your HTML file. *\/\r\n<\/style>\r\n<div id=\"mc_embed_signup\">\r\n<form action=\"https:\/\/groupeone.us12.list-manage.com\/subscribe\/post?u=4b8cae888f20720725a172884&id=4ca247c289\" method=\"post\" id=\"mc-embedded-subscribe-form\" name=\"mc-embedded-subscribe-form\" class=\"validate\" target=\"_blank\" novalidate>\r\n    <div id=\"mc_embed_signup_scroll\">\r\n\t\r\n\t    <!-- real people should not fill this in and expect good things - do not remove this or risk form bot signups-->\r\n    <div style=\"position: absolute; left: -5000px;\" aria-hidden=\"true\"><input type=\"text\" name=\"b_4b8cae888f20720725a172884_4ca247c289\" tabindex=\"-1\" value=\"\"><\/div>\r\n    <div class=\"clear\"><input type=\"submit\" value=\"S'inscrire\" name=\"subscribe\" id=\"mc-embedded-subscribe\" class=\"button\"><\/div>\r\n    <\/div>\r\n<\/form>\r\n<\/div>\r\n\r\n<!--End mc_embed_signup-->\n\t\t\t\t\t<div class=\"et_bloom_success_container\">\n\t\t\t\t\t\t<span class=\"et_bloom_success_checkmark\"><\/span>\n\t\t\t\t\t<\/div>\n\t\t\t\t\t<h2 class=\"et_bloom_success_message\">You have Successfully Subscribed!<\/h2>\n\t\t\t\t\t\n\t\t\t\t<\/div>\n\t\t\t<\/div>\n\t\t\t<span class=\"et_bloom_close_button\"><\/span>\n\t\t\t\t<\/div>\n\t\t\t<\/div>[\/et_pb_code][\/et_pb_column][\/et_pb_row][\/et_pb_section]<\/p>\n","protected":false},"excerpt":{"rendered":"<p>D\u00e9j\u00e0 20 ans de d\u00e9fis relev\u00e9s avec vous pour une \u00e9conomie durable : cela se f\u00eate ! Rejoignez-nous le 25 mai pour c\u00e9l\u00e9brer nos envies partag\u00e9es de faire bouger les [&hellip;]<\/p>\n","protected":false},"author":14,"featured_media":126262,"comment_status":"open","ping_status":"open","sticky":false,"template":"","format":"standard","meta":{"_et_pb_use_builder":"on","_et_pb_old_content":"<p>texte du programme \u00e0 int\u00e9grer\u00a0<\/p>","_et_gb_content_width":""},"categories":[87],"tags":[],"yoast_head":"<!-- This site is optimized with the Yoast SEO plugin v19.13 - https:\/\/yoast.com\/wordpress\/plugins\/seo\/ -->\n<title>La f\u00eate de l&#039;\u00e9conomie durable : Groupe One a 20 ans, EcoRes a 10 ans - Groupe One<\/title>\n<meta name=\"robots\" content=\"index, follow, max-snippet:-1, max-image-preview:large, max-video-preview:-1\" \/>\n<link rel=\"canonical\" href=\"https:\/\/ns381463.ip-94-23-248.eu\/GroupeOne2016\/wordpress\/bonanniversaire\/\" \/>\n<meta property=\"og:locale\" content=\"fr_FR\" \/>\n<meta property=\"og:type\" content=\"article\" \/>\n<meta property=\"og:title\" content=\"La f\u00eate de l&#039;\u00e9conomie durable : Groupe One a 20 ans, EcoRes a 10 ans - Groupe One\" \/>\n<meta property=\"og:description\" content=\"D\u00e9j\u00e0 20 ans de d\u00e9fis relev\u00e9s avec vous pour une \u00e9conomie durable : cela se f\u00eate ! Rejoignez-nous le 25 mai pour c\u00e9l\u00e9brer nos envies partag\u00e9es de faire bouger les [&hellip;]\" \/>\n<meta property=\"og:url\" content=\"https:\/\/ns381463.ip-94-23-248.eu\/GroupeOne2016\/wordpress\/bonanniversaire\/\" \/>\n<meta property=\"og:site_name\" content=\"Groupe One\" \/>\n<meta property=\"article:published_time\" content=\"2019-04-03T08:59:00+00:00\" \/>\n<meta property=\"article:modified_time\" content=\"2023-01-06T09:38:19+00:00\" \/>\n<meta property=\"og:image\" content=\"https:\/\/ns381463.ip-94-23-248.eu\/GroupeOne2016\/wordpress\/wp-content\/uploads\/2019\/04\/Post-Save-the-date-Anniversaire.jpg\" \/>\n\t<meta property=\"og:image:width\" content=\"800\" \/>\n\t<meta property=\"og:image:height\" content=\"800\" \/>\n\t<meta property=\"og:image:type\" content=\"image\/jpeg\" \/>\n<meta name=\"author\" content=\"Justine de Montlivault\" \/>\n<meta name=\"twitter:card\" content=\"summary_large_image\" \/>\n<meta name=\"twitter:label1\" content=\"\u00c9crit par\" \/>\n\t<meta name=\"twitter:data1\" content=\"Justine de Montlivault\" \/>\n\t<meta name=\"twitter:label2\" content=\"Dur\u00e9e de lecture estim\u00e9e\" \/>\n\t<meta name=\"twitter:data2\" content=\"5 minutes\" \/>\n<script type=\"application\/ld+json\" class=\"yoast-schema-graph\">{\"@context\":\"https:\/\/schema.org\",\"@graph\":[{\"@type\":\"WebPage\",\"@id\":\"https:\/\/ns381463.ip-94-23-248.eu\/GroupeOne2016\/wordpress\/bonanniversaire\/\",\"url\":\"https:\/\/ns381463.ip-94-23-248.eu\/GroupeOne2016\/wordpress\/bonanniversaire\/\",\"name\":\"La f\u00eate de l'\u00e9conomie durable : Groupe One a 20 ans, EcoRes a 10 ans - Groupe One\",\"isPartOf\":{\"@id\":\"https:\/\/ns381463.ip-94-23-248.eu\/GroupeOne2016\/wordpress\/#website\"},\"datePublished\":\"2019-04-03T08:59:00+00:00\",\"dateModified\":\"2023-01-06T09:38:19+00:00\",\"author\":{\"@id\":\"https:\/\/ns381463.ip-94-23-248.eu\/GroupeOne2016\/wordpress\/#\/schema\/person\/8bcb6e90f26a897df78b177a4b54480a\"},\"breadcrumb\":{\"@id\":\"https:\/\/ns381463.ip-94-23-248.eu\/GroupeOne2016\/wordpress\/bonanniversaire\/#breadcrumb\"},\"inLanguage\":\"fr-FR\",\"potentialAction\":[{\"@type\":\"ReadAction\",\"target\":[\"https:\/\/ns381463.ip-94-23-248.eu\/GroupeOne2016\/wordpress\/bonanniversaire\/\"]}]},{\"@type\":\"BreadcrumbList\",\"@id\":\"https:\/\/ns381463.ip-94-23-248.eu\/GroupeOne2016\/wordpress\/bonanniversaire\/#breadcrumb\",\"itemListElement\":[{\"@type\":\"ListItem\",\"position\":1,\"name\":\"Accueil\",\"item\":\"https:\/\/ns381463.ip-94-23-248.eu\/GroupeOne2016\/wordpress\/\"},{\"@type\":\"ListItem\",\"position\":2,\"name\":\"La f\u00eate de l&#8217;\u00e9conomie durable : Groupe One a 20 ans, EcoRes a 10 ans\"}]},{\"@type\":\"WebSite\",\"@id\":\"https:\/\/ns381463.ip-94-23-248.eu\/GroupeOne2016\/wordpress\/#website\",\"url\":\"https:\/\/ns381463.ip-94-23-248.eu\/GroupeOne2016\/wordpress\/\",\"name\":\"Groupe One\",\"description\":\"Groupe One est une organisation belge qui facilite la transition vers une \u00e9conomie durable. Elle est active \u00e0 Bruxelles et en Wallonie.\",\"potentialAction\":[{\"@type\":\"SearchAction\",\"target\":{\"@type\":\"EntryPoint\",\"urlTemplate\":\"https:\/\/ns381463.ip-94-23-248.eu\/GroupeOne2016\/wordpress\/?s={search_term_string}\"},\"query-input\":\"required name=search_term_string\"}],\"inLanguage\":\"fr-FR\"},{\"@type\":\"Person\",\"@id\":\"https:\/\/ns381463.ip-94-23-248.eu\/GroupeOne2016\/wordpress\/#\/schema\/person\/8bcb6e90f26a897df78b177a4b54480a\",\"name\":\"Justine de Montlivault\",\"image\":{\"@type\":\"ImageObject\",\"inLanguage\":\"fr-FR\",\"@id\":\"https:\/\/ns381463.ip-94-23-248.eu\/GroupeOne2016\/wordpress\/#\/schema\/person\/image\/\",\"url\":\"https:\/\/secure.gravatar.com\/avatar\/7c08e52f5be53f14efcdd69f917dfd51?s=96&d=mm&r=g\",\"contentUrl\":\"https:\/\/secure.gravatar.com\/avatar\/7c08e52f5be53f14efcdd69f917dfd51?s=96&d=mm&r=g\",\"caption\":\"Justine de Montlivault\"},\"url\":\"https:\/\/ns381463.ip-94-23-248.eu\/GroupeOne2016\/wordpress\/author\/g1-justine\/\"}]}<\/script>\n<!-- \/ Yoast SEO plugin. -->","yoast_head_json":{"title":"La f\u00eate de l'\u00e9conomie durable : Groupe One a 20 ans, EcoRes a 10 ans - Groupe One","robots":{"index":"index","follow":"follow","max-snippet":"max-snippet:-1","max-image-preview":"max-image-preview:large","max-video-preview":"max-video-preview:-1"},"canonical":"https:\/\/ns381463.ip-94-23-248.eu\/GroupeOne2016\/wordpress\/bonanniversaire\/","og_locale":"fr_FR","og_type":"article","og_title":"La f\u00eate de l'\u00e9conomie durable : Groupe One a 20 ans, EcoRes a 10 ans - Groupe One","og_description":"D\u00e9j\u00e0 20 ans de d\u00e9fis relev\u00e9s avec vous pour une \u00e9conomie durable : cela se f\u00eate ! Rejoignez-nous le 25 mai pour c\u00e9l\u00e9brer nos envies partag\u00e9es de faire bouger les [&hellip;]","og_url":"https:\/\/ns381463.ip-94-23-248.eu\/GroupeOne2016\/wordpress\/bonanniversaire\/","og_site_name":"Groupe One","article_published_time":"2019-04-03T08:59:00+00:00","article_modified_time":"2023-01-06T09:38:19+00:00","og_image":[{"width":800,"height":800,"url":"https:\/\/ns381463.ip-94-23-248.eu\/GroupeOne2016\/wordpress\/wp-content\/uploads\/2019\/04\/Post-Save-the-date-Anniversaire.jpg","type":"image\/jpeg"}],"author":"Justine de Montlivault","twitter_card":"summary_large_image","twitter_misc":{"\u00c9crit par":"Justine de Montlivault","Dur\u00e9e de lecture estim\u00e9e":"5 minutes"},"schema":{"@context":"https:\/\/schema.org","@graph":[{"@type":"WebPage","@id":"https:\/\/ns381463.ip-94-23-248.eu\/GroupeOne2016\/wordpress\/bonanniversaire\/","url":"https:\/\/ns381463.ip-94-23-248.eu\/GroupeOne2016\/wordpress\/bonanniversaire\/","name":"La f\u00eate de l'\u00e9conomie durable : Groupe One a 20 ans, EcoRes a 10 ans - Groupe One","isPartOf":{"@id":"https:\/\/ns381463.ip-94-23-248.eu\/GroupeOne2016\/wordpress\/#website"},"datePublished":"2019-04-03T08:59:00+00:00","dateModified":"2023-01-06T09:38:19+00:00","author":{"@id":"https:\/\/ns381463.ip-94-23-248.eu\/GroupeOne2016\/wordpress\/#\/schema\/person\/8bcb6e90f26a897df78b177a4b54480a"},"breadcrumb":{"@id":"https:\/\/ns381463.ip-94-23-248.eu\/GroupeOne2016\/wordpress\/bonanniversaire\/#breadcrumb"},"inLanguage":"fr-FR","potentialAction":[{"@type":"ReadAction","target":["https:\/\/ns381463.ip-94-23-248.eu\/GroupeOne2016\/wordpress\/bonanniversaire\/"]}]},{"@type":"BreadcrumbList","@id":"https:\/\/ns381463.ip-94-23-248.eu\/GroupeOne2016\/wordpress\/bonanniversaire\/#breadcrumb","itemListElement":[{"@type":"ListItem","position":1,"name":"Accueil","item":"https:\/\/ns381463.ip-94-23-248.eu\/GroupeOne2016\/wordpress\/"},{"@type":"ListItem","position":2,"name":"La f\u00eate de l&#8217;\u00e9conomie durable : Groupe One a 20 ans, EcoRes a 10 ans"}]},{"@type":"WebSite","@id":"https:\/\/ns381463.ip-94-23-248.eu\/GroupeOne2016\/wordpress\/#website","url":"https:\/\/ns381463.ip-94-23-248.eu\/GroupeOne2016\/wordpress\/","name":"Groupe One","description":"Groupe One est une organisation belge qui facilite la transition vers une \u00e9conomie durable. Elle est active \u00e0 Bruxelles et en Wallonie.","potentialAction":[{"@type":"SearchAction","target":{"@type":"EntryPoint","urlTemplate":"https:\/\/ns381463.ip-94-23-248.eu\/GroupeOne2016\/wordpress\/?s={search_term_string}"},"query-input":"required name=search_term_string"}],"inLanguage":"fr-FR"},{"@type":"Person","@id":"https:\/\/ns381463.ip-94-23-248.eu\/GroupeOne2016\/wordpress\/#\/schema\/person\/8bcb6e90f26a897df78b177a4b54480a","name":"Justine de Montlivault","image":{"@type":"ImageObject","inLanguage":"fr-FR","@id":"https:\/\/ns381463.ip-94-23-248.eu\/GroupeOne2016\/wordpress\/#\/schema\/person\/image\/","url":"https:\/\/secure.gravatar.com\/avatar\/7c08e52f5be53f14efcdd69f917dfd51?s=96&d=mm&r=g","contentUrl":"https:\/\/secure.gravatar.com\/avatar\/7c08e52f5be53f14efcdd69f917dfd51?s=96&d=mm&r=g","caption":"Justine de Montlivault"},"url":"https:\/\/ns381463.ip-94-23-248.eu\/GroupeOne2016\/wordpress\/author\/g1-justine\/"}]}},"_links":{"self":[{"href":"https:\/\/ns381463.ip-94-23-248.eu\/GroupeOne2016\/wordpress\/wp-json\/wp\/v2\/posts\/126079"}],"collection":[{"href":"https:\/\/ns381463.ip-94-23-248.eu\/GroupeOne2016\/wordpress\/wp-json\/wp\/v2\/posts"}],"about":[{"href":"https:\/\/ns381463.ip-94-23-248.eu\/GroupeOne2016\/wordpress\/wp-json\/wp\/v2\/types\/post"}],"author":[{"embeddable":true,"href":"https:\/\/ns381463.ip-94-23-248.eu\/GroupeOne2016\/wordpress\/wp-json\/wp\/v2\/users\/14"}],"replies":[{"embeddable":true,"href":"https:\/\/ns381463.ip-94-23-248.eu\/GroupeOne2016\/wordpress\/wp-json\/wp\/v2\/comments?post=126079"}],"version-history":[{"count":28,"href":"https:\/\/ns381463.ip-94-23-248.eu\/GroupeOne2016\/wordpress\/wp-json\/wp\/v2\/posts\/126079\/revisions"}],"predecessor-version":[{"id":131982,"href":"https:\/\/ns381463.ip-94-23-248.eu\/GroupeOne2016\/wordpress\/wp-json\/wp\/v2\/posts\/126079\/revisions\/131982"}],"wp:featuredmedia":[{"embeddable":true,"href":"https:\/\/ns381463.ip-94-23-248.eu\/GroupeOne2016\/wordpress\/wp-json\/wp\/v2\/media\/126262"}],"wp:attachment":[{"href":"https:\/\/ns381463.ip-94-23-248.eu\/GroupeOne2016\/wordpress\/wp-json\/wp\/v2\/media?parent=126079"}],"wp:term":[{"taxonomy":"category","embeddable":true,"href":"https:\/\/ns381463.ip-94-23-248.eu\/GroupeOne2016\/wordpress\/wp-json\/wp\/v2\/categories?post=126079"},{"taxonomy":"post_tag","embeddable":true,"href":"https:\/\/ns381463.ip-94-23-248.eu\/GroupeOne2016\/wordpress\/wp-json\/wp\/v2\/tags?post=126079"}],"curies":[{"name":"wp","href":"https:\/\/api.w.org\/{rel}","templated":true}]}}