{"id":125736,"date":"2018-12-03T15:58:03","date_gmt":"2018-12-03T14:58:03","guid":{"rendered":"https:\/\/ns381463.ip-94-23-248.eu\/GroupeOne2016\/wordpress\/?p=125736"},"modified":"2023-01-06T10:38:38","modified_gmt":"2023-01-06T09:38:38","slug":"lettre-a-nos-arriere-petits-enfants","status":"publish","type":"post","link":"https:\/\/ns381463.ip-94-23-248.eu\/GroupeOne2016\/wordpress\/lettre-a-nos-arriere-petits-enfants\/","title":{"rendered":"Lettre \u00e0 nos arri\u00e8re-petits-enfants"},"content":{"rendered":"<p>[et_pb_section bb_built=&#8221;1&#8243; _builder_version=&#8221;3.17.5&#8243; background_color=&#8221;#003957&#8243; custom_padding=&#8221;0px||0px||false|false&#8221; custom_margin=&#8221;0px||0px&#8221; disabled_on=&#8221;off|off|off&#8221; next_background_color=&#8221;#ffffff&#8221;][et_pb_row custom_width_px=&#8221;2600px&#8221; custom_padding=&#8221;|||20px&#8221; _builder_version=&#8221;3.17.5&#8243; custom_margin=&#8221;||&#8221;][et_pb_column type=&#8221;4_4&#8243;][et_pb_post_title author=&#8221;off&#8221; date_format=&#8221;M j Y&#8221; comments=&#8221;off&#8221; featured_image=&#8221;off&#8221; _builder_version=&#8221;3.17.5&#8243; title_font=&#8221;|700|||||||&#8221; title_text_color=&#8221;#ffffff&#8221; title_font_size=&#8221;34px&#8221; meta_font=&#8221;|||on|||||&#8221; meta_text_color=&#8221;#ffffff&#8221; meta_letter_spacing=&#8221;1px&#8221; custom_margin=&#8221;||&#8221;]<\/p>\n<p>[\/et_pb_post_title][\/et_pb_column][\/et_pb_row][\/et_pb_section][et_pb_section bb_built=&#8221;1&#8243; _builder_version=&#8221;3.17.5&#8243; prev_background_color=&#8221;#003957&#8243; next_background_color=&#8221;#000000&#8243;][et_pb_row _builder_version=&#8221;3.17.5&#8243;][et_pb_column type=&#8221;3_5&#8243;][et_pb_text admin_label=&#8221;MODELE-MODULE-TEXTE&#8221; _builder_version=&#8221;3.17.5&#8243; text_font=&#8221;Nunito||||||||&#8221; text_font_size=&#8221;18px&#8221; text_line_height=&#8221;30px&#8221;]<\/p>\n<p style=\"text-align: left;\"><span style=\"font-size: 20px;\"><strong>Ensemble face au d\u00e9fi climatique, les personnalit\u00e9s belges\u00a0adressent une lettre \u00e0 leurs arri\u00e8re-petits-enfants<\/strong><\/span><\/p>\n<p style=\"text-align: left;\">Les citoyens r\u00e9clament le changement et la marche\u00a0<a href=\"https:\/\/www.facebook.com\/events\/1169152256556461\/\">Claim the Climate<\/a>\u00a0du 2 d\u00e9cembre fut l\u2019occasion de constater l\u2019ampleur du\u00a0mouvement : plus de 70.000 personnes dans les rues de la capitale ! Nous sommes convaincus que le succ\u00e8s historique de cette marche repose sur une incroyable dynamique d\u00e9ploy\u00e9e au sein\u00a0de nombreuses initiatives. Chacun, \u00e0 sa mani\u00e8re, a pu contribuer au succ\u00e8s de cette mobilisation citoyenne. Au sein de Groupe\u00a0One, nous avons l\u2019intime conviction que le changement de notre syst\u00e8me \u00e9conomique et l\u2019\u00e9mergence d\u2019une nouvelle g\u00e9n\u00e9ration d\u2019entrepreneurs engag\u00e9s sont indispensables pour assurer un impact d\u2019envergure\u2026 et pour que nos arri\u00e8re-petits-enfants soient fiers de nous !<\/p>\n<p style=\"text-align: left;\"><span style=\"font-size: 20px;\"><strong>&#8220;Dans 100 ans\u2026\u00a0tu auras 20 ans&#8221;<\/strong><\/span><\/p>\n<p style=\"text-align: left;\">Au c\u0153ur de cette mobilisation et de cet enthousiasme d\u00e9bordant, une vingtaine de personnalit\u00e9s issues du monde culturel, m\u00e9diatique et \u00e9conomique \u00e9voquent l\u2019urgence climatique dans une lettre \u00e0 leurs arri\u00e8re-petits-enfants. A travers ces lettres, elles partagent avec les lecteurs leur vision sur le monde qu&#8217;elles vont laisser aux g\u00e9n\u00e9rations futures. Cette action a \u00e9t\u00e9 initi\u00e9e avec notre partenaire <a href=\"http:\/\/www.ecores.eu\/\">EcoRes<\/a>, en tant qu&#8217;acteurs de l\u2019\u00e9conomie durable, en collaboration avec Le Soir qui a diffus\u00e9 ces <a href=\"https:\/\/www.lesoir.be\/193137\/article\/2018-11-30\/lettre-pour-le-climat-quel-monde-dans-100-ans-25-personnalites-se-mobilisent\">lettres<\/a>.<\/p>\n<p style=\"text-align: left;\">\u00a0\u201c<em>Ecrire une lettre \u00e0 ses arri\u00e8re-petits-enfants, \u00e7a fait r\u00e9aliser que la vie est plus longue que sa propre vie<\/em>\u201d \u00e9crit le chanteur Chance. C\u2019est l\u2019occasion de raconter la vie d\u2019aujourd\u2019hui et l\u2019importance d\u2019agir pour le monde de demain comme l\u2019exprime Bruno Coppens:\u00a0<em>\u201cTout a commenc\u00e9 par un mal de terre. Epouvantable. Et malgr\u00e9 des aspirines, le mal de terre persistait<\/em>\u2026\u201d.<\/p>\n<p>Nous remercions toutes les personnalit\u00e9s qui ont particip\u00e9 \u00e0 cette magnifique aventure et\u00a0nous vous encourageons tous \u00e0 publier votre propre lettre en la partageant sur les r\u00e9seaux sociaux avec le #lettrepourleclimat. On a h\u00e2te de vous lire et de continuer ce beau mouvement ensemble !<\/p>\n<p style=\"text-align: left;\"><strong>D\u00e9couvrez leurs <a href=\"https:\/\/www.lesoir.be\/193137\/article\/2018-11-30\/lettre-pour-le-climat-quel-monde-dans-100-ans-25-personnalites-se-mobilisent\">lettres<\/a>\u00a0sur le site du Soir ou en cliquant sur les noms des personnalit\u00e9s\u00a0<\/strong>:\u00a0 <a href=\"https:\/\/ns381463.ip-94-23-248.eu\/GroupeOne2016\/wordpress\/wp-content\/uploads\/2018\/12\/M.Leroy_.pdf\" target=\"_blank\" rel=\"noopener\">Myriam Leroy<\/a>, <a href=\"https:\/\/ns381463.ip-94-23-248.eu\/GroupeOne2016\/wordpress\/wp-content\/uploads\/2018\/12\/Kroll.pdf\">Pierre\u00a0Kroll<\/a>,\u00a0<a href=\"https:\/\/ns381463.ip-94-23-248.eu\/GroupeOne2016\/wordpress\/wp-content\/uploads\/2018\/12\/Charlie_Dupont-1.pdf\" target=\"_blank\" rel=\"noopener\">Charlie Dupont<\/a>,<a href=\"https:\/\/ns381463.ip-94-23-248.eu\/GroupeOne2016\/wordpress\/wp-content\/uploads\/2018\/12\/A_dieudonn\u00e9-1.pdf\" target=\"_blank\" rel=\"noopener\"> Adeline Dieudonn\u00e9<\/a>,<a href=\"https:\/\/ns381463.ip-94-23-248.eu\/GroupeOne2016\/wordpress\/wp-content\/uploads\/2018\/12\/Chance-1.pdf\" target=\"_blank\" rel=\"noopener\"> Chance<\/a>, <a href=\"https:\/\/ns381463.ip-94-23-248.eu\/GroupeOne2016\/wordpress\/wp-content\/uploads\/2018\/12\/Adrien_Devyver-1.pdf\" target=\"_blank\" rel=\"noopener\">Adrien Devyver<\/a>, <a href=\"https:\/\/ns381463.ip-94-23-248.eu\/GroupeOne2016\/wordpress\/wp-content\/uploads\/2018\/12\/L.Pire_.pdf\" target=\"_blank\" rel=\"noopener\">Luc Pire<\/a>, <a href=\"https:\/\/ns381463.ip-94-23-248.eu\/GroupeOne2016\/wordpress\/wp-content\/uploads\/2018\/12\/Fred_Jannin-1.pdf\" target=\"_blank\" rel=\"noopener\">Fred Jannin<\/a>, <a href=\"https:\/\/ns381463.ip-94-23-248.eu\/GroupeOne2016\/wordpress\/wp-content\/uploads\/2018\/12\/Bruno_Coppens-1.pdf\" target=\"_blank\" rel=\"noopener\">Bruno Coppens<\/a>,<a href=\"https:\/\/ns381463.ip-94-23-248.eu\/GroupeOne2016\/wordpress\/wp-content\/uploads\/2018\/12\/Olivier-Blin-1.pdf\" target=\"_blank\" rel=\"noopener\"> Olivier Blin<\/a>, <a href=\"https:\/\/ns381463.ip-94-23-248.eu\/GroupeOne2016\/wordpress\/wp-content\/uploads\/2018\/12\/Jean_Galler-1.pdf\" target=\"_blank\" rel=\"noopener\">Jean Galler<\/a>, <a href=\"https:\/\/ns381463.ip-94-23-248.eu\/GroupeOne2016\/wordpress\/wp-content\/uploads\/2018\/12\/Alice_ontheRoof-1.pdf\" target=\"_blank\" rel=\"noopener\">Alice on the Roof<\/a>, <a href=\"https:\/\/ns381463.ip-94-23-248.eu\/GroupeOne2016\/wordpress\/wp-content\/uploads\/2018\/12\/Saule.pdf\" target=\"_blank\" rel=\"noopener\">Saule<\/a>, <a href=\"https:\/\/ns381463.ip-94-23-248.eu\/GroupeOne2016\/wordpress\/wp-content\/uploads\/2018\/12\/Blanche-1.pdf\" target=\"_blank\" rel=\"noopener\">Blanche<\/a>, <a href=\"https:\/\/ns381463.ip-94-23-248.eu\/GroupeOne2016\/wordpress\/wp-content\/uploads\/2018\/12\/Grandgeorge-1.pdf\" target=\"_blank\" rel=\"noopener\">Grandgeorge<\/a>, <a href=\"https:\/\/ns381463.ip-94-23-248.eu\/GroupeOne2016\/wordpress\/wp-content\/uploads\/2018\/12\/Jacques-Borl\u00e9e.pdf\" target=\"_blank\" rel=\"noopener\">Jacques Borl\u00e9e<\/a>, <a href=\"https:\/\/ns381463.ip-94-23-248.eu\/GroupeOne2016\/wordpress\/wp-content\/uploads\/2018\/12\/Alexis_Descampe-1.pdf\" target=\"_blank\" rel=\"noopener\">Alexis Descampe<\/a>, <a href=\"https:\/\/ns381463.ip-94-23-248.eu\/GroupeOne2016\/wordpress\/wp-content\/uploads\/2018\/12\/Ph.Woirin.pdf\" target=\"_blank\" rel=\"noopener\">Philippe Woitrin<\/a>, <a href=\"https:\/\/ns381463.ip-94-23-248.eu\/GroupeOne2016\/wordpress\/wp-content\/uploads\/2018\/12\/P.Marcolini.pdf\" target=\"_blank\" rel=\"noopener\">Pierre Marcolini<\/a>, <a href=\"https:\/\/ns381463.ip-94-23-248.eu\/GroupeOne2016\/wordpress\/wp-content\/uploads\/2018\/12\/JP.Van-Ypersele.pdf\" target=\"_blank\" rel=\"noopener\">Jean-Pascal van Ypersele<\/a>, <a href=\"https:\/\/ns381463.ip-94-23-248.eu\/GroupeOne2016\/wordpress\/wp-content\/uploads\/2018\/12\/Noa-Moon.pdf\" target=\"_blank\" rel=\"noopener\">Noa Moon<\/a>, <a href=\"https:\/\/ns381463.ip-94-23-248.eu\/GroupeOne2016\/wordpress\/wp-content\/uploads\/2018\/12\/Typh_Barrow-1.pdf\" target=\"_blank\" rel=\"noopener\">Typh Barrow<\/a>, <a href=\"https:\/\/ns381463.ip-94-23-248.eu\/GroupeOne2016\/wordpress\/wp-content\/uploads\/2018\/12\/Farah-1.pdf\" target=\"_blank\" rel=\"noopener\">Farah<\/a>, <a href=\"https:\/\/ns381463.ip-94-23-248.eu\/GroupeOne2016\/wordpress\/wp-content\/uploads\/2018\/12\/Pang-2.pdf\" target=\"_blank\" rel=\"noopener\">Pang<\/a>, <a href=\"https:\/\/ns381463.ip-94-23-248.eu\/GroupeOne2016\/wordpress\/wp-content\/uploads\/2018\/12\/M.Lemaire.pdf\" target=\"_blank\" rel=\"noopener\">Marc Lemaire<\/a><\/p>\n<p>[\/et_pb_text][\/et_pb_column][et_pb_column type=&#8221;2_5&#8243;][et_pb_image src=&#8221;https:\/\/ns381463.ip-94-23-248.eu\/GroupeOne2016\/wordpress\/wp-content\/uploads\/2018\/12\/manif-2.12.18-1.jpg&#8221; align=&#8221;center&#8221; _builder_version=&#8221;3.17.5&#8243; module_alignment=&#8221;center&#8221;]<\/p>\n<p>[\/et_pb_image][\/et_pb_column][\/et_pb_row][\/et_pb_section][et_pb_section bb_built=&#8221;1&#8243; custom_padding_last_edited=&#8221;on|phone&#8221; disabled_on=&#8221;on|on|off&#8221; _builder_version=&#8221;3.0.106&#8243; background_image=&#8221;https:\/\/ns381463.ip-94-23-248.eu\/GroupeOne2016\/wordpress\/wp-content\/uploads\/2017\/10\/BG-INFOLETTRE-ALL-ELEMENTS.png&#8221; custom_padding=&#8221;0px|0px|0px|0px&#8221; custom_padding_tablet=&#8221;|||0px&#8221; saved_tabs=&#8221;all&#8221; prev_background_color=&#8221;#ffffff&#8221; next_background_color=&#8221;#ffffff&#8221; global_module=&#8221;119058&#8243;][et_pb_row global_parent=&#8221;119058&#8243; _builder_version=&#8221;3.0.92&#8243; custom_css_main_element=&#8221;display: -webkit-box;||display: -ms-flexbox;||display: flex;||-webkit-box-align: center;||-ms-flex-align: center;||align-items: center;||-webkit-box-orient: horizontal;||-webkit-box-direction: normal;||-ms-flex-direction: row;||flex-direction: row;||-ms-flex-wrap: wrap;||flex-wrap: wrap;&#8221;][et_pb_column type=&#8221;2_3&#8243;][et_pb_text global_parent=&#8221;119058&#8243; _builder_version=&#8221;3.0.106&#8243; header_2_text_color=&#8221;#ffffff&#8221; header_2_font_size=&#8221;30px&#8221; header_2_line_height=&#8221;30px&#8221; module_alignment=&#8221;left&#8221; custom_margin=&#8221;|||100px&#8221; custom_css_before=&#8221;content:url(%22https:\/\/ns381463.ip-94-23-248.eu\/GroupeOne2016\/wordpress\/wp-content\/uploads\/2017\/12\/ARROW-TOP-INFOLETTRE-CADRE.png%22);||position:absolute;||bottom:95%;||left:3%;&#8221; locked=&#8221;off&#8221;]<\/p>\n<h2>Abonnez-vous \u00e0<br \/>\nla newsletter de l&#8217;entrepreneuriat durable<\/h2>\n<p>[\/et_pb_text][\/et_pb_column][et_pb_column type=&#8221;1_3&#8243;][et_pb_code global_parent=&#8221;119058&#8243; module_id=&#8221;dc_optin&#8221; custom_margin=&#8221;-50px|200px||&#8221; locked=&#8221;off&#8221;]<div class=\"et_bloom_inline_form et_bloom_optin et_bloom_make_form_visible et_bloom_optin_1\" style=\"display: none;\">\n\t\t\t\t<style type=\"text\/css\">.et_bloom .et_bloom_optin_1 .et_bloom_form_content { background-color: #ededed !important; } .et_bloom .et_bloom_optin_1 .et_bloom_form_container .et_bloom_form_header { background-color: #ffffff !important; } .et_bloom .et_bloom_optin_1 .et_bloom_form_content button { background-color: #a153e0 !important; } .et_bloom .et_bloom_optin_1 .et_bloom_form_content .et_bloom_fields i { color: #a153e0 !important; } .et_bloom .et_bloom_optin_1 .et_bloom_form_content .et_bloom_custom_field_radio i:before { background: #a153e0 !important; } .et_bloom .et_bloom_optin_1 .et_bloom_form_content button { background-color: #a153e0 !important; } .et_bloom .et_bloom_optin_1 .et_bloom_form_container h2, .et_bloom .et_bloom_optin_1 .et_bloom_form_container h2 span, .et_bloom .et_bloom_optin_1 .et_bloom_form_container h2 strong { font-family: \"Open Sans\", Helvetica, Arial, Lucida, sans-serif; }.et_bloom .et_bloom_optin_1 .et_bloom_form_container p, .et_bloom .et_bloom_optin_1 .et_bloom_form_container p span, .et_bloom .et_bloom_optin_1 .et_bloom_form_container p strong, .et_bloom .et_bloom_optin_1 .et_bloom_form_container form input, .et_bloom .et_bloom_optin_1 .et_bloom_form_container form button span { font-family: \"Open Sans\", Helvetica, Arial, Lucida, sans-serif; } \/* === Transparent Bloom Optin by Divi Cake === *\/ #dc_optin .et_bloom_form_container { background: none !important; } #dc_optin .et_bloom_form_header { background: none!important; } #dc_optin .et_bloom_bottom_inline { background: none !important; }<\/style>\n\t\t\t\t<div class=\"et_bloom_form_container  et_bloom_rounded_corners et_bloom_rounded et_bloom_form_text_dark et_bloom_form_bottom et_bloom_inline_1_field\">\n\t\t\t\t\t\n\t\t\t<div class=\"et_bloom_form_container_wrapper clearfix\">\n\t\t\t\t<div class=\"et_bloom_header_outer\">\n\t\t\t\t\t<div class=\"et_bloom_form_header et_bloom_header_text_dark\">\n\t\t\t\t\t\t\n\t\t\t\t\t\t\n\t\t\t\t\t\t\n\t\t\t\t\t<\/div>\n\t\t\t\t<\/div>\n\t\t\t\t<div class=\"et_bloom_form_content et_bloom_1_field et_bloom_bottom_inline et_bloom_custom_html_form\" data-optin_id=\"optin_1\" data-service=\"custom_form\" data-list_id=\"custom_form\" data-page_id=\"125736\" data-account=\"custom_form\">\n\t\t\t\t\t<!-- Begin MailChimp Signup Form -->\r\n<link href=\"\/\/cdn-images.mailchimp.com\/embedcode\/horizontal-slim-10_7.css\" rel=\"stylesheet\" type=\"text\/css\">\r\n<style type=\"text\/css\">\r\n\t#mc_embed_signup{background:#fff; clear:left; font:14px Helvetica,Arial,sans-serif; width:100%;}\r\n\t\/* Add your own MailChimp form style overrides in your site stylesheet or in this style block.\r\n\t   We recommend moving this block and the preceding CSS link to the HEAD of your HTML file. *\/\r\n<\/style>\r\n<div id=\"mc_embed_signup\">\r\n<form action=\"https:\/\/groupeone.us12.list-manage.com\/subscribe\/post?u=4b8cae888f20720725a172884&id=4ca247c289\" method=\"post\" id=\"mc-embedded-subscribe-form\" name=\"mc-embedded-subscribe-form\" class=\"validate\" target=\"_blank\" novalidate>\r\n    <div id=\"mc_embed_signup_scroll\">\r\n\t\r\n\t    <!-- real people should not fill this in and expect good things - do not remove this or risk form bot signups-->\r\n    <div style=\"position: absolute; left: -5000px;\" aria-hidden=\"true\"><input type=\"text\" name=\"b_4b8cae888f20720725a172884_4ca247c289\" tabindex=\"-1\" value=\"\"><\/div>\r\n    <div class=\"clear\"><input type=\"submit\" value=\"S'inscrire\" name=\"subscribe\" id=\"mc-embedded-subscribe\" class=\"button\"><\/div>\r\n    <\/div>\r\n<\/form>\r\n<\/div>\r\n\r\n<!--End mc_embed_signup-->\n\t\t\t\t\t<div class=\"et_bloom_success_container\">\n\t\t\t\t\t\t<span class=\"et_bloom_success_checkmark\"><\/span>\n\t\t\t\t\t<\/div>\n\t\t\t\t\t<h2 class=\"et_bloom_success_message\">You have Successfully Subscribed!<\/h2>\n\t\t\t\t\t\n\t\t\t\t<\/div>\n\t\t\t<\/div>\n\t\t\t<span class=\"et_bloom_close_button\"><\/span>\n\t\t\t\t<\/div>\n\t\t\t<\/div>[\/et_pb_code][\/et_pb_column][\/et_pb_row][\/et_pb_section][et_pb_section bb_built=&#8221;1&#8243; disabled_on=&#8221;off|off|on&#8221; custom_padding_last_edited=&#8221;on|phone&#8221; _builder_version=&#8221;3.0.95&#8243; background_image=&#8221;https:\/\/ns381463.ip-94-23-248.eu\/GroupeOne2016\/wordpress\/wp-content\/uploads\/2017\/10\/BG-NEWSLETTERS-2.png&#8221; custom_padding=&#8221;0px|0px|0px|0px&#8221; custom_padding_tablet=&#8221;|||0px&#8221; saved_tabs=&#8221;all&#8221; prev_background_color=&#8221;#ffffff&#8221; global_module=&#8221;121907&#8243;][et_pb_row global_parent=&#8221;121907&#8243; custom_padding=&#8221;0px|0px|0px|0px&#8221; _builder_version=&#8221;3.0.85&#8243;][et_pb_column type=&#8221;4_4&#8243;][et_pb_text global_parent=&#8221;121907&#8243; _builder_version=&#8221;3.0.92&#8243; text_font=&#8221;||||||||&#8221; header_font=&#8221;||||||||&#8221; header_text_align=&#8221;center&#8221; header_2_font=&#8221;||||||||&#8221; header_2_text_align=&#8221;center&#8221; header_2_font_size=&#8221;30px&#8221; header_2_text_color=&#8221;#ffffff&#8221; header_2_line_height=&#8221;30px&#8221; custom_margin=&#8221;50px||-50px|&#8221; locked=&#8221;off&#8221; background_layout=&#8221;dark&#8221;]<\/p>\n<h2>Abonnez-vous \u00e0 la newsletter de<br \/>\nl&#8217;entrepreneuriat durable<\/h2>\n<p>[\/et_pb_text][et_pb_code global_parent=&#8221;121907&#8243; module_id=&#8221;dc_optin&#8221; _builder_version=&#8221;3.0.95&#8243; custom_margin=&#8221;0px|||&#8221; custom_margin_last_edited=&#8221;on|desktop&#8221; custom_padding=&#8221;0px|||&#8221; custom_padding_last_edited=&#8221;on|phone&#8221;]<div class=\"et_bloom_inline_form et_bloom_optin et_bloom_make_form_visible et_bloom_optin_1\" style=\"display: none;\">\n\t\t\t\t<style type=\"text\/css\">.et_bloom .et_bloom_optin_1 .et_bloom_form_content { background-color: #ededed !important; } .et_bloom .et_bloom_optin_1 .et_bloom_form_container .et_bloom_form_header { background-color: #ffffff !important; } .et_bloom .et_bloom_optin_1 .et_bloom_form_content button { background-color: #a153e0 !important; } .et_bloom .et_bloom_optin_1 .et_bloom_form_content .et_bloom_fields i { color: #a153e0 !important; } .et_bloom .et_bloom_optin_1 .et_bloom_form_content .et_bloom_custom_field_radio i:before { background: #a153e0 !important; } .et_bloom .et_bloom_optin_1 .et_bloom_form_content button { background-color: #a153e0 !important; } .et_bloom .et_bloom_optin_1 .et_bloom_form_container h2, .et_bloom .et_bloom_optin_1 .et_bloom_form_container h2 span, .et_bloom .et_bloom_optin_1 .et_bloom_form_container h2 strong { font-family: \"Open Sans\", Helvetica, Arial, Lucida, sans-serif; }.et_bloom .et_bloom_optin_1 .et_bloom_form_container p, .et_bloom .et_bloom_optin_1 .et_bloom_form_container p span, .et_bloom .et_bloom_optin_1 .et_bloom_form_container p strong, .et_bloom .et_bloom_optin_1 .et_bloom_form_container form input, .et_bloom .et_bloom_optin_1 .et_bloom_form_container form button span { font-family: \"Open Sans\", Helvetica, Arial, Lucida, sans-serif; } \/* === Transparent Bloom Optin by Divi Cake === *\/ #dc_optin .et_bloom_form_container { background: none !important; } #dc_optin .et_bloom_form_header { background: none!important; } #dc_optin .et_bloom_bottom_inline { background: none !important; }<\/style>\n\t\t\t\t<div class=\"et_bloom_form_container  et_bloom_rounded_corners et_bloom_rounded et_bloom_form_text_dark et_bloom_form_bottom et_bloom_inline_1_field\">\n\t\t\t\t\t\n\t\t\t<div class=\"et_bloom_form_container_wrapper clearfix\">\n\t\t\t\t<div class=\"et_bloom_header_outer\">\n\t\t\t\t\t<div class=\"et_bloom_form_header et_bloom_header_text_dark\">\n\t\t\t\t\t\t\n\t\t\t\t\t\t\n\t\t\t\t\t\t\n\t\t\t\t\t<\/div>\n\t\t\t\t<\/div>\n\t\t\t\t<div class=\"et_bloom_form_content et_bloom_1_field et_bloom_bottom_inline et_bloom_custom_html_form\" data-optin_id=\"optin_1\" data-service=\"custom_form\" data-list_id=\"custom_form\" data-page_id=\"125736\" data-account=\"custom_form\">\n\t\t\t\t\t<!-- Begin MailChimp Signup Form -->\r\n<link href=\"\/\/cdn-images.mailchimp.com\/embedcode\/horizontal-slim-10_7.css\" rel=\"stylesheet\" type=\"text\/css\">\r\n<style type=\"text\/css\">\r\n\t#mc_embed_signup{background:#fff; clear:left; font:14px Helvetica,Arial,sans-serif; width:100%;}\r\n\t\/* Add your own MailChimp form style overrides in your site stylesheet or in this style block.\r\n\t   We recommend moving this block and the preceding CSS link to the HEAD of your HTML file. *\/\r\n<\/style>\r\n<div id=\"mc_embed_signup\">\r\n<form action=\"https:\/\/groupeone.us12.list-manage.com\/subscribe\/post?u=4b8cae888f20720725a172884&id=4ca247c289\" method=\"post\" id=\"mc-embedded-subscribe-form\" name=\"mc-embedded-subscribe-form\" class=\"validate\" target=\"_blank\" novalidate>\r\n    <div id=\"mc_embed_signup_scroll\">\r\n\t\r\n\t    <!-- real people should not fill this in and expect good things - do not remove this or risk form bot signups-->\r\n    <div style=\"position: absolute; left: -5000px;\" aria-hidden=\"true\"><input type=\"text\" name=\"b_4b8cae888f20720725a172884_4ca247c289\" tabindex=\"-1\" value=\"\"><\/div>\r\n    <div class=\"clear\"><input type=\"submit\" value=\"S'inscrire\" name=\"subscribe\" id=\"mc-embedded-subscribe\" class=\"button\"><\/div>\r\n    <\/div>\r\n<\/form>\r\n<\/div>\r\n\r\n<!--End mc_embed_signup-->\n\t\t\t\t\t<div class=\"et_bloom_success_container\">\n\t\t\t\t\t\t<span class=\"et_bloom_success_checkmark\"><\/span>\n\t\t\t\t\t<\/div>\n\t\t\t\t\t<h2 class=\"et_bloom_success_message\">You have Successfully Subscribed!<\/h2>\n\t\t\t\t\t\n\t\t\t\t<\/div>\n\t\t\t<\/div>\n\t\t\t<span class=\"et_bloom_close_button\"><\/span>\n\t\t\t\t<\/div>\n\t\t\t<\/div>[\/et_pb_code][\/et_pb_column][\/et_pb_row][\/et_pb_section]<\/p>\n","protected":false},"excerpt":{"rendered":"<p>Ensemble face au d\u00e9fi climatique, les personnalit\u00e9s belges\u00a0adressent une lettre \u00e0 leurs arri\u00e8re-petits-enfants Les citoyens r\u00e9clament le changement et la marche\u00a0Claim the Climate\u00a0du 2 d\u00e9cembre fut l\u2019occasion de constater l\u2019ampleur [&hellip;]<\/p>\n","protected":false},"author":14,"featured_media":125872,"comment_status":"open","ping_status":"open","sticky":false,"template":"","format":"standard","meta":{"_et_pb_use_builder":"on","_et_pb_old_content":"<p>\u201cDans \u00a0100 \u00a0ans, \u00a0tu \u00a0auras \u00a020 \u00a0ans\u2026\u201d \u00a0 Face \u00a0au \u00a0d\u00e9fi \u00a0climatique, \u00a020 \u00a0personnalit\u00e9s \u00a0belges \u00a0 \u00a0 adressent \u00a0une \u00a0lettre \u00a0\u00e0 \u00a0leurs \u00a0arri\u00e8re-\u00ad\u2010petits-\u00ad\u2010enfants. \u00a0<br \/>\u00a0 Bruxelles, \u00a0le \u00a026 \u00a0novembre \u00a02018 \u00a0\u2013 \u00a0une \u00a0vingtaine \u00a0de \u00a0personnalit\u00e9s \u00a0issues \u00a0du \u00a0monde \u00a0culturel, \u00a0 m\u00e9diatique \u00a0et \u00a0\u00e9conomique \u00a0\u00e9voquent \u00a0l\u2019urgence \u00a0climatique \u00a0dans \u00a0une \u00a0lettre \u00a0\u00e0 \u00a0leurs \u00a0arri\u00e8re-\u00ad\u2010 petits-\u00ad\u2010enfants. \u00a0Une \u00a0action \u00a0initi\u00e9e \u00a0par \u00a0l\u2019asbl \u00a0Groupe \u00a0One \u00a0et \u00a0son \u00a0partenaire \u00a0EcoRes, \u00a0acteurs \u00a0 de \u00a0l\u2019\u00e9conomie \u00a0durable, \u00a0en \u00a0collaboration \u00a0avec \u00a0Le \u00a0Soir \u00a0qui \u00a0diffusera \u00a0ces \u00a0lettres \u00a0ce \u00a01er \u00a0 d\u00e9cembre. \u00a0 \u00a0 Voyage \u00a0dans \u00a0le \u00a0temps \u00a0 \u201cEcrire \u00a0une \u00a0lettre \u00a0\u00e0 \u00a0ses \u00a0arri\u00e8re-\u00ad\u2010petits-\u00ad\u2010enfants, \u00a0\u00e7a \u00a0fait \u00a0r\u00e9aliser \u00a0que \u00a0la \u00a0vie \u00a0est \u00a0plus \u00a0longue \u00a0que \u00a0sa \u00a0 propre \u00a0vie\u201d \u00a0\u00e9crit \u00a0le \u00a0chanteur \u00a0Chance. \u00a0C\u2019est \u00a0l\u2019occasion \u00a0de \u00a0raconter \u00a0la \u00a0vie \u00a0d\u2019aujourd\u2019hui \u00a0et \u00a0 l\u2019importance \u00a0d\u2019agir \u00a0pour \u00a0le \u00a0monde \u00a0de \u00a0demain \u00a0comme \u00a0l\u2019exprime \u00a0Bruno \u00a0Coppens: \u00a0\u201cTout \u00a0a \u00a0 commenc\u00e9 \u00a0par \u00a0un \u00a0mal \u00a0de \u00a0terre. \u00a0Epouvantable. \u00a0Et \u00a0malgr\u00e9 \u00a0des \u00a0aspirines, \u00a0le \u00a0mal \u00a0de \u00a0terre \u00a0 persistait\u2026\u201d. \u00a0En \u00a0se \u00a0pr\u00eatant \u00a0\u00e0 \u00a0l\u2019exercice, \u00a0ces \u00a0personnalit\u00e9s \u00a0invitent \u00a0chacun \u00a0\u00e0 \u00a0r\u00e9diger \u00a0quelques \u00a0 mots \u00a0pour \u00a0sa \u00a0propre \u00a0prog\u00e9niture. \u00a0Il \u00a0s\u2019agit \u00a0d\u2019associer \u00a0le \u00a0d\u00e9fi \u00a0climatique \u00a0\u00e0 \u00a0un \u00a0besoin \u00a0visc\u00e9ral \u00a0de \u00a0 prot\u00e9ger \u00a0ses \u00a0propres \u00a0enfants, \u00a0avec \u00a0l\u2019espoir \u00a0que \u00a0nos \u00a0actions \u00a0aient \u00a0un \u00a0impact \u00a0: \u00a0\u201cSi \u00a0ces \u00a0personnes \u00a0 gagnent \u00a0leur \u00a0bataille \u00a0contre \u00a0le \u00a0profit \u00a0\u00e0 \u00a0court \u00a0terme \u00a0et \u00a0contre \u00a0l\u2019injustice \u00a0(les \u00a0deux \u00a0vont \u00a0 ensemble), \u00a0vous \u00a0vivrez \u00a0bien \u00a0en \u00a02118, \u00a0mes \u00a0chers \u00a0arri\u00e8re-\u00ad\u2010petits-\u00ad\u2010enfants\u201d, \u00a0exprime \u00a0Jean-\u00ad\u2010Pascal \u00a0 van \u00a0Ypersele. \u00a0 \u00a0 \u00a0 Un \u00a0mouvement \u00a0est \u00a0en \u00a0marche \u00a0! \u00a0 La \u00a0mobilisation \u00a0citoyenne \u00a0grandit \u00a0de \u00a0jour \u00a0en \u00a0jour, \u00a0notamment \u00a0apr\u00e8s \u00a0la \u00a0diffusion \u00a0de \u00a0la \u00a0vid\u00e9o \u00a0 \u201cJ\u2019peux \u00a0pas, \u00a0j\u2019ai \u00a0climat\u201d. \u00a0 \u00a0Les \u00a0citoyens \u00a0r\u00e9clament \u00a0le \u00a0changement \u00a0et \u00a0la \u00a0marche \u00a0Claim \u00a0the \u00a0Climate \u00a0 du \u00a02 \u00a0d\u00e9cembre \u00a0sera \u00a0certainement \u00a0l\u2019occasion \u00a0de \u00a0constater \u00a0l\u2019ampleur \u00a0du \u00a0mouvement \u00a0! \u00a0En \u00a0ce \u00a0 sens, \u00a0le \u00a0changement \u00a0de \u00a0notre \u00a0syst\u00e8me \u00a0\u00e9conomique \u00a0et \u00a0l\u2019\u00e9mergence \u00a0d\u2019une \u00a0nouvelle \u00a0g\u00e9n\u00e9ration \u00a0 d\u2019entrepreneurs \u00a0engag\u00e9s \u00a0sont \u00a0indispensables \u00a0pour \u00a0assurer \u00a0un \u00a0impact \u00a0d\u2019envergure\u2026 \u00a0et \u00a0pour \u00a0 que \u00a0nos \u00a0arri\u00e8re-\u00ad\u2010petits-\u00ad\u2010enfants \u00a0soient \u00a0fiers \u00a0de \u00a0nous \u00a0! \u00a0 \u00a0 A \u00a0propos \u00a0de \u00a0Groupe \u00a0One \u00a0et \u00a0Ecores \u00a0 Depuis \u00a020 \u00a0ans, \u00a0Groupe \u00a0One \u00a0a \u00a0pour \u00a0mission \u00a0de \u00a0faciliter \u00a0le \u00a0d\u00e9veloppement \u00a0de \u00a0l\u2019entreprenariat \u00a0durable \u00a0\u00e0 \u00a0Bruxelles \u00a0 et \u00a0en \u00a0Wallonie, \u00a0notamment \u00a0par \u00a0l\u2019accompagnement \u00a0d\u2019entrepreneurs \u00a0durables \u00a0vers \u00a0la \u00a0concr\u00e9tisation \u00a0de \u00a0leur \u00a0 projet. \u00a0ns381463.ip-94-23-248.eu\/GroupeOne2016\/wordpress \u00a0 \u00a0 EcoRes, \u00a0cr\u00e9\u00e9e \u00a0il \u00a0y \u00a0a \u00a010 \u00a0ans, \u00a0accompagne \u00a0les \u00a0organisations \u00a0priv\u00e9es \u00a0et \u00a0publiques \u00a0vers \u00a0un \u00a0mod\u00e8le \u00a0\u00e9conomique \u00a0plus \u00a0 durable, \u00a0par \u00a0des \u00a0missions \u00a0de \u00a0conseil \u00a0et \u00a0de \u00a0recherche-\u00ad\u2010innovation. \u00a0www.ecores.eu \u00a0 \u00a0 D\u00e9couvrez \u00a0leurs \u00a0lettres \u00a0dans \u00a0Le \u00a0Soir \u00a0ce \u00a0samedi \u00a01\/12 \u00a0: \u00a0 \u00a0Myriam \u00a0Leroy, \u00a0Charlie \u00a0Dupont, \u00a0Adeline \u00a0Dieudonn\u00e9, \u00a0 Chance, \u00a0Adrien \u00a0Devyver, \u00a0Luc \u00a0Pire, \u00a0Fred \u00a0Jannin, \u00a0Bruno \u00a0Coppens, \u00a0Olivier \u00a0Blin, \u00a0Jean \u00a0Galler, \u00a0Alice \u00a0on \u00a0the \u00a0Roof, \u00a0 Saule, \u00a0Blanche, \u00a0Grandgeorge, \u00a0Alexis \u00a0Descampe, \u00a0Philippe \u00a0Woitrin, \u00a0Pierre \u00a0Marcolini, \u00a0Jean-\u00ad\u2010Pascal \u00a0van \u00a0Ypersele, \u00a0 Noa \u00a0Moon, \u00a0Typh \u00a0Barrow, \u00a0Farah, \u00a0Pang, \u00a0Kroll,... \u00a0<\/p>","_et_gb_content_width":""},"categories":[87],"tags":[],"yoast_head":"<!-- This site is optimized with the Yoast SEO plugin v19.13 - https:\/\/yoast.com\/wordpress\/plugins\/seo\/ -->\n<title>Lettre \u00e0 nos arri\u00e8re-petits-enfants - Groupe One<\/title>\n<meta name=\"robots\" content=\"index, follow, max-snippet:-1, max-image-preview:large, max-video-preview:-1\" \/>\n<link rel=\"canonical\" href=\"https:\/\/ns381463.ip-94-23-248.eu\/GroupeOne2016\/wordpress\/lettre-a-nos-arriere-petits-enfants\/\" \/>\n<meta property=\"og:locale\" content=\"fr_FR\" \/>\n<meta property=\"og:type\" content=\"article\" \/>\n<meta property=\"og:title\" content=\"Lettre \u00e0 nos arri\u00e8re-petits-enfants - Groupe One\" \/>\n<meta property=\"og:description\" content=\"Ensemble face au d\u00e9fi climatique, les personnalit\u00e9s belges\u00a0adressent une lettre \u00e0 leurs arri\u00e8re-petits-enfants Les citoyens r\u00e9clament le changement et la marche\u00a0Claim the Climate\u00a0du 2 d\u00e9cembre fut l\u2019occasion de constater l\u2019ampleur [&hellip;]\" \/>\n<meta property=\"og:url\" content=\"https:\/\/ns381463.ip-94-23-248.eu\/GroupeOne2016\/wordpress\/lettre-a-nos-arriere-petits-enfants\/\" \/>\n<meta property=\"og:site_name\" content=\"Groupe One\" \/>\n<meta property=\"article:published_time\" content=\"2018-12-03T14:58:03+00:00\" \/>\n<meta property=\"article:modified_time\" content=\"2023-01-06T09:38:38+00:00\" \/>\n<meta property=\"og:image\" content=\"https:\/\/ns381463.ip-94-23-248.eu\/GroupeOne2016\/wordpress\/wp-content\/uploads\/2018\/12\/manif-2.12.18-1-1024x1024.jpg\" \/>\n\t<meta property=\"og:image:width\" content=\"1024\" \/>\n\t<meta property=\"og:image:height\" content=\"1024\" \/>\n\t<meta property=\"og:image:type\" content=\"image\/jpeg\" \/>\n<meta name=\"author\" content=\"Justine de Montlivault\" \/>\n<meta name=\"twitter:card\" content=\"summary_large_image\" \/>\n<meta name=\"twitter:label1\" content=\"\u00c9crit par\" \/>\n\t<meta name=\"twitter:data1\" content=\"Justine de Montlivault\" \/>\n\t<meta name=\"twitter:label2\" content=\"Dur\u00e9e de lecture estim\u00e9e\" \/>\n\t<meta name=\"twitter:data2\" content=\"3 minutes\" \/>\n<script type=\"application\/ld+json\" class=\"yoast-schema-graph\">{\"@context\":\"https:\/\/schema.org\",\"@graph\":[{\"@type\":\"WebPage\",\"@id\":\"https:\/\/ns381463.ip-94-23-248.eu\/GroupeOne2016\/wordpress\/lettre-a-nos-arriere-petits-enfants\/\",\"url\":\"https:\/\/ns381463.ip-94-23-248.eu\/GroupeOne2016\/wordpress\/lettre-a-nos-arriere-petits-enfants\/\",\"name\":\"Lettre \u00e0 nos arri\u00e8re-petits-enfants - Groupe One\",\"isPartOf\":{\"@id\":\"https:\/\/ns381463.ip-94-23-248.eu\/GroupeOne2016\/wordpress\/#website\"},\"datePublished\":\"2018-12-03T14:58:03+00:00\",\"dateModified\":\"2023-01-06T09:38:38+00:00\",\"author\":{\"@id\":\"https:\/\/ns381463.ip-94-23-248.eu\/GroupeOne2016\/wordpress\/#\/schema\/person\/8bcb6e90f26a897df78b177a4b54480a\"},\"breadcrumb\":{\"@id\":\"https:\/\/ns381463.ip-94-23-248.eu\/GroupeOne2016\/wordpress\/lettre-a-nos-arriere-petits-enfants\/#breadcrumb\"},\"inLanguage\":\"fr-FR\",\"potentialAction\":[{\"@type\":\"ReadAction\",\"target\":[\"https:\/\/ns381463.ip-94-23-248.eu\/GroupeOne2016\/wordpress\/lettre-a-nos-arriere-petits-enfants\/\"]}]},{\"@type\":\"BreadcrumbList\",\"@id\":\"https:\/\/ns381463.ip-94-23-248.eu\/GroupeOne2016\/wordpress\/lettre-a-nos-arriere-petits-enfants\/#breadcrumb\",\"itemListElement\":[{\"@type\":\"ListItem\",\"position\":1,\"name\":\"Accueil\",\"item\":\"https:\/\/ns381463.ip-94-23-248.eu\/GroupeOne2016\/wordpress\/\"},{\"@type\":\"ListItem\",\"position\":2,\"name\":\"Lettre \u00e0 nos arri\u00e8re-petits-enfants\"}]},{\"@type\":\"WebSite\",\"@id\":\"https:\/\/ns381463.ip-94-23-248.eu\/GroupeOne2016\/wordpress\/#website\",\"url\":\"https:\/\/ns381463.ip-94-23-248.eu\/GroupeOne2016\/wordpress\/\",\"name\":\"Groupe One\",\"description\":\"Groupe One est une organisation belge qui facilite la transition vers une \u00e9conomie durable. Elle est active \u00e0 Bruxelles et en Wallonie.\",\"potentialAction\":[{\"@type\":\"SearchAction\",\"target\":{\"@type\":\"EntryPoint\",\"urlTemplate\":\"https:\/\/ns381463.ip-94-23-248.eu\/GroupeOne2016\/wordpress\/?s={search_term_string}\"},\"query-input\":\"required name=search_term_string\"}],\"inLanguage\":\"fr-FR\"},{\"@type\":\"Person\",\"@id\":\"https:\/\/ns381463.ip-94-23-248.eu\/GroupeOne2016\/wordpress\/#\/schema\/person\/8bcb6e90f26a897df78b177a4b54480a\",\"name\":\"Justine de Montlivault\",\"image\":{\"@type\":\"ImageObject\",\"inLanguage\":\"fr-FR\",\"@id\":\"https:\/\/ns381463.ip-94-23-248.eu\/GroupeOne2016\/wordpress\/#\/schema\/person\/image\/\",\"url\":\"https:\/\/secure.gravatar.com\/avatar\/7c08e52f5be53f14efcdd69f917dfd51?s=96&d=mm&r=g\",\"contentUrl\":\"https:\/\/secure.gravatar.com\/avatar\/7c08e52f5be53f14efcdd69f917dfd51?s=96&d=mm&r=g\",\"caption\":\"Justine de Montlivault\"},\"url\":\"https:\/\/ns381463.ip-94-23-248.eu\/GroupeOne2016\/wordpress\/author\/g1-justine\/\"}]}<\/script>\n<!-- \/ Yoast SEO plugin. -->","yoast_head_json":{"title":"Lettre \u00e0 nos arri\u00e8re-petits-enfants - Groupe One","robots":{"index":"index","follow":"follow","max-snippet":"max-snippet:-1","max-image-preview":"max-image-preview:large","max-video-preview":"max-video-preview:-1"},"canonical":"https:\/\/ns381463.ip-94-23-248.eu\/GroupeOne2016\/wordpress\/lettre-a-nos-arriere-petits-enfants\/","og_locale":"fr_FR","og_type":"article","og_title":"Lettre \u00e0 nos arri\u00e8re-petits-enfants - Groupe One","og_description":"Ensemble face au d\u00e9fi climatique, les personnalit\u00e9s belges\u00a0adressent une lettre \u00e0 leurs arri\u00e8re-petits-enfants Les citoyens r\u00e9clament le changement et la marche\u00a0Claim the Climate\u00a0du 2 d\u00e9cembre fut l\u2019occasion de constater l\u2019ampleur [&hellip;]","og_url":"https:\/\/ns381463.ip-94-23-248.eu\/GroupeOne2016\/wordpress\/lettre-a-nos-arriere-petits-enfants\/","og_site_name":"Groupe One","article_published_time":"2018-12-03T14:58:03+00:00","article_modified_time":"2023-01-06T09:38:38+00:00","og_image":[{"width":1024,"height":1024,"url":"https:\/\/ns381463.ip-94-23-248.eu\/GroupeOne2016\/wordpress\/wp-content\/uploads\/2018\/12\/manif-2.12.18-1-1024x1024.jpg","type":"image\/jpeg"}],"author":"Justine de Montlivault","twitter_card":"summary_large_image","twitter_misc":{"\u00c9crit par":"Justine de Montlivault","Dur\u00e9e de lecture estim\u00e9e":"3 minutes"},"schema":{"@context":"https:\/\/schema.org","@graph":[{"@type":"WebPage","@id":"https:\/\/ns381463.ip-94-23-248.eu\/GroupeOne2016\/wordpress\/lettre-a-nos-arriere-petits-enfants\/","url":"https:\/\/ns381463.ip-94-23-248.eu\/GroupeOne2016\/wordpress\/lettre-a-nos-arriere-petits-enfants\/","name":"Lettre \u00e0 nos arri\u00e8re-petits-enfants - Groupe One","isPartOf":{"@id":"https:\/\/ns381463.ip-94-23-248.eu\/GroupeOne2016\/wordpress\/#website"},"datePublished":"2018-12-03T14:58:03+00:00","dateModified":"2023-01-06T09:38:38+00:00","author":{"@id":"https:\/\/ns381463.ip-94-23-248.eu\/GroupeOne2016\/wordpress\/#\/schema\/person\/8bcb6e90f26a897df78b177a4b54480a"},"breadcrumb":{"@id":"https:\/\/ns381463.ip-94-23-248.eu\/GroupeOne2016\/wordpress\/lettre-a-nos-arriere-petits-enfants\/#breadcrumb"},"inLanguage":"fr-FR","potentialAction":[{"@type":"ReadAction","target":["https:\/\/ns381463.ip-94-23-248.eu\/GroupeOne2016\/wordpress\/lettre-a-nos-arriere-petits-enfants\/"]}]},{"@type":"BreadcrumbList","@id":"https:\/\/ns381463.ip-94-23-248.eu\/GroupeOne2016\/wordpress\/lettre-a-nos-arriere-petits-enfants\/#breadcrumb","itemListElement":[{"@type":"ListItem","position":1,"name":"Accueil","item":"https:\/\/ns381463.ip-94-23-248.eu\/GroupeOne2016\/wordpress\/"},{"@type":"ListItem","position":2,"name":"Lettre \u00e0 nos arri\u00e8re-petits-enfants"}]},{"@type":"WebSite","@id":"https:\/\/ns381463.ip-94-23-248.eu\/GroupeOne2016\/wordpress\/#website","url":"https:\/\/ns381463.ip-94-23-248.eu\/GroupeOne2016\/wordpress\/","name":"Groupe One","description":"Groupe One est une organisation belge qui facilite la transition vers une \u00e9conomie durable. Elle est active \u00e0 Bruxelles et en Wallonie.","potentialAction":[{"@type":"SearchAction","target":{"@type":"EntryPoint","urlTemplate":"https:\/\/ns381463.ip-94-23-248.eu\/GroupeOne2016\/wordpress\/?s={search_term_string}"},"query-input":"required name=search_term_string"}],"inLanguage":"fr-FR"},{"@type":"Person","@id":"https:\/\/ns381463.ip-94-23-248.eu\/GroupeOne2016\/wordpress\/#\/schema\/person\/8bcb6e90f26a897df78b177a4b54480a","name":"Justine de Montlivault","image":{"@type":"ImageObject","inLanguage":"fr-FR","@id":"https:\/\/ns381463.ip-94-23-248.eu\/GroupeOne2016\/wordpress\/#\/schema\/person\/image\/","url":"https:\/\/secure.gravatar.com\/avatar\/7c08e52f5be53f14efcdd69f917dfd51?s=96&d=mm&r=g","contentUrl":"https:\/\/secure.gravatar.com\/avatar\/7c08e52f5be53f14efcdd69f917dfd51?s=96&d=mm&r=g","caption":"Justine de Montlivault"},"url":"https:\/\/ns381463.ip-94-23-248.eu\/GroupeOne2016\/wordpress\/author\/g1-justine\/"}]}},"_links":{"self":[{"href":"https:\/\/ns381463.ip-94-23-248.eu\/GroupeOne2016\/wordpress\/wp-json\/wp\/v2\/posts\/125736"}],"collection":[{"href":"https:\/\/ns381463.ip-94-23-248.eu\/GroupeOne2016\/wordpress\/wp-json\/wp\/v2\/posts"}],"about":[{"href":"https:\/\/ns381463.ip-94-23-248.eu\/GroupeOne2016\/wordpress\/wp-json\/wp\/v2\/types\/post"}],"author":[{"embeddable":true,"href":"https:\/\/ns381463.ip-94-23-248.eu\/GroupeOne2016\/wordpress\/wp-json\/wp\/v2\/users\/14"}],"replies":[{"embeddable":true,"href":"https:\/\/ns381463.ip-94-23-248.eu\/GroupeOne2016\/wordpress\/wp-json\/wp\/v2\/comments?post=125736"}],"version-history":[{"count":29,"href":"https:\/\/ns381463.ip-94-23-248.eu\/GroupeOne2016\/wordpress\/wp-json\/wp\/v2\/posts\/125736\/revisions"}],"predecessor-version":[{"id":131988,"href":"https:\/\/ns381463.ip-94-23-248.eu\/GroupeOne2016\/wordpress\/wp-json\/wp\/v2\/posts\/125736\/revisions\/131988"}],"wp:featuredmedia":[{"embeddable":true,"href":"https:\/\/ns381463.ip-94-23-248.eu\/GroupeOne2016\/wordpress\/wp-json\/wp\/v2\/media\/125872"}],"wp:attachment":[{"href":"https:\/\/ns381463.ip-94-23-248.eu\/GroupeOne2016\/wordpress\/wp-json\/wp\/v2\/media?parent=125736"}],"wp:term":[{"taxonomy":"category","embeddable":true,"href":"https:\/\/ns381463.ip-94-23-248.eu\/GroupeOne2016\/wordpress\/wp-json\/wp\/v2\/categories?post=125736"},{"taxonomy":"post_tag","embeddable":true,"href":"https:\/\/ns381463.ip-94-23-248.eu\/GroupeOne2016\/wordpress\/wp-json\/wp\/v2\/tags?post=125736"}],"curies":[{"name":"wp","href":"https:\/\/api.w.org\/{rel}","templated":true}]}}