{"id":125632,"date":"2018-11-20T14:44:14","date_gmt":"2018-11-20T13:44:14","guid":{"rendered":"https:\/\/ns381463.ip-94-23-248.eu\/GroupeOne2016\/wordpress\/?p=125632"},"modified":"2023-01-06T10:38:57","modified_gmt":"2023-01-06T09:38:57","slug":"le-2-decembre-claim-the-climate","status":"publish","type":"post","link":"https:\/\/ns381463.ip-94-23-248.eu\/GroupeOne2016\/wordpress\/le-2-decembre-claim-the-climate\/","title":{"rendered":"Le 2 d\u00e9cembre : CLAIM THE CLIMATE !"},"content":{"rendered":"<p>[et_pb_section bb_built=&#8221;1&#8243; _builder_version=&#8221;3.17.5&#8243; background_image=&#8221;https:\/\/ns381463.ip-94-23-248.eu\/GroupeOne2016\/wordpress\/wp-content\/uploads\/2018\/01\/ENTRE-NOUS-POST-BANNER-1920&#215;400.jpg&#8221; custom_padding=&#8221;|||0px&#8221; next_background_color=&#8221;#ffffff&#8221;][et_pb_row custom_width_px=&#8221;2600px&#8221; custom_padding=&#8221;|||20px&#8221; _builder_version=&#8221;3.0.95&#8243;][et_pb_column type=&#8221;4_4&#8243;][et_pb_post_title author=&#8221;off&#8221; date_format=&#8221;M j Y&#8221; comments=&#8221;off&#8221; featured_image=&#8221;off&#8221; _builder_version=&#8221;3.17.5&#8243; title_font=&#8221;|700|||||||&#8221; title_text_color=&#8221;#ffffff&#8221; title_font_size=&#8221;34px&#8221; meta_font=&#8221;|||on|||||&#8221; meta_text_color=&#8221;#ffffff&#8221; meta_letter_spacing=&#8221;1px&#8221; \/][\/et_pb_column][\/et_pb_row][\/et_pb_section][et_pb_section bb_built=&#8221;1&#8243; next_background_color=&#8221;#000000&#8243; _builder_version=&#8221;3.17.5&#8243; prev_background_color=&#8221;#000000&#8243;][et_pb_row _builder_version=&#8221;3.17.5&#8243;][et_pb_column type=&#8221;2_5&#8243;][et_pb_image _builder_version=&#8221;3.17.5&#8243; src=&#8221;https:\/\/ns381463.ip-94-23-248.eu\/GroupeOne2016\/wordpress\/wp-content\/uploads\/2018\/11\/climat.jpg&#8221; align=&#8221;center&#8221; \/][\/et_pb_column][et_pb_column type=&#8221;3_5&#8243;][et_pb_text admin_label=&#8221;MODELE-MODULE-TEXTE&#8221; _builder_version=&#8221;3.17.5&#8243; text_font=&#8221;Nunito||||||||&#8221; text_font_size=&#8221;18px&#8221; text_line_height=&#8221;30px&#8221;]<\/p>\n<p><span style=\"font-size: 16px;\">La <a href=\"http:\/\/cop24.gov.pl\" target=\"_blank\" rel=\"noopener\">COP 24<\/a>, conf\u00e9rence des Nations Unies sur les changements climatiques, commencera le 3 d\u00e9cembre prochain \u00e0 Katowice (Pologne). L\u2019occasion pour les citoyens du monde entier de se mobiliser pour r\u00e9clamer plus d\u2019actions concr\u00e8tes face \u00e0 l\u2019urgence climatique. Rejoignez-nous pour cette m\u00e9ga mobilisation citoyenne, ce sera un moment charg\u00e9 d\u2019\u00e9motions, de bonnes vibrations, et d\u2019animations pour petits et grands\u00a0!<\/span><\/p>\n<p><span style=\"font-size: 16px;\"><strong>Quand\u00a0? <\/strong>Dimanche 2 d\u00e9cembre, \u00e0 12h.<\/span><\/p>\n<p><span style=\"font-size: 16px;\"><strong>O\u00f9\u00a0? <\/strong>D\u00e9part de la gare de Bruxelles Nord (rendez-vous au pied de l\u2019horloge) jusqu\u2019au Parc du Cinquantenaire.<\/span><\/p>\n<p><a href=\"http:\/\/www.claimtheclimate.be\" target=\"_blank\" rel=\"noopener\"><span style=\"font-size: 16px;\">D\u00e9couvrez le programme\u00a0ici<\/span><\/a><\/p>\n<p>[\/et_pb_text][\/et_pb_column][\/et_pb_row][\/et_pb_section][et_pb_section bb_built=&#8221;1&#8243; custom_padding_last_edited=&#8221;on|phone&#8221; disabled_on=&#8221;on|on|off&#8221; _builder_version=&#8221;3.0.106&#8243; background_image=&#8221;https:\/\/ns381463.ip-94-23-248.eu\/GroupeOne2016\/wordpress\/wp-content\/uploads\/2017\/10\/BG-INFOLETTRE-ALL-ELEMENTS.png&#8221; custom_padding=&#8221;0px|0px|0px|0px&#8221; custom_padding_tablet=&#8221;|||0px&#8221; saved_tabs=&#8221;all&#8221; prev_background_color=&#8221;#ffffff&#8221; next_background_color=&#8221;#ffffff&#8221; global_module=&#8221;119058&#8243;][et_pb_row global_parent=&#8221;119058&#8243; _builder_version=&#8221;3.0.92&#8243; custom_css_main_element=&#8221;display: -webkit-box;||display: -ms-flexbox;||display: flex;||-webkit-box-align: center;||-ms-flex-align: center;||align-items: center;||-webkit-box-orient: horizontal;||-webkit-box-direction: normal;||-ms-flex-direction: row;||flex-direction: row;||-ms-flex-wrap: wrap;||flex-wrap: wrap;&#8221;][et_pb_column type=&#8221;2_3&#8243;][et_pb_text global_parent=&#8221;119058&#8243; _builder_version=&#8221;3.0.106&#8243; header_2_text_color=&#8221;#ffffff&#8221; header_2_font_size=&#8221;30px&#8221; header_2_line_height=&#8221;30px&#8221; module_alignment=&#8221;left&#8221; custom_margin=&#8221;|||100px&#8221; custom_css_before=&#8221;content:url(%22https:\/\/ns381463.ip-94-23-248.eu\/GroupeOne2016\/wordpress\/wp-content\/uploads\/2017\/12\/ARROW-TOP-INFOLETTRE-CADRE.png%22);||position:absolute;||bottom:95%;||left:3%;&#8221; locked=&#8221;off&#8221;]<\/p>\n<h2>Abonnez-vous \u00e0<br \/>\nla newsletter de l&#8217;entrepreneuriat durable<\/h2>\n<p>[\/et_pb_text][\/et_pb_column][et_pb_column type=&#8221;1_3&#8243;][et_pb_code global_parent=&#8221;119058&#8243; module_id=&#8221;dc_optin&#8221; custom_margin=&#8221;-50px|200px||&#8221; locked=&#8221;off&#8221;]<div class=\"et_bloom_inline_form et_bloom_optin et_bloom_make_form_visible et_bloom_optin_1\" style=\"display: none;\">\n\t\t\t\t<style type=\"text\/css\">.et_bloom .et_bloom_optin_1 .et_bloom_form_content { background-color: #ededed !important; } .et_bloom .et_bloom_optin_1 .et_bloom_form_container .et_bloom_form_header { background-color: #ffffff !important; } .et_bloom .et_bloom_optin_1 .et_bloom_form_content button { background-color: #a153e0 !important; } .et_bloom .et_bloom_optin_1 .et_bloom_form_content .et_bloom_fields i { color: #a153e0 !important; } .et_bloom .et_bloom_optin_1 .et_bloom_form_content .et_bloom_custom_field_radio i:before { background: #a153e0 !important; } .et_bloom .et_bloom_optin_1 .et_bloom_form_content button { background-color: #a153e0 !important; } .et_bloom .et_bloom_optin_1 .et_bloom_form_container h2, .et_bloom .et_bloom_optin_1 .et_bloom_form_container h2 span, .et_bloom .et_bloom_optin_1 .et_bloom_form_container h2 strong { font-family: \"Open Sans\", Helvetica, Arial, Lucida, sans-serif; }.et_bloom .et_bloom_optin_1 .et_bloom_form_container p, .et_bloom .et_bloom_optin_1 .et_bloom_form_container p span, .et_bloom .et_bloom_optin_1 .et_bloom_form_container p strong, .et_bloom .et_bloom_optin_1 .et_bloom_form_container form input, .et_bloom .et_bloom_optin_1 .et_bloom_form_container form button span { font-family: \"Open Sans\", Helvetica, Arial, Lucida, sans-serif; } \/* === Transparent Bloom Optin by Divi Cake === *\/ #dc_optin .et_bloom_form_container { background: none !important; } #dc_optin .et_bloom_form_header { background: none!important; } #dc_optin .et_bloom_bottom_inline { background: none !important; }<\/style>\n\t\t\t\t<div class=\"et_bloom_form_container  et_bloom_rounded_corners et_bloom_rounded et_bloom_form_text_dark et_bloom_form_bottom et_bloom_inline_1_field\">\n\t\t\t\t\t\n\t\t\t<div class=\"et_bloom_form_container_wrapper clearfix\">\n\t\t\t\t<div class=\"et_bloom_header_outer\">\n\t\t\t\t\t<div class=\"et_bloom_form_header et_bloom_header_text_dark\">\n\t\t\t\t\t\t\n\t\t\t\t\t\t\n\t\t\t\t\t\t\n\t\t\t\t\t<\/div>\n\t\t\t\t<\/div>\n\t\t\t\t<div class=\"et_bloom_form_content et_bloom_1_field et_bloom_bottom_inline et_bloom_custom_html_form\" data-optin_id=\"optin_1\" data-service=\"custom_form\" data-list_id=\"custom_form\" data-page_id=\"125632\" data-account=\"custom_form\">\n\t\t\t\t\t<!-- Begin MailChimp Signup Form -->\r\n<link href=\"\/\/cdn-images.mailchimp.com\/embedcode\/horizontal-slim-10_7.css\" rel=\"stylesheet\" type=\"text\/css\">\r\n<style type=\"text\/css\">\r\n\t#mc_embed_signup{background:#fff; clear:left; font:14px Helvetica,Arial,sans-serif; width:100%;}\r\n\t\/* Add your own MailChimp form style overrides in your site stylesheet or in this style block.\r\n\t   We recommend moving this block and the preceding CSS link to the HEAD of your HTML file. *\/\r\n<\/style>\r\n<div id=\"mc_embed_signup\">\r\n<form action=\"https:\/\/groupeone.us12.list-manage.com\/subscribe\/post?u=4b8cae888f20720725a172884&id=4ca247c289\" method=\"post\" id=\"mc-embedded-subscribe-form\" name=\"mc-embedded-subscribe-form\" class=\"validate\" target=\"_blank\" novalidate>\r\n    <div id=\"mc_embed_signup_scroll\">\r\n\t\r\n\t    <!-- real people should not fill this in and expect good things - do not remove this or risk form bot signups-->\r\n    <div style=\"position: absolute; left: -5000px;\" aria-hidden=\"true\"><input type=\"text\" name=\"b_4b8cae888f20720725a172884_4ca247c289\" tabindex=\"-1\" value=\"\"><\/div>\r\n    <div class=\"clear\"><input type=\"submit\" value=\"S'inscrire\" name=\"subscribe\" id=\"mc-embedded-subscribe\" class=\"button\"><\/div>\r\n    <\/div>\r\n<\/form>\r\n<\/div>\r\n\r\n<!--End mc_embed_signup-->\n\t\t\t\t\t<div class=\"et_bloom_success_container\">\n\t\t\t\t\t\t<span class=\"et_bloom_success_checkmark\"><\/span>\n\t\t\t\t\t<\/div>\n\t\t\t\t\t<h2 class=\"et_bloom_success_message\">You have Successfully Subscribed!<\/h2>\n\t\t\t\t\t\n\t\t\t\t<\/div>\n\t\t\t<\/div>\n\t\t\t<span class=\"et_bloom_close_button\"><\/span>\n\t\t\t\t<\/div>\n\t\t\t<\/div>[\/et_pb_code][\/et_pb_column][\/et_pb_row][\/et_pb_section][et_pb_section bb_built=&#8221;1&#8243; disabled_on=&#8221;off|off|on&#8221; custom_padding_last_edited=&#8221;on|phone&#8221; _builder_version=&#8221;3.0.95&#8243; background_image=&#8221;https:\/\/ns381463.ip-94-23-248.eu\/GroupeOne2016\/wordpress\/wp-content\/uploads\/2017\/10\/BG-NEWSLETTERS-2.png&#8221; custom_padding=&#8221;0px|0px|0px|0px&#8221; custom_padding_tablet=&#8221;|||0px&#8221; saved_tabs=&#8221;all&#8221; prev_background_color=&#8221;#ffffff&#8221; global_module=&#8221;121907&#8243;][et_pb_row global_parent=&#8221;121907&#8243; custom_padding=&#8221;0px|0px|0px|0px&#8221; _builder_version=&#8221;3.0.85&#8243;][et_pb_column type=&#8221;4_4&#8243;][et_pb_text global_parent=&#8221;121907&#8243; _builder_version=&#8221;3.0.92&#8243; text_font=&#8221;||||||||&#8221; header_font=&#8221;||||||||&#8221; header_text_align=&#8221;center&#8221; header_2_font=&#8221;||||||||&#8221; header_2_text_align=&#8221;center&#8221; header_2_font_size=&#8221;30px&#8221; header_2_text_color=&#8221;#ffffff&#8221; header_2_line_height=&#8221;30px&#8221; custom_margin=&#8221;50px||-50px|&#8221; locked=&#8221;off&#8221; background_layout=&#8221;dark&#8221;]<\/p>\n<h2>Abonnez-vous \u00e0 la newsletter de<br \/>\nl&#8217;entrepreneuriat durable<\/h2>\n<p>[\/et_pb_text][et_pb_code global_parent=&#8221;121907&#8243; module_id=&#8221;dc_optin&#8221; _builder_version=&#8221;3.0.95&#8243; custom_margin=&#8221;0px|||&#8221; custom_margin_last_edited=&#8221;on|desktop&#8221; custom_padding=&#8221;0px|||&#8221; custom_padding_last_edited=&#8221;on|phone&#8221;]<div class=\"et_bloom_inline_form et_bloom_optin et_bloom_make_form_visible et_bloom_optin_1\" style=\"display: none;\">\n\t\t\t\t<style type=\"text\/css\">.et_bloom .et_bloom_optin_1 .et_bloom_form_content { background-color: #ededed !important; } .et_bloom .et_bloom_optin_1 .et_bloom_form_container .et_bloom_form_header { background-color: #ffffff !important; } .et_bloom .et_bloom_optin_1 .et_bloom_form_content button { background-color: #a153e0 !important; } .et_bloom .et_bloom_optin_1 .et_bloom_form_content .et_bloom_fields i { color: #a153e0 !important; } .et_bloom .et_bloom_optin_1 .et_bloom_form_content .et_bloom_custom_field_radio i:before { background: #a153e0 !important; } .et_bloom .et_bloom_optin_1 .et_bloom_form_content button { background-color: #a153e0 !important; } .et_bloom .et_bloom_optin_1 .et_bloom_form_container h2, .et_bloom .et_bloom_optin_1 .et_bloom_form_container h2 span, .et_bloom .et_bloom_optin_1 .et_bloom_form_container h2 strong { font-family: \"Open Sans\", Helvetica, Arial, Lucida, sans-serif; }.et_bloom .et_bloom_optin_1 .et_bloom_form_container p, .et_bloom .et_bloom_optin_1 .et_bloom_form_container p span, .et_bloom .et_bloom_optin_1 .et_bloom_form_container p strong, .et_bloom .et_bloom_optin_1 .et_bloom_form_container form input, .et_bloom .et_bloom_optin_1 .et_bloom_form_container form button span { font-family: \"Open Sans\", Helvetica, Arial, Lucida, sans-serif; } \/* === Transparent Bloom Optin by Divi Cake === *\/ #dc_optin .et_bloom_form_container { background: none !important; } #dc_optin .et_bloom_form_header { background: none!important; } #dc_optin .et_bloom_bottom_inline { background: none !important; }<\/style>\n\t\t\t\t<div class=\"et_bloom_form_container  et_bloom_rounded_corners et_bloom_rounded et_bloom_form_text_dark et_bloom_form_bottom et_bloom_inline_1_field\">\n\t\t\t\t\t\n\t\t\t<div class=\"et_bloom_form_container_wrapper clearfix\">\n\t\t\t\t<div class=\"et_bloom_header_outer\">\n\t\t\t\t\t<div class=\"et_bloom_form_header et_bloom_header_text_dark\">\n\t\t\t\t\t\t\n\t\t\t\t\t\t\n\t\t\t\t\t\t\n\t\t\t\t\t<\/div>\n\t\t\t\t<\/div>\n\t\t\t\t<div class=\"et_bloom_form_content et_bloom_1_field et_bloom_bottom_inline et_bloom_custom_html_form\" data-optin_id=\"optin_1\" data-service=\"custom_form\" data-list_id=\"custom_form\" data-page_id=\"125632\" data-account=\"custom_form\">\n\t\t\t\t\t<!-- Begin MailChimp Signup Form -->\r\n<link href=\"\/\/cdn-images.mailchimp.com\/embedcode\/horizontal-slim-10_7.css\" rel=\"stylesheet\" type=\"text\/css\">\r\n<style type=\"text\/css\">\r\n\t#mc_embed_signup{background:#fff; clear:left; font:14px Helvetica,Arial,sans-serif; width:100%;}\r\n\t\/* Add your own MailChimp form style overrides in your site stylesheet or in this style block.\r\n\t   We recommend moving this block and the preceding CSS link to the HEAD of your HTML file. *\/\r\n<\/style>\r\n<div id=\"mc_embed_signup\">\r\n<form action=\"https:\/\/groupeone.us12.list-manage.com\/subscribe\/post?u=4b8cae888f20720725a172884&id=4ca247c289\" method=\"post\" id=\"mc-embedded-subscribe-form\" name=\"mc-embedded-subscribe-form\" class=\"validate\" target=\"_blank\" novalidate>\r\n    <div id=\"mc_embed_signup_scroll\">\r\n\t\r\n\t    <!-- real people should not fill this in and expect good things - do not remove this or risk form bot signups-->\r\n    <div style=\"position: absolute; left: -5000px;\" aria-hidden=\"true\"><input type=\"text\" name=\"b_4b8cae888f20720725a172884_4ca247c289\" tabindex=\"-1\" value=\"\"><\/div>\r\n    <div class=\"clear\"><input type=\"submit\" value=\"S'inscrire\" name=\"subscribe\" id=\"mc-embedded-subscribe\" class=\"button\"><\/div>\r\n    <\/div>\r\n<\/form>\r\n<\/div>\r\n\r\n<!--End mc_embed_signup-->\n\t\t\t\t\t<div class=\"et_bloom_success_container\">\n\t\t\t\t\t\t<span class=\"et_bloom_success_checkmark\"><\/span>\n\t\t\t\t\t<\/div>\n\t\t\t\t\t<h2 class=\"et_bloom_success_message\">You have Successfully Subscribed!<\/h2>\n\t\t\t\t\t\n\t\t\t\t<\/div>\n\t\t\t<\/div>\n\t\t\t<span class=\"et_bloom_close_button\"><\/span>\n\t\t\t\t<\/div>\n\t\t\t<\/div>[\/et_pb_code][\/et_pb_column][\/et_pb_row][\/et_pb_section]<\/p>\n","protected":false},"excerpt":{"rendered":"<p>La COP 24, conf\u00e9rence des Nations Unies sur les changements climatiques, commencera le 3 d\u00e9cembre prochain \u00e0 Katowice (Pologne). L\u2019occasion pour les citoyens du monde entier de se mobiliser pour [&hellip;]<\/p>\n","protected":false},"author":14,"featured_media":125636,"comment_status":"open","ping_status":"open","sticky":false,"template":"","format":"standard","meta":{"_et_pb_use_builder":"on","_et_pb_old_content":"<p>La COP 24, conf\u00e9rence des Nations Unies sur les changements climatiques, commencera le 3 d\u00e9cembre prochain \u00e0 Katowice (Pologne). L\u2019occasion pour les citoyens du monde entier de se mobiliser pour r\u00e9clamer plus d\u2019actions concr\u00e8tes face \u00e0 l\u2019urgence climatique. Rejoignez-nous pour cette m\u00e9ga mobilisation citoyenne, ce sera un moment charg\u00e9 d\u2019\u00e9motions, de bonnes vibrations, et d\u2019animations pour petits et grands\u00a0!<\/p><p><strong>Quand\u00a0? <\/strong>Dimanche 2 d\u00e9cembre, \u00e0 12h.<\/p><p><strong>O\u00f9\u00a0? <\/strong>D\u00e9part de la gare de Bruxelles Nord (rendez-vous au pied de l\u2019horloge) jusqu\u2019au Parc du Cinquantenaire.<\/p><p><strong>Programme <\/strong>: <a href=\"http:\/\/www.claimtheclimate.be\">ici<\/a><\/p>","_et_gb_content_width":""},"categories":[87],"tags":[],"yoast_head":"<!-- This site is optimized with the Yoast SEO plugin v19.13 - https:\/\/yoast.com\/wordpress\/plugins\/seo\/ -->\n<title>Le 2 d\u00e9cembre : CLAIM THE CLIMATE ! - Groupe One<\/title>\n<meta name=\"robots\" content=\"index, follow, max-snippet:-1, max-image-preview:large, max-video-preview:-1\" \/>\n<link rel=\"canonical\" href=\"https:\/\/ns381463.ip-94-23-248.eu\/GroupeOne2016\/wordpress\/le-2-decembre-claim-the-climate\/\" \/>\n<meta property=\"og:locale\" content=\"fr_FR\" \/>\n<meta property=\"og:type\" content=\"article\" \/>\n<meta property=\"og:title\" content=\"Le 2 d\u00e9cembre : CLAIM THE CLIMATE ! - Groupe One\" \/>\n<meta property=\"og:description\" content=\"La COP 24, conf\u00e9rence des Nations Unies sur les changements climatiques, commencera le 3 d\u00e9cembre prochain \u00e0 Katowice (Pologne). L\u2019occasion pour les citoyens du monde entier de se mobiliser pour [&hellip;]\" \/>\n<meta property=\"og:url\" content=\"https:\/\/ns381463.ip-94-23-248.eu\/GroupeOne2016\/wordpress\/le-2-decembre-claim-the-climate\/\" \/>\n<meta property=\"og:site_name\" content=\"Groupe One\" \/>\n<meta property=\"article:published_time\" content=\"2018-11-20T13:44:14+00:00\" \/>\n<meta property=\"article:modified_time\" content=\"2023-01-06T09:38:57+00:00\" \/>\n<meta property=\"og:image\" content=\"https:\/\/ns381463.ip-94-23-248.eu\/GroupeOne2016\/wordpress\/wp-content\/uploads\/2018\/11\/climat.jpg\" \/>\n\t<meta property=\"og:image:width\" content=\"300\" \/>\n\t<meta property=\"og:image:height\" content=\"168\" \/>\n\t<meta property=\"og:image:type\" content=\"image\/jpeg\" \/>\n<meta name=\"author\" content=\"Justine de Montlivault\" \/>\n<meta name=\"twitter:card\" content=\"summary_large_image\" \/>\n<meta name=\"twitter:label1\" content=\"\u00c9crit par\" \/>\n\t<meta name=\"twitter:data1\" content=\"Justine de Montlivault\" \/>\n\t<meta name=\"twitter:label2\" content=\"Dur\u00e9e de lecture estim\u00e9e\" \/>\n\t<meta name=\"twitter:data2\" content=\"2 minutes\" \/>\n<script type=\"application\/ld+json\" class=\"yoast-schema-graph\">{\"@context\":\"https:\/\/schema.org\",\"@graph\":[{\"@type\":\"WebPage\",\"@id\":\"https:\/\/ns381463.ip-94-23-248.eu\/GroupeOne2016\/wordpress\/le-2-decembre-claim-the-climate\/\",\"url\":\"https:\/\/ns381463.ip-94-23-248.eu\/GroupeOne2016\/wordpress\/le-2-decembre-claim-the-climate\/\",\"name\":\"Le 2 d\u00e9cembre : CLAIM THE CLIMATE ! - Groupe One\",\"isPartOf\":{\"@id\":\"https:\/\/ns381463.ip-94-23-248.eu\/GroupeOne2016\/wordpress\/#website\"},\"datePublished\":\"2018-11-20T13:44:14+00:00\",\"dateModified\":\"2023-01-06T09:38:57+00:00\",\"author\":{\"@id\":\"https:\/\/ns381463.ip-94-23-248.eu\/GroupeOne2016\/wordpress\/#\/schema\/person\/8bcb6e90f26a897df78b177a4b54480a\"},\"breadcrumb\":{\"@id\":\"https:\/\/ns381463.ip-94-23-248.eu\/GroupeOne2016\/wordpress\/le-2-decembre-claim-the-climate\/#breadcrumb\"},\"inLanguage\":\"fr-FR\",\"potentialAction\":[{\"@type\":\"ReadAction\",\"target\":[\"https:\/\/ns381463.ip-94-23-248.eu\/GroupeOne2016\/wordpress\/le-2-decembre-claim-the-climate\/\"]}]},{\"@type\":\"BreadcrumbList\",\"@id\":\"https:\/\/ns381463.ip-94-23-248.eu\/GroupeOne2016\/wordpress\/le-2-decembre-claim-the-climate\/#breadcrumb\",\"itemListElement\":[{\"@type\":\"ListItem\",\"position\":1,\"name\":\"Accueil\",\"item\":\"https:\/\/ns381463.ip-94-23-248.eu\/GroupeOne2016\/wordpress\/\"},{\"@type\":\"ListItem\",\"position\":2,\"name\":\"Le 2 d\u00e9cembre : CLAIM THE CLIMATE !\"}]},{\"@type\":\"WebSite\",\"@id\":\"https:\/\/ns381463.ip-94-23-248.eu\/GroupeOne2016\/wordpress\/#website\",\"url\":\"https:\/\/ns381463.ip-94-23-248.eu\/GroupeOne2016\/wordpress\/\",\"name\":\"Groupe One\",\"description\":\"Groupe One est une organisation belge qui facilite la transition vers une \u00e9conomie durable. Elle est active \u00e0 Bruxelles et en Wallonie.\",\"potentialAction\":[{\"@type\":\"SearchAction\",\"target\":{\"@type\":\"EntryPoint\",\"urlTemplate\":\"https:\/\/ns381463.ip-94-23-248.eu\/GroupeOne2016\/wordpress\/?s={search_term_string}\"},\"query-input\":\"required name=search_term_string\"}],\"inLanguage\":\"fr-FR\"},{\"@type\":\"Person\",\"@id\":\"https:\/\/ns381463.ip-94-23-248.eu\/GroupeOne2016\/wordpress\/#\/schema\/person\/8bcb6e90f26a897df78b177a4b54480a\",\"name\":\"Justine de Montlivault\",\"image\":{\"@type\":\"ImageObject\",\"inLanguage\":\"fr-FR\",\"@id\":\"https:\/\/ns381463.ip-94-23-248.eu\/GroupeOne2016\/wordpress\/#\/schema\/person\/image\/\",\"url\":\"https:\/\/secure.gravatar.com\/avatar\/7c08e52f5be53f14efcdd69f917dfd51?s=96&d=mm&r=g\",\"contentUrl\":\"https:\/\/secure.gravatar.com\/avatar\/7c08e52f5be53f14efcdd69f917dfd51?s=96&d=mm&r=g\",\"caption\":\"Justine de Montlivault\"},\"url\":\"https:\/\/ns381463.ip-94-23-248.eu\/GroupeOne2016\/wordpress\/author\/g1-justine\/\"}]}<\/script>\n<!-- \/ Yoast SEO plugin. -->","yoast_head_json":{"title":"Le 2 d\u00e9cembre : CLAIM THE CLIMATE ! - Groupe One","robots":{"index":"index","follow":"follow","max-snippet":"max-snippet:-1","max-image-preview":"max-image-preview:large","max-video-preview":"max-video-preview:-1"},"canonical":"https:\/\/ns381463.ip-94-23-248.eu\/GroupeOne2016\/wordpress\/le-2-decembre-claim-the-climate\/","og_locale":"fr_FR","og_type":"article","og_title":"Le 2 d\u00e9cembre : CLAIM THE CLIMATE ! - Groupe One","og_description":"La COP 24, conf\u00e9rence des Nations Unies sur les changements climatiques, commencera le 3 d\u00e9cembre prochain \u00e0 Katowice (Pologne). L\u2019occasion pour les citoyens du monde entier de se mobiliser pour [&hellip;]","og_url":"https:\/\/ns381463.ip-94-23-248.eu\/GroupeOne2016\/wordpress\/le-2-decembre-claim-the-climate\/","og_site_name":"Groupe One","article_published_time":"2018-11-20T13:44:14+00:00","article_modified_time":"2023-01-06T09:38:57+00:00","og_image":[{"width":300,"height":168,"url":"https:\/\/ns381463.ip-94-23-248.eu\/GroupeOne2016\/wordpress\/wp-content\/uploads\/2018\/11\/climat.jpg","type":"image\/jpeg"}],"author":"Justine de Montlivault","twitter_card":"summary_large_image","twitter_misc":{"\u00c9crit par":"Justine de Montlivault","Dur\u00e9e de lecture estim\u00e9e":"2 minutes"},"schema":{"@context":"https:\/\/schema.org","@graph":[{"@type":"WebPage","@id":"https:\/\/ns381463.ip-94-23-248.eu\/GroupeOne2016\/wordpress\/le-2-decembre-claim-the-climate\/","url":"https:\/\/ns381463.ip-94-23-248.eu\/GroupeOne2016\/wordpress\/le-2-decembre-claim-the-climate\/","name":"Le 2 d\u00e9cembre : CLAIM THE CLIMATE ! - Groupe One","isPartOf":{"@id":"https:\/\/ns381463.ip-94-23-248.eu\/GroupeOne2016\/wordpress\/#website"},"datePublished":"2018-11-20T13:44:14+00:00","dateModified":"2023-01-06T09:38:57+00:00","author":{"@id":"https:\/\/ns381463.ip-94-23-248.eu\/GroupeOne2016\/wordpress\/#\/schema\/person\/8bcb6e90f26a897df78b177a4b54480a"},"breadcrumb":{"@id":"https:\/\/ns381463.ip-94-23-248.eu\/GroupeOne2016\/wordpress\/le-2-decembre-claim-the-climate\/#breadcrumb"},"inLanguage":"fr-FR","potentialAction":[{"@type":"ReadAction","target":["https:\/\/ns381463.ip-94-23-248.eu\/GroupeOne2016\/wordpress\/le-2-decembre-claim-the-climate\/"]}]},{"@type":"BreadcrumbList","@id":"https:\/\/ns381463.ip-94-23-248.eu\/GroupeOne2016\/wordpress\/le-2-decembre-claim-the-climate\/#breadcrumb","itemListElement":[{"@type":"ListItem","position":1,"name":"Accueil","item":"https:\/\/ns381463.ip-94-23-248.eu\/GroupeOne2016\/wordpress\/"},{"@type":"ListItem","position":2,"name":"Le 2 d\u00e9cembre : CLAIM THE CLIMATE !"}]},{"@type":"WebSite","@id":"https:\/\/ns381463.ip-94-23-248.eu\/GroupeOne2016\/wordpress\/#website","url":"https:\/\/ns381463.ip-94-23-248.eu\/GroupeOne2016\/wordpress\/","name":"Groupe One","description":"Groupe One est une organisation belge qui facilite la transition vers une \u00e9conomie durable. Elle est active \u00e0 Bruxelles et en Wallonie.","potentialAction":[{"@type":"SearchAction","target":{"@type":"EntryPoint","urlTemplate":"https:\/\/ns381463.ip-94-23-248.eu\/GroupeOne2016\/wordpress\/?s={search_term_string}"},"query-input":"required name=search_term_string"}],"inLanguage":"fr-FR"},{"@type":"Person","@id":"https:\/\/ns381463.ip-94-23-248.eu\/GroupeOne2016\/wordpress\/#\/schema\/person\/8bcb6e90f26a897df78b177a4b54480a","name":"Justine de Montlivault","image":{"@type":"ImageObject","inLanguage":"fr-FR","@id":"https:\/\/ns381463.ip-94-23-248.eu\/GroupeOne2016\/wordpress\/#\/schema\/person\/image\/","url":"https:\/\/secure.gravatar.com\/avatar\/7c08e52f5be53f14efcdd69f917dfd51?s=96&d=mm&r=g","contentUrl":"https:\/\/secure.gravatar.com\/avatar\/7c08e52f5be53f14efcdd69f917dfd51?s=96&d=mm&r=g","caption":"Justine de Montlivault"},"url":"https:\/\/ns381463.ip-94-23-248.eu\/GroupeOne2016\/wordpress\/author\/g1-justine\/"}]}},"_links":{"self":[{"href":"https:\/\/ns381463.ip-94-23-248.eu\/GroupeOne2016\/wordpress\/wp-json\/wp\/v2\/posts\/125632"}],"collection":[{"href":"https:\/\/ns381463.ip-94-23-248.eu\/GroupeOne2016\/wordpress\/wp-json\/wp\/v2\/posts"}],"about":[{"href":"https:\/\/ns381463.ip-94-23-248.eu\/GroupeOne2016\/wordpress\/wp-json\/wp\/v2\/types\/post"}],"author":[{"embeddable":true,"href":"https:\/\/ns381463.ip-94-23-248.eu\/GroupeOne2016\/wordpress\/wp-json\/wp\/v2\/users\/14"}],"replies":[{"embeddable":true,"href":"https:\/\/ns381463.ip-94-23-248.eu\/GroupeOne2016\/wordpress\/wp-json\/wp\/v2\/comments?post=125632"}],"version-history":[{"count":12,"href":"https:\/\/ns381463.ip-94-23-248.eu\/GroupeOne2016\/wordpress\/wp-json\/wp\/v2\/posts\/125632\/revisions"}],"predecessor-version":[{"id":131992,"href":"https:\/\/ns381463.ip-94-23-248.eu\/GroupeOne2016\/wordpress\/wp-json\/wp\/v2\/posts\/125632\/revisions\/131992"}],"wp:featuredmedia":[{"embeddable":true,"href":"https:\/\/ns381463.ip-94-23-248.eu\/GroupeOne2016\/wordpress\/wp-json\/wp\/v2\/media\/125636"}],"wp:attachment":[{"href":"https:\/\/ns381463.ip-94-23-248.eu\/GroupeOne2016\/wordpress\/wp-json\/wp\/v2\/media?parent=125632"}],"wp:term":[{"taxonomy":"category","embeddable":true,"href":"https:\/\/ns381463.ip-94-23-248.eu\/GroupeOne2016\/wordpress\/wp-json\/wp\/v2\/categories?post=125632"},{"taxonomy":"post_tag","embeddable":true,"href":"https:\/\/ns381463.ip-94-23-248.eu\/GroupeOne2016\/wordpress\/wp-json\/wp\/v2\/tags?post=125632"}],"curies":[{"name":"wp","href":"https:\/\/api.w.org\/{rel}","templated":true}]}}