{"id":125620,"date":"2018-11-20T14:41:38","date_gmt":"2018-11-20T13:41:38","guid":{"rendered":"https:\/\/ns381463.ip-94-23-248.eu\/GroupeOne2016\/wordpress\/?p=125620"},"modified":"2023-01-06T10:42:27","modified_gmt":"2023-01-06T09:42:27","slug":"10-decembre-future-generations-summit","status":"publish","type":"post","link":"https:\/\/ns381463.ip-94-23-248.eu\/GroupeOne2016\/wordpress\/10-decembre-future-generations-summit\/","title":{"rendered":"10 d\u00e9cembre \u2013 Future Generations Summit"},"content":{"rendered":"<p>[et_pb_section fb_built=&#8221;1&#8243; _builder_version=&#8221;4.16&#8243; background_image=&#8221;https:\/\/ns381463.ip-94-23-248.eu\/GroupeOne2016\/wordpress\/wp-content\/uploads\/2018\/01\/ENTRE-NOUS-POST-BANNER-1920&#215;400.jpg&#8221; custom_padding=&#8221;|||0px&#8221; global_colors_info=&#8221;{}&#8221;][et_pb_row _builder_version=&#8221;4.16&#8243; custom_padding=&#8221;|||20px&#8221; custom_width_px=&#8221;2600px&#8221; global_colors_info=&#8221;{}&#8221;][et_pb_column type=&#8221;4_4&#8243; _builder_version=&#8221;4.16&#8243; custom_padding=&#8221;|||&#8221; global_colors_info=&#8221;{}&#8221; custom_padding__hover=&#8221;|||&#8221;][et_pb_post_title author=&#8221;off&#8221; date_format=&#8221;M j Y&#8221; comments=&#8221;off&#8221; featured_image=&#8221;off&#8221; _builder_version=&#8221;4.16&#8243; title_font=&#8221;|700|||||||&#8221; title_text_color=&#8221;#ffffff&#8221; title_font_size=&#8221;34px&#8221; meta_font=&#8221;|||on|||||&#8221; meta_text_color=&#8221;#ffffff&#8221; meta_letter_spacing=&#8221;1px&#8221; global_colors_info=&#8221;{}&#8221;]<br \/>\n[\/et_pb_post_title][\/et_pb_column][\/et_pb_row][\/et_pb_section][et_pb_section fb_built=&#8221;1&#8243; _builder_version=&#8221;4.16&#8243; global_colors_info=&#8221;{}&#8221;][et_pb_row _builder_version=&#8221;4.16&#8243; global_colors_info=&#8221;{}&#8221; column_structure=&#8221;2_5,3_5&#8243;][et_pb_column type=&#8221;2_5&#8243; _builder_version=&#8221;4.16&#8243; custom_padding=&#8221;|||&#8221; global_colors_info=&#8221;{}&#8221; custom_padding__hover=&#8221;|||&#8221;][et_pb_image src=&#8221;https:\/\/ns381463.ip-94-23-248.eu\/GroupeOne2016\/wordpress\/wp-content\/uploads\/2018\/11\/FGS_Logo-horizontal-1-001.jpg&#8221; url_new_window=&#8221;on&#8221; align_tablet=&#8221;center&#8221; align_last_edited=&#8221;on|desktop&#8221; _builder_version=&#8221;4.16&#8243; max_width=&#8221;71%&#8221; global_colors_info=&#8221;{}&#8221; align_phone=&#8221;center&#8221;]<br \/>\n[\/et_pb_image][\/et_pb_column][et_pb_column type=&#8221;3_5&#8243; _builder_version=&#8221;4.16&#8243; custom_padding=&#8221;|||&#8221; global_colors_info=&#8221;{}&#8221; custom_padding__hover=&#8221;|||&#8221;][et_pb_text admin_label=&#8221;MODELE-MODULE-TEXTE&#8221; _builder_version=&#8221;4.16&#8243; text_font=&#8221;Nunito||||||||&#8221; text_font_size=&#8221;18px&#8221; text_line_height=&#8221;30px&#8221; global_colors_info=&#8221;{}&#8221;]<\/p>\n<p>La Fondation pour les G\u00e9n\u00e9rations futures vous invite \u00e0 la rencontre de changemakers\u00a0: l\u2019occasion de vous inspirer de leur exp\u00e9rience dans diff\u00e9rents domaines, de r\u00e9seauter et d\u2019\u00e9voquer les changements soci\u00e9taux des 10 prochaines ann\u00e9es dans le secteur de l\u2019alimentation, du logement et de la finance.<\/p>\n<p><strong>Quand\u00a0? <\/strong>Lundi 10 d\u00e9cembre de 13h30 \u00e0 20h00.<\/p>\n<p><strong>O\u00f9\u00a0?<\/strong> Sur le site de Tour et Taxis, avenue du Port, 86 c\/3000 \u00e0 1000 Bruxelles \u2013 au BEL (b\u00e2timent de Bruxelles Environnement)<\/p>\n<p><strong>Programme et Inscriptions\u00a0<\/strong>: <a href=\"https:\/\/www.foundationfuturegenerations.org\/fr\/projet\/future-generations-summit\">ici\u00a0<\/a><\/p>\n<p>[\/et_pb_text][\/et_pb_column][\/et_pb_row][\/et_pb_section][et_pb_section fb_built=&#8221;1&#8243; custom_padding_last_edited=&#8221;on|phone&#8221; disabled_on=&#8221;on|on|off&#8221; admin_label=&#8221;newsletter&#8221; _builder_version=&#8221;4.10.8&#8243; background_image=&#8221;https:\/\/ns381463.ip-94-23-248.eu\/GroupeOne2016\/wordpress\/wp-content\/uploads\/2017\/10\/BG-INFOLETTRE-ALL-ELEMENTS.png&#8221; custom_padding=&#8221;0px|0px|0px|0px&#8221; custom_padding_tablet=&#8221;|||0px&#8221; custom_padding_phone=&#8221;&#8221; global_module=&#8221;119058&#8243; saved_tabs=&#8221;all&#8221; locked=&#8221;off&#8221; global_colors_info=&#8221;{}&#8221;][et_pb_row _builder_version=&#8221;4.16&#8243; custom_css_main_element=&#8221;display: -webkit-box;||display: -ms-flexbox;||display: flex;||-webkit-box-align: center;||-ms-flex-align: center;||align-items: center;||-webkit-box-orient: horizontal;||-webkit-box-direction: normal;||-ms-flex-direction: row;||flex-direction: row;||-ms-flex-wrap: wrap;||flex-wrap: wrap;&#8221; global_colors_info=&#8221;{}&#8221;][et_pb_column type=&#8221;4_4&#8243; _builder_version=&#8221;4.16&#8243; custom_padding=&#8221;|||&#8221; global_colors_info=&#8221;{}&#8221; custom_padding__hover=&#8221;|||&#8221;][et_pb_cta title=&#8221;Abonnez-vous \u00e0 la newsletter de l&#8217;entrepreneuriat durable&#8221; button_url=&#8221;http:\/\/eepurl.com\/deLILL&#8221; url_new_window=&#8221;on&#8221; button_text=&#8221;S&#8217;inscrire&#8221; _builder_version=&#8221;4.16&#8243; use_background_color=&#8221;off&#8221; custom_button=&#8221;on&#8221; button_text_size=&#8221;18px&#8221; button_bg_color=&#8221;#adbb39&#8243; button_border_width=&#8221;0px&#8221; button_border_radius=&#8221;100px&#8221; button_font=&#8221;Nunito|300|||||||&#8221; button_use_icon=&#8221;off&#8221; button_alignment=&#8221;center&#8221; custom_padding=&#8221;|||&#8221; custom_css_promo_button=&#8221;padding:10px !important;||width:200px;&#8221; button_border_radius_hover=&#8221;100px&#8221; global_colors_info=&#8221;{}&#8221; button_text_size__hover_enabled=&#8221;off&#8221; button_one_text_size__hover_enabled=&#8221;off&#8221; button_two_text_size__hover_enabled=&#8221;off&#8221; button_text_color__hover_enabled=&#8221;off&#8221; button_one_text_color__hover_enabled=&#8221;off&#8221; button_two_text_color__hover_enabled=&#8221;off&#8221; button_border_width__hover_enabled=&#8221;off&#8221; button_one_border_width__hover_enabled=&#8221;off&#8221; button_two_border_width__hover_enabled=&#8221;off&#8221; button_border_color__hover_enabled=&#8221;off&#8221; button_one_border_color__hover_enabled=&#8221;off&#8221; button_two_border_color__hover_enabled=&#8221;off&#8221; button_border_radius__hover_enabled=&#8221;on&#8221; button_border_radius__hover=&#8221;100px&#8221; button_one_border_radius__hover_enabled=&#8221;off&#8221; button_two_border_radius__hover_enabled=&#8221;off&#8221; button_letter_spacing__hover_enabled=&#8221;off&#8221; button_one_letter_spacing__hover_enabled=&#8221;off&#8221; button_two_letter_spacing__hover_enabled=&#8221;off&#8221; button_bg_color__hover_enabled=&#8221;off&#8221; button_one_bg_color__hover_enabled=&#8221;off&#8221; button_two_bg_color__hover_enabled=&#8221;off&#8221;][\/et_pb_cta][\/et_pb_column][\/et_pb_row][\/et_pb_section][et_pb_section fb_built=&#8221;1&#8243; custom_padding_last_edited=&#8221;on|phone&#8221; disabled_on=&#8221;off|off|on&#8221; admin_label=&#8221;newsletter&#8221; _builder_version=&#8221;4.8.2&#8243; background_image=&#8221;https:\/\/ns381463.ip-94-23-248.eu\/GroupeOne2016\/wordpress\/wp-content\/uploads\/2017\/10\/BG-NEWSLETTERS-2.png&#8221; custom_padding=&#8221;0px|0px|0px|0px&#8221; custom_padding_tablet=&#8221;|||0px&#8221; custom_padding_phone=&#8221;&#8221; link_option_url=&#8221;https:\/\/groupeone.us12.list-manage.com\/subscribe?u=4b8cae888f20720725a172884&#038;id=4ca247c289&#8243; global_module=&#8221;121907&#8243; saved_tabs=&#8221;all&#8221; global_colors_info=&#8221;{}&#8221;][\/et_pb_section]<\/p>\n","protected":false},"excerpt":{"rendered":"<p>La Fondation pour les G\u00e9n\u00e9rations futures vous invite \u00e0 la rencontre de changemakers\u00a0: l\u2019occasion de vous inspirer de leur exp\u00e9rience dans diff\u00e9rents domaines, de r\u00e9seauter et d\u2019\u00e9voquer les changements soci\u00e9taux [&hellip;]<\/p>\n","protected":false},"author":14,"featured_media":125508,"comment_status":"open","ping_status":"open","sticky":false,"template":"","format":"standard","meta":{"_et_pb_use_builder":"on","_et_pb_old_content":"","_et_gb_content_width":""},"categories":[87],"tags":[],"yoast_head":"<!-- This site is optimized with the Yoast SEO plugin v19.13 - https:\/\/yoast.com\/wordpress\/plugins\/seo\/ -->\n<title>10 d\u00e9cembre \u2013 Future Generations Summit - Groupe One<\/title>\n<meta name=\"robots\" content=\"index, follow, max-snippet:-1, max-image-preview:large, max-video-preview:-1\" \/>\n<link rel=\"canonical\" href=\"https:\/\/ns381463.ip-94-23-248.eu\/GroupeOne2016\/wordpress\/10-decembre-future-generations-summit\/\" \/>\n<meta property=\"og:locale\" content=\"fr_FR\" \/>\n<meta property=\"og:type\" content=\"article\" \/>\n<meta property=\"og:title\" content=\"10 d\u00e9cembre \u2013 Future Generations Summit - Groupe One\" \/>\n<meta property=\"og:description\" content=\"La Fondation pour les G\u00e9n\u00e9rations futures vous invite \u00e0 la rencontre de changemakers\u00a0: l\u2019occasion de vous inspirer de leur exp\u00e9rience dans diff\u00e9rents domaines, de r\u00e9seauter et d\u2019\u00e9voquer les changements soci\u00e9taux [&hellip;]\" \/>\n<meta property=\"og:url\" content=\"https:\/\/ns381463.ip-94-23-248.eu\/GroupeOne2016\/wordpress\/10-decembre-future-generations-summit\/\" \/>\n<meta property=\"og:site_name\" content=\"Groupe One\" \/>\n<meta property=\"article:published_time\" content=\"2018-11-20T13:41:38+00:00\" \/>\n<meta property=\"article:modified_time\" content=\"2023-01-06T09:42:27+00:00\" \/>\n<meta property=\"og:image\" content=\"https:\/\/ns381463.ip-94-23-248.eu\/GroupeOne2016\/wordpress\/wp-content\/uploads\/2018\/11\/FGS_Logo-horizontal-1-001-e1542816021834.jpg\" \/>\n\t<meta property=\"og:image:width\" content=\"850\" \/>\n\t<meta property=\"og:image:height\" content=\"850\" \/>\n\t<meta property=\"og:image:type\" content=\"image\/jpeg\" \/>\n<meta name=\"author\" content=\"Justine de Montlivault\" \/>\n<meta name=\"twitter:card\" content=\"summary_large_image\" \/>\n<meta name=\"twitter:label1\" content=\"\u00c9crit par\" \/>\n\t<meta name=\"twitter:data1\" content=\"Justine de Montlivault\" \/>\n\t<meta name=\"twitter:label2\" content=\"Dur\u00e9e de lecture estim\u00e9e\" \/>\n\t<meta name=\"twitter:data2\" content=\"2 minutes\" \/>\n<script type=\"application\/ld+json\" class=\"yoast-schema-graph\">{\"@context\":\"https:\/\/schema.org\",\"@graph\":[{\"@type\":\"WebPage\",\"@id\":\"https:\/\/ns381463.ip-94-23-248.eu\/GroupeOne2016\/wordpress\/10-decembre-future-generations-summit\/\",\"url\":\"https:\/\/ns381463.ip-94-23-248.eu\/GroupeOne2016\/wordpress\/10-decembre-future-generations-summit\/\",\"name\":\"10 d\u00e9cembre \u2013 Future Generations Summit - Groupe One\",\"isPartOf\":{\"@id\":\"https:\/\/ns381463.ip-94-23-248.eu\/GroupeOne2016\/wordpress\/#website\"},\"datePublished\":\"2018-11-20T13:41:38+00:00\",\"dateModified\":\"2023-01-06T09:42:27+00:00\",\"author\":{\"@id\":\"https:\/\/ns381463.ip-94-23-248.eu\/GroupeOne2016\/wordpress\/#\/schema\/person\/8bcb6e90f26a897df78b177a4b54480a\"},\"breadcrumb\":{\"@id\":\"https:\/\/ns381463.ip-94-23-248.eu\/GroupeOne2016\/wordpress\/10-decembre-future-generations-summit\/#breadcrumb\"},\"inLanguage\":\"fr-FR\",\"potentialAction\":[{\"@type\":\"ReadAction\",\"target\":[\"https:\/\/ns381463.ip-94-23-248.eu\/GroupeOne2016\/wordpress\/10-decembre-future-generations-summit\/\"]}]},{\"@type\":\"BreadcrumbList\",\"@id\":\"https:\/\/ns381463.ip-94-23-248.eu\/GroupeOne2016\/wordpress\/10-decembre-future-generations-summit\/#breadcrumb\",\"itemListElement\":[{\"@type\":\"ListItem\",\"position\":1,\"name\":\"Accueil\",\"item\":\"https:\/\/ns381463.ip-94-23-248.eu\/GroupeOne2016\/wordpress\/\"},{\"@type\":\"ListItem\",\"position\":2,\"name\":\"10 d\u00e9cembre \u2013 Future Generations Summit\"}]},{\"@type\":\"WebSite\",\"@id\":\"https:\/\/ns381463.ip-94-23-248.eu\/GroupeOne2016\/wordpress\/#website\",\"url\":\"https:\/\/ns381463.ip-94-23-248.eu\/GroupeOne2016\/wordpress\/\",\"name\":\"Groupe One\",\"description\":\"Groupe One est une organisation belge qui facilite la transition vers une \u00e9conomie durable. Elle est active \u00e0 Bruxelles et en Wallonie.\",\"potentialAction\":[{\"@type\":\"SearchAction\",\"target\":{\"@type\":\"EntryPoint\",\"urlTemplate\":\"https:\/\/ns381463.ip-94-23-248.eu\/GroupeOne2016\/wordpress\/?s={search_term_string}\"},\"query-input\":\"required name=search_term_string\"}],\"inLanguage\":\"fr-FR\"},{\"@type\":\"Person\",\"@id\":\"https:\/\/ns381463.ip-94-23-248.eu\/GroupeOne2016\/wordpress\/#\/schema\/person\/8bcb6e90f26a897df78b177a4b54480a\",\"name\":\"Justine de Montlivault\",\"image\":{\"@type\":\"ImageObject\",\"inLanguage\":\"fr-FR\",\"@id\":\"https:\/\/ns381463.ip-94-23-248.eu\/GroupeOne2016\/wordpress\/#\/schema\/person\/image\/\",\"url\":\"https:\/\/secure.gravatar.com\/avatar\/7c08e52f5be53f14efcdd69f917dfd51?s=96&d=mm&r=g\",\"contentUrl\":\"https:\/\/secure.gravatar.com\/avatar\/7c08e52f5be53f14efcdd69f917dfd51?s=96&d=mm&r=g\",\"caption\":\"Justine de Montlivault\"},\"url\":\"https:\/\/ns381463.ip-94-23-248.eu\/GroupeOne2016\/wordpress\/author\/g1-justine\/\"}]}<\/script>\n<!-- \/ Yoast SEO plugin. -->","yoast_head_json":{"title":"10 d\u00e9cembre \u2013 Future Generations Summit - Groupe One","robots":{"index":"index","follow":"follow","max-snippet":"max-snippet:-1","max-image-preview":"max-image-preview:large","max-video-preview":"max-video-preview:-1"},"canonical":"https:\/\/ns381463.ip-94-23-248.eu\/GroupeOne2016\/wordpress\/10-decembre-future-generations-summit\/","og_locale":"fr_FR","og_type":"article","og_title":"10 d\u00e9cembre \u2013 Future Generations Summit - Groupe One","og_description":"La Fondation pour les G\u00e9n\u00e9rations futures vous invite \u00e0 la rencontre de changemakers\u00a0: l\u2019occasion de vous inspirer de leur exp\u00e9rience dans diff\u00e9rents domaines, de r\u00e9seauter et d\u2019\u00e9voquer les changements soci\u00e9taux [&hellip;]","og_url":"https:\/\/ns381463.ip-94-23-248.eu\/GroupeOne2016\/wordpress\/10-decembre-future-generations-summit\/","og_site_name":"Groupe One","article_published_time":"2018-11-20T13:41:38+00:00","article_modified_time":"2023-01-06T09:42:27+00:00","og_image":[{"width":850,"height":850,"url":"https:\/\/ns381463.ip-94-23-248.eu\/GroupeOne2016\/wordpress\/wp-content\/uploads\/2018\/11\/FGS_Logo-horizontal-1-001-e1542816021834.jpg","type":"image\/jpeg"}],"author":"Justine de Montlivault","twitter_card":"summary_large_image","twitter_misc":{"\u00c9crit par":"Justine de Montlivault","Dur\u00e9e de lecture estim\u00e9e":"2 minutes"},"schema":{"@context":"https:\/\/schema.org","@graph":[{"@type":"WebPage","@id":"https:\/\/ns381463.ip-94-23-248.eu\/GroupeOne2016\/wordpress\/10-decembre-future-generations-summit\/","url":"https:\/\/ns381463.ip-94-23-248.eu\/GroupeOne2016\/wordpress\/10-decembre-future-generations-summit\/","name":"10 d\u00e9cembre \u2013 Future Generations Summit - Groupe One","isPartOf":{"@id":"https:\/\/ns381463.ip-94-23-248.eu\/GroupeOne2016\/wordpress\/#website"},"datePublished":"2018-11-20T13:41:38+00:00","dateModified":"2023-01-06T09:42:27+00:00","author":{"@id":"https:\/\/ns381463.ip-94-23-248.eu\/GroupeOne2016\/wordpress\/#\/schema\/person\/8bcb6e90f26a897df78b177a4b54480a"},"breadcrumb":{"@id":"https:\/\/ns381463.ip-94-23-248.eu\/GroupeOne2016\/wordpress\/10-decembre-future-generations-summit\/#breadcrumb"},"inLanguage":"fr-FR","potentialAction":[{"@type":"ReadAction","target":["https:\/\/ns381463.ip-94-23-248.eu\/GroupeOne2016\/wordpress\/10-decembre-future-generations-summit\/"]}]},{"@type":"BreadcrumbList","@id":"https:\/\/ns381463.ip-94-23-248.eu\/GroupeOne2016\/wordpress\/10-decembre-future-generations-summit\/#breadcrumb","itemListElement":[{"@type":"ListItem","position":1,"name":"Accueil","item":"https:\/\/ns381463.ip-94-23-248.eu\/GroupeOne2016\/wordpress\/"},{"@type":"ListItem","position":2,"name":"10 d\u00e9cembre \u2013 Future Generations Summit"}]},{"@type":"WebSite","@id":"https:\/\/ns381463.ip-94-23-248.eu\/GroupeOne2016\/wordpress\/#website","url":"https:\/\/ns381463.ip-94-23-248.eu\/GroupeOne2016\/wordpress\/","name":"Groupe One","description":"Groupe One est une organisation belge qui facilite la transition vers une \u00e9conomie durable. Elle est active \u00e0 Bruxelles et en Wallonie.","potentialAction":[{"@type":"SearchAction","target":{"@type":"EntryPoint","urlTemplate":"https:\/\/ns381463.ip-94-23-248.eu\/GroupeOne2016\/wordpress\/?s={search_term_string}"},"query-input":"required name=search_term_string"}],"inLanguage":"fr-FR"},{"@type":"Person","@id":"https:\/\/ns381463.ip-94-23-248.eu\/GroupeOne2016\/wordpress\/#\/schema\/person\/8bcb6e90f26a897df78b177a4b54480a","name":"Justine de Montlivault","image":{"@type":"ImageObject","inLanguage":"fr-FR","@id":"https:\/\/ns381463.ip-94-23-248.eu\/GroupeOne2016\/wordpress\/#\/schema\/person\/image\/","url":"https:\/\/secure.gravatar.com\/avatar\/7c08e52f5be53f14efcdd69f917dfd51?s=96&d=mm&r=g","contentUrl":"https:\/\/secure.gravatar.com\/avatar\/7c08e52f5be53f14efcdd69f917dfd51?s=96&d=mm&r=g","caption":"Justine de Montlivault"},"url":"https:\/\/ns381463.ip-94-23-248.eu\/GroupeOne2016\/wordpress\/author\/g1-justine\/"}]}},"_links":{"self":[{"href":"https:\/\/ns381463.ip-94-23-248.eu\/GroupeOne2016\/wordpress\/wp-json\/wp\/v2\/posts\/125620"}],"collection":[{"href":"https:\/\/ns381463.ip-94-23-248.eu\/GroupeOne2016\/wordpress\/wp-json\/wp\/v2\/posts"}],"about":[{"href":"https:\/\/ns381463.ip-94-23-248.eu\/GroupeOne2016\/wordpress\/wp-json\/wp\/v2\/types\/post"}],"author":[{"embeddable":true,"href":"https:\/\/ns381463.ip-94-23-248.eu\/GroupeOne2016\/wordpress\/wp-json\/wp\/v2\/users\/14"}],"replies":[{"embeddable":true,"href":"https:\/\/ns381463.ip-94-23-248.eu\/GroupeOne2016\/wordpress\/wp-json\/wp\/v2\/comments?post=125620"}],"version-history":[{"count":13,"href":"https:\/\/ns381463.ip-94-23-248.eu\/GroupeOne2016\/wordpress\/wp-json\/wp\/v2\/posts\/125620\/revisions"}],"predecessor-version":[{"id":131998,"href":"https:\/\/ns381463.ip-94-23-248.eu\/GroupeOne2016\/wordpress\/wp-json\/wp\/v2\/posts\/125620\/revisions\/131998"}],"wp:featuredmedia":[{"embeddable":true,"href":"https:\/\/ns381463.ip-94-23-248.eu\/GroupeOne2016\/wordpress\/wp-json\/wp\/v2\/media\/125508"}],"wp:attachment":[{"href":"https:\/\/ns381463.ip-94-23-248.eu\/GroupeOne2016\/wordpress\/wp-json\/wp\/v2\/media?parent=125620"}],"wp:term":[{"taxonomy":"category","embeddable":true,"href":"https:\/\/ns381463.ip-94-23-248.eu\/GroupeOne2016\/wordpress\/wp-json\/wp\/v2\/categories?post=125620"},{"taxonomy":"post_tag","embeddable":true,"href":"https:\/\/ns381463.ip-94-23-248.eu\/GroupeOne2016\/wordpress\/wp-json\/wp\/v2\/tags?post=125620"}],"curies":[{"name":"wp","href":"https:\/\/api.w.org\/{rel}","templated":true}]}}