{"id":124907,"date":"2018-05-07T08:15:27","date_gmt":"2018-05-07T06:15:27","guid":{"rendered":"https:\/\/ns381463.ip-94-23-248.eu\/GroupeOne2016\/wordpress\/?p=124907"},"modified":"2023-01-06T10:43:16","modified_gmt":"2023-01-06T09:43:16","slug":"le-commune-de-lessines-en-mouvement","status":"publish","type":"post","link":"https:\/\/ns381463.ip-94-23-248.eu\/GroupeOne2016\/wordpress\/le-commune-de-lessines-en-mouvement\/","title":{"rendered":"Le commune de Lessines en mouvement"},"content":{"rendered":"<p>[et_pb_section fb_built=&#8221;1&#8243; _builder_version=&#8221;4.16&#8243; background_image=&#8221;https:\/\/ns381463.ip-94-23-248.eu\/GroupeOne2016\/wordpress\/wp-content\/uploads\/2018\/01\/ENTRE-NOUS-POST-BANNER-1920&#215;400.jpg&#8221; custom_padding=&#8221;|||0px&#8221; global_colors_info=&#8221;{}&#8221;][et_pb_row _builder_version=&#8221;4.16&#8243; background_size=&#8221;initial&#8221; background_position=&#8221;top_left&#8221; background_repeat=&#8221;repeat&#8221; custom_padding=&#8221;|||20px&#8221; custom_width_px=&#8221;2600px&#8221; global_colors_info=&#8221;{}&#8221;][et_pb_column type=&#8221;4_4&#8243; _builder_version=&#8221;4.16&#8243; custom_padding=&#8221;|||&#8221; global_colors_info=&#8221;{}&#8221; custom_padding__hover=&#8221;|||&#8221;][et_pb_post_title author=&#8221;off&#8221; date_format=&#8221;M j Y&#8221; comments=&#8221;off&#8221; featured_image=&#8221;off&#8221; _builder_version=&#8221;4.16&#8243; title_font=&#8221;|700|||||||&#8221; title_text_color=&#8221;#ffffff&#8221; title_font_size=&#8221;34px&#8221; meta_font=&#8221;|||on|||||&#8221; meta_text_color=&#8221;#ffffff&#8221; meta_letter_spacing=&#8221;1px&#8221; global_colors_info=&#8221;{}&#8221;]&nbsp;<br \/>\n[\/et_pb_post_title][\/et_pb_column][\/et_pb_row][\/et_pb_section][et_pb_section fb_built=&#8221;1&#8243; _builder_version=&#8221;4.16&#8243; custom_padding=&#8221;|||0px&#8221; global_colors_info=&#8221;{}&#8221;][et_pb_row _builder_version=&#8221;4.16&#8243; background_size=&#8221;initial&#8221; background_position=&#8221;top_left&#8221; background_repeat=&#8221;repeat&#8221; custom_margin=&#8221;|||&#8221; custom_padding=&#8221;0px|||0px&#8221; locked=&#8221;off&#8221; global_colors_info=&#8221;{}&#8221;][et_pb_column type=&#8221;4_4&#8243; _builder_version=&#8221;4.16&#8243; custom_padding=&#8221;|||&#8221; global_colors_info=&#8221;{}&#8221; custom_padding__hover=&#8221;|||&#8221;][et_pb_text admin_label=&#8221;MODELE-TITRE-H1&#8243; _builder_version=&#8221;4.16&#8243; text_font=&#8221;|300|||||||&#8221; header_2_font=&#8221;H3 Tisa OT Medium 24|500|||||||&#8221; header_2_font_size=&#8221;36px&#8221; custom_padding=&#8221;|||20px&#8221; custom_css_after=&#8221;content:url(%22https:\/\/ns381463.ip-94-23-248.eu\/GroupeOne2016\/wordpress\/wp-content\/uploads\/2017\/10\/TITLE-AFTER.png%22);||positiion:absolute;||margin-left:-40px;&#8221; global_colors_info=&#8221;{}&#8221;]<\/p>\n<h2>Booster l&#8217;entrepreneuriat local !<\/h2>\n<p>[\/et_pb_text][et_pb_blurb image_icon_width=&#8221;73%&#8221; content_max_width=&#8221;1035px&#8221; _builder_version=&#8221;4.16&#8243; header_level=&#8221;h2&#8243; header_font=&#8221;|600|||||||&#8221; body_font=&#8221;||||||||&#8221; body_text_color=&#8221;#adbb39&#8243; body_font_size=&#8221;18px&#8221; body_line_height=&#8221;30px&#8221; max_width=&#8221;76%&#8221; custom_padding=&#8221;|||30px&#8221; custom_padding_tablet=&#8221;|||&#8221; custom_padding_phone=&#8221;&#8221; custom_padding_last_edited=&#8221;on|phone&#8221; image_max_width=&#8221;73%&#8221; global_colors_info=&#8221;{}&#8221;]<\/p>\n<p><strong>Lessines, le commerce de proximit\u00e9 et l\u2019activit\u00e9 \u00e9conomique locale ne sont pas morts !<\/strong><\/p>\n<p><strong>Pendant un an, la Commune de Lessines, l\u2019asbl Actions D\u00e9veloppement Local (ADL) et Groupe One vont tout faire pour booster l\u2019entrepreneuriat local\u00a0!<\/strong><\/p>\n<p>[\/et_pb_blurb][et_pb_blurb image_icon_width=&#8221;73%&#8221; content_max_width=&#8221;1035px&#8221; _builder_version=&#8221;4.16&#8243; header_level=&#8221;h2&#8243; header_font=&#8221;|600|||||||&#8221; body_font=&#8221;||||||||&#8221; body_font_size=&#8221;18px&#8221; body_line_height=&#8221;30px&#8221; max_width=&#8221;76%&#8221; custom_padding=&#8221;|||30px&#8221; image_max_width=&#8221;73%&#8221; global_colors_info=&#8221;{}&#8221;]<\/p>\n<p>Lessines, commune rurale regroupant autour d\u2019elle sept villages, est situ\u00e9e au nord de la province du Hainaut en bordure de la province de Flandre orientale.<\/p>\n<p>Forte de 18500 habitants, 70% de ses 72 km\u00b2 sont occup\u00e9s par de l\u2019activit\u00e9 agricole.<\/p>\n<p>Lessines c\u2019est aussi une histoire riche d\u2019entrepreneurs avec notamment les carri\u00e8res de porphyre et le patrimoine exceptionnel qu\u2019est l\u2019h\u00f4pital Notre-Dames \u00e0 la Rose fond\u00e9 en 1242.<\/p>\n<p><strong>Mais Lessines aujourd\u2019hui, c\u2019est avant tout les lessinois qui regorgent de potentiel pour le futur de leur ville et de leur territoire. C\u2019est eux qui sont au c\u0153ur de ce projet de redynamisation \u00e9conomique.<\/strong><\/p>\n<p>L\u2019entrepreneuriat est une dynamique qui d\u00e9passe de loin la cr\u00e9ation individuelle d\u2019une activit\u00e9 ou d\u2019un commerce. A Lessines, c\u2019est tout un \u00e9cosyst\u00e8me \u00e9conomique qui se met en mouvement.<\/p>\n<p>Plusieurs niveaux d\u2019actions sont lanc\u00e9s et s\u2019interconnectent.<\/p>\n<p>[\/et_pb_blurb][\/et_pb_column][\/et_pb_row][et_pb_row _builder_version=&#8221;4.16&#8243; global_colors_info=&#8221;{}&#8221;][et_pb_column type=&#8221;4_4&#8243; _builder_version=&#8221;4.16&#8243; custom_padding=&#8221;|||&#8221; global_colors_info=&#8221;{}&#8221; custom_padding__hover=&#8221;|||&#8221;][et_pb_image src=&#8221;https:\/\/ns381463.ip-94-23-248.eu\/GroupeOne2016\/wordpress\/wp-content\/uploads\/2018\/05\/popupstore_Lessines.jpg&#8221; align_tablet=&#8221;center&#8221; align_last_edited=&#8221;on|desktop&#8221; _builder_version=&#8221;4.16&#8243; max_width=&#8221;53%&#8221; module_alignment=&#8221;center&#8221; global_colors_info=&#8221;{}&#8221; align_phone=&#8221;center&#8221;]&nbsp;<br \/>\n[\/et_pb_image][\/et_pb_column][\/et_pb_row][et_pb_row _builder_version=&#8221;4.16&#8243; background_size=&#8221;initial&#8221; background_position=&#8221;top_left&#8221; background_repeat=&#8221;repeat&#8221; custom_margin=&#8221;|||&#8221; custom_padding=&#8221;0px|||0px&#8221; locked=&#8221;off&#8221; global_colors_info=&#8221;{}&#8221;][et_pb_column type=&#8221;4_4&#8243; _builder_version=&#8221;4.16&#8243; custom_padding=&#8221;|||&#8221; global_colors_info=&#8221;{}&#8221; custom_padding__hover=&#8221;|||&#8221;][et_pb_text admin_label=&#8221;MODELE-TITRE-H1&#8243; _builder_version=&#8221;4.16&#8243; text_font=&#8221;|300|||||||&#8221; header_2_font=&#8221;H3 Tisa OT Medium 24|500|||||||&#8221; header_2_font_size=&#8221;36px&#8221; custom_padding=&#8221;|||20px&#8221; custom_css_after=&#8221;content:url(%22https:\/\/ns381463.ip-94-23-248.eu\/GroupeOne2016\/wordpress\/wp-content\/uploads\/2017\/10\/TITLE-AFTER.png%22);||positiion:absolute;||margin-left:-40px;&#8221; global_colors_info=&#8221;{}&#8221;]<\/p>\n<h2>Donner le go\u00fbt \u00e0 l&#8217;entrepreneuriat<\/h2>\n<p>[\/et_pb_text][et_pb_blurb image_icon_width=&#8221;73%&#8221; content_max_width=&#8221;1035px&#8221; _builder_version=&#8221;4.16&#8243; header_level=&#8221;h2&#8243; header_font=&#8221;|600|||||||&#8221; body_font=&#8221;||||||||&#8221; body_font_size=&#8221;18px&#8221; body_line_height=&#8221;30px&#8221; max_width=&#8221;76%&#8221; custom_padding=&#8221;|||30px&#8221; image_max_width=&#8221;73%&#8221; global_colors_info=&#8221;{}&#8221;]<\/p>\n<p>Des <strong>actions de sensibilisation dans les trois \u00e9coles<\/strong> de l\u2019entit\u00e9 en ann\u00e9es terminales. Pour cela, rien de tel que de le faire s\u00e9rieusement tout en s\u2019amusant gr\u00e2ce \u00e0 l&#8217;outil ludique <a href=\"https:\/\/ns381463.ip-94-23-248.eu\/GroupeOne2016\/wordpress\/jeunes\/jentreprendsatschool\/\">\u00ab\u00a0J\u2019entreprends @ School \u00bb<\/a> sur l\u2019entrepreneuriat d\u00e9velopp\u00e9 par Groupe One.<\/p>\n<p>Si certains \u00e9l\u00e8ves souhaitent se lancer dans l&#8217;aventure entrepreneuriale en fin d\u2019ann\u00e9e scolaire, ils b\u00e9n\u00e9ficieront d\u2019un accompagnement personnalis\u00e9 avec les coachs de Groupe One.<\/p>\n<p>[\/et_pb_blurb][\/et_pb_column][\/et_pb_row][et_pb_row _builder_version=&#8221;4.16&#8243; background_size=&#8221;initial&#8221; background_position=&#8221;top_left&#8221; background_repeat=&#8221;repeat&#8221; custom_margin=&#8221;|||&#8221; custom_padding=&#8221;0|||0px|false|false&#8221; locked=&#8221;off&#8221; global_colors_info=&#8221;{}&#8221;][et_pb_column type=&#8221;4_4&#8243; _builder_version=&#8221;4.16&#8243; custom_padding=&#8221;|||&#8221; global_colors_info=&#8221;{}&#8221; custom_padding__hover=&#8221;|||&#8221;][et_pb_text admin_label=&#8221;MODELE-TITRE-H1&#8243; _builder_version=&#8221;4.16&#8243; text_font=&#8221;|300|||||||&#8221; header_2_font=&#8221;H3 Tisa OT Medium 24|500|||||||&#8221; header_2_font_size=&#8221;36px&#8221; custom_padding=&#8221;|||20px&#8221; custom_css_after=&#8221;content:url(%22https:\/\/ns381463.ip-94-23-248.eu\/GroupeOne2016\/wordpress\/wp-content\/uploads\/2017\/10\/TITLE-AFTER.png%22);||positiion:absolute;||margin-left:-40px;&#8221; global_colors_info=&#8221;{}&#8221;]<\/p>\n<h2>De l\u2019information de qualit\u00e9 pour tous\u00a0!<\/h2>\n<p>[\/et_pb_text][et_pb_blurb image_icon_width=&#8221;73%&#8221; content_max_width=&#8221;1035px&#8221; _builder_version=&#8221;4.16&#8243; header_level=&#8221;h2&#8243; header_font=&#8221;|600|||||||&#8221; body_font=&#8221;||||||||&#8221; body_font_size=&#8221;18px&#8221; body_line_height=&#8221;30px&#8221; max_width=&#8221;76%&#8221; custom_padding=&#8221;|||30px&#8221; image_max_width=&#8221;73%&#8221; global_colors_info=&#8221;{}&#8221;]<\/p>\n<p>Afin de savoir comment devenir entrepreneur et quels en sont les \u00e9l\u00e9ments les plus importants, plusieurs <strong>s\u00e9ances d\u2019information<\/strong> d\u2019une demi-journ\u00e9e ouvertes \u00e0 tous permettent de comprendre le cadre d\u2019accompagnement \u00e0 la cr\u00e9ation d\u2019entreprise propos\u00e9 par Groupe One mais aussi d\u2019int\u00e9grer des donn\u00e9es essentielles qui rythment la vie des entrepreneurs et des entreprises.<\/p>\n<p>[\/et_pb_blurb][\/et_pb_column][\/et_pb_row][et_pb_row _builder_version=&#8221;4.16&#8243; global_colors_info=&#8221;{}&#8221;][et_pb_column type=&#8221;4_4&#8243; _builder_version=&#8221;4.16&#8243; custom_padding=&#8221;|||&#8221; global_colors_info=&#8221;{}&#8221; custom_padding__hover=&#8221;|||&#8221;][et_pb_image src=&#8221;https:\/\/ns381463.ip-94-23-248.eu\/GroupeOne2016\/wordpress\/wp-content\/uploads\/2018\/05\/popupstore_Lessines2.jpg&#8221; align_tablet=&#8221;center&#8221; align_last_edited=&#8221;on|desktop&#8221; _builder_version=&#8221;4.16&#8243; max_width=&#8221;51%&#8221; module_alignment=&#8221;center&#8221; global_colors_info=&#8221;{}&#8221; align_phone=&#8221;center&#8221;]&nbsp;<br \/>\n[\/et_pb_image][\/et_pb_column][\/et_pb_row][et_pb_row _builder_version=&#8221;4.16&#8243; background_size=&#8221;initial&#8221; background_position=&#8221;top_left&#8221; background_repeat=&#8221;repeat&#8221; custom_margin=&#8221;|||&#8221; custom_padding=&#8221;0|||0px|false|false&#8221; locked=&#8221;off&#8221; global_colors_info=&#8221;{}&#8221;][et_pb_column type=&#8221;4_4&#8243; _builder_version=&#8221;4.16&#8243; custom_padding=&#8221;|||&#8221; global_colors_info=&#8221;{}&#8221; custom_padding__hover=&#8221;|||&#8221;][et_pb_text admin_label=&#8221;MODELE-TITRE-H1&#8243; _builder_version=&#8221;4.16&#8243; text_font=&#8221;|300|||||||&#8221; header_2_font=&#8221;H3 Tisa OT Medium 24|500|||||||&#8221; header_2_font_size=&#8221;36px&#8221; custom_padding=&#8221;|||20px&#8221; custom_css_after=&#8221;content:url(%22https:\/\/ns381463.ip-94-23-248.eu\/GroupeOne2016\/wordpress\/wp-content\/uploads\/2017\/10\/TITLE-AFTER.png%22);||positiion:absolute;||margin-left:-40px;&#8221; global_colors_info=&#8221;{}&#8221;]<\/p>\n<h2>De l\u2019accompagnement sur site\u00a0!<\/h2>\n<p>[\/et_pb_text][et_pb_blurb image_icon_width=&#8221;73%&#8221; content_max_width=&#8221;1035px&#8221; _builder_version=&#8221;4.16&#8243; header_level=&#8221;h2&#8243; header_font=&#8221;|600|||||||&#8221; body_font=&#8221;||||||||&#8221; body_font_size=&#8221;18px&#8221; body_line_height=&#8221;30px&#8221; max_width=&#8221;76%&#8221; custom_padding=&#8221;|||30px&#8221; image_max_width=&#8221;73%&#8221; global_colors_info=&#8221;{}&#8221;]<\/p>\n<p>Le mot d\u2019ordre est bien de travailler localement. C\u2019est pourquoi les accompagnements des candidats entrepreneurs sont r\u00e9alis\u00e9s au c\u0153ur de Lessines.\u00a0 Favoriser l\u2019accessibilit\u00e9 et minimiser les co\u00fbts et le temps de d\u00e9placement rentrent dans la r\u00e9flexion globale durable li\u00e9e \u00e0 ce projet et aux m\u00e9thodes de travail de Groupe One.<\/p>\n<p>[\/et_pb_blurb][\/et_pb_column][\/et_pb_row][et_pb_row _builder_version=&#8221;4.16&#8243; background_size=&#8221;initial&#8221; background_position=&#8221;top_left&#8221; background_repeat=&#8221;repeat&#8221; custom_margin=&#8221;|||&#8221; custom_padding=&#8221;0|||0px|false|false&#8221; locked=&#8221;off&#8221; global_colors_info=&#8221;{}&#8221;][et_pb_column type=&#8221;4_4&#8243; _builder_version=&#8221;4.16&#8243; custom_padding=&#8221;|||&#8221; global_colors_info=&#8221;{}&#8221; custom_padding__hover=&#8221;|||&#8221;][et_pb_text admin_label=&#8221;MODELE-TITRE-H1&#8243; _builder_version=&#8221;4.16&#8243; text_font=&#8221;|300|||||||&#8221; header_2_font=&#8221;H3 Tisa OT Medium 24|500|||||||&#8221; header_2_font_size=&#8221;36px&#8221; custom_padding=&#8221;|||20px&#8221; custom_css_after=&#8221;content:url(%22https:\/\/ns381463.ip-94-23-248.eu\/GroupeOne2016\/wordpress\/wp-content\/uploads\/2017\/10\/TITLE-AFTER.png%22);||positiion:absolute;||margin-left:-40px;&#8221; global_colors_info=&#8221;{}&#8221;]<\/p>\n<h2>Des besoins et des opportunit\u00e9s\u00a0!<\/h2>\n<p>[\/et_pb_text][et_pb_blurb image_icon_width=&#8221;73%&#8221; content_max_width=&#8221;1035px&#8221; _builder_version=&#8221;4.16&#8243; header_level=&#8221;h2&#8243; header_font=&#8221;|600|||||||&#8221; body_font=&#8221;||||||||&#8221; body_font_size=&#8221;18px&#8221; body_line_height=&#8221;30px&#8221; max_width=&#8221;76%&#8221; custom_padding=&#8221;|||30px&#8221; image_max_width=&#8221;73%&#8221; global_colors_info=&#8221;{}&#8221;]<\/p>\n<p>Ce travail d\u2019animation \u00e9conomique repose sur <strong>l\u2019analyse des besoins locaux et des ressources du territoire<\/strong> pour y r\u00e9pondre. Un des axes prioritaires est celui de <strong>l\u2019alimentation.<\/strong><\/p>\n<p>Cette m\u00e9thode permet de sugg\u00e9rer des pistes entrepreneuriales et des synergies \u00e0 d\u00e9velopper avec les commer\u00e7ants et entrepreneurs d\u00e9j\u00e0 en place sur l\u2019ensemble du territoire de l\u2019entit\u00e9.<\/p>\n<p>Ainsi des fili\u00e8res locales pourront \u00eatre encourag\u00e9es et soutenues, comme celle de la fourche \u00e0 la fourchette.<\/p>\n<p>[\/et_pb_blurb][\/et_pb_column][\/et_pb_row][et_pb_row _builder_version=&#8221;4.16&#8243; background_size=&#8221;initial&#8221; background_position=&#8221;top_left&#8221; background_repeat=&#8221;repeat&#8221; custom_margin=&#8221;|||&#8221; custom_padding=&#8221;0|||0px|false|false&#8221; locked=&#8221;off&#8221; global_colors_info=&#8221;{}&#8221;][et_pb_column type=&#8221;4_4&#8243; _builder_version=&#8221;4.16&#8243; custom_padding=&#8221;|||&#8221; global_colors_info=&#8221;{}&#8221; custom_padding__hover=&#8221;|||&#8221;][et_pb_text admin_label=&#8221;MODELE-TITRE-H1&#8243; _builder_version=&#8221;4.16&#8243; text_font=&#8221;|300|||||||&#8221; header_2_font=&#8221;H3 Tisa OT Medium 24|500|||||||&#8221; header_2_font_size=&#8221;36px&#8221; custom_padding=&#8221;|||20px&#8221; custom_css_after=&#8221;content:url(%22https:\/\/ns381463.ip-94-23-248.eu\/GroupeOne2016\/wordpress\/wp-content\/uploads\/2017\/10\/TITLE-AFTER.png%22);||positiion:absolute;||margin-left:-40px;&#8221; global_colors_info=&#8221;{}&#8221;]<\/p>\n<h2>Des cellules vides au pop-up store\u00a0!<\/h2>\n<p>[\/et_pb_text][et_pb_blurb image_icon_width=&#8221;73%&#8221; content_max_width=&#8221;1035px&#8221; _builder_version=&#8221;4.16&#8243; header_level=&#8221;h2&#8243; header_font=&#8221;|600|||||||&#8221; body_font=&#8221;||||||||&#8221; body_font_size=&#8221;18px&#8221; body_line_height=&#8221;30px&#8221; max_width=&#8221;76%&#8221; custom_padding=&#8221;|||30px&#8221; image_max_width=&#8221;73%&#8221; global_colors_info=&#8221;{}&#8221;]<\/p>\n<p>Comme beaucoup de ville, Lessines fait face \u00e0 un c\u0153ur de ville commercial clairsem\u00e9. Des cellules de commerce sont vides. Mais ce constat est aussi une opportunit\u00e9 pour y r\u00e9pondre en permettant le d\u00e9veloppement de nouveaux commerces cibl\u00e9s sur les besoins de la population locale.<\/p>\n<p><strong>Un grand pop-up store vient d\u2019\u00eatre cr\u00e9\u00e9 et accueille 5 activit\u00e9s \u00e9conomiques<\/strong>. L\u2019objectif : permettre de tester son activit\u00e9 commerciale rapidement gr\u00e2ce \u00e0 des frais fixes r\u00e9duits avant de s\u2019installer d\u00e9finitivement dans une cellule commerciale libre.<\/p>\n<p>[\/et_pb_blurb][\/et_pb_column][\/et_pb_row][\/et_pb_section][et_pb_section fb_built=&#8221;1&#8243; _builder_version=&#8221;4.16&#8243; custom_padding=&#8221;|||0px&#8221; global_colors_info=&#8221;{}&#8221;][et_pb_row _builder_version=&#8221;4.16&#8243; custom_padding=&#8221;36.5px|0px|36.5px|0px&#8221; global_colors_info=&#8221;{}&#8221; column_structure=&#8221;1_2,1_2&#8243;][et_pb_column type=&#8221;1_2&#8243; _builder_version=&#8221;4.16&#8243; custom_padding=&#8221;|||&#8221; global_colors_info=&#8221;{}&#8221; custom_padding__hover=&#8221;|||&#8221;][et_pb_text _builder_version=&#8221;4.16&#8243; text_font=&#8221;||||||||&#8221; text_font_size=&#8221;18px&#8221; text_line_height=&#8221;30px&#8221; custom_margin=&#8221;|||&#8221; custom_padding=&#8221;|||30px&#8221; global_colors_info=&#8221;{}&#8221;]<strong>Lessines est en mouvement\u00a0! Rendez-vous dans un an pour un grand \u00e9v\u00e9nement de mise en valeur des anciens et nouveaux acteurs \u00e9conomiques et pour un super live crowdfunding dont Groupe One a le secret. <\/strong><\/p>\n<p>Pour plus d&#8217;informations, contactez Orlando Sereno via <a href=\"mailto:orlando.sereno@groupeone.be\">orlando.sereno@groupeone.be<\/a><br \/>\n[\/et_pb_text][\/et_pb_column][et_pb_column type=&#8221;1_2&#8243; _builder_version=&#8221;4.16&#8243; custom_padding=&#8221;|||&#8221; global_colors_info=&#8221;{}&#8221; custom_padding__hover=&#8221;|||&#8221;][\/et_pb_column][\/et_pb_row][\/et_pb_section][et_pb_section fb_built=&#8221;1&#8243; custom_padding_last_edited=&#8221;on|phone&#8221; disabled_on=&#8221;on|on|off&#8221; admin_label=&#8221;newsletter&#8221; _builder_version=&#8221;4.10.8&#8243; background_image=&#8221;https:\/\/ns381463.ip-94-23-248.eu\/GroupeOne2016\/wordpress\/wp-content\/uploads\/2017\/10\/BG-INFOLETTRE-ALL-ELEMENTS.png&#8221; custom_padding=&#8221;0px|0px|0px|0px&#8221; custom_padding_tablet=&#8221;|||0px&#8221; custom_padding_phone=&#8221;&#8221; global_module=&#8221;119058&#8243; saved_tabs=&#8221;all&#8221; locked=&#8221;off&#8221; global_colors_info=&#8221;{}&#8221;][et_pb_row _builder_version=&#8221;4.16&#8243; custom_css_main_element=&#8221;display: -webkit-box;||display: -ms-flexbox;||display: flex;||-webkit-box-align: center;||-ms-flex-align: center;||align-items: center;||-webkit-box-orient: horizontal;||-webkit-box-direction: normal;||-ms-flex-direction: row;||flex-direction: row;||-ms-flex-wrap: wrap;||flex-wrap: wrap;&#8221; global_colors_info=&#8221;{}&#8221;][et_pb_column type=&#8221;4_4&#8243; _builder_version=&#8221;4.16&#8243; custom_padding=&#8221;|||&#8221; global_colors_info=&#8221;{}&#8221; custom_padding__hover=&#8221;|||&#8221;][et_pb_cta title=&#8221;Abonnez-vous \u00e0 la newsletter de l&#8217;entrepreneuriat durable&#8221; button_url=&#8221;http:\/\/eepurl.com\/deLILL&#8221; url_new_window=&#8221;on&#8221; button_text=&#8221;S&#8217;inscrire&#8221; _builder_version=&#8221;4.16&#8243; use_background_color=&#8221;off&#8221; custom_button=&#8221;on&#8221; button_text_size=&#8221;18px&#8221; button_bg_color=&#8221;#adbb39&#8243; button_border_width=&#8221;0px&#8221; button_border_radius=&#8221;100px&#8221; button_font=&#8221;Nunito|300|||||||&#8221; button_use_icon=&#8221;off&#8221; button_alignment=&#8221;center&#8221; custom_padding=&#8221;|||&#8221; custom_css_promo_button=&#8221;padding:10px !important;||width:200px;&#8221; button_border_radius_hover=&#8221;100px&#8221; global_colors_info=&#8221;{}&#8221; button_text_size__hover_enabled=&#8221;off&#8221; button_one_text_size__hover_enabled=&#8221;off&#8221; button_two_text_size__hover_enabled=&#8221;off&#8221; button_text_color__hover_enabled=&#8221;off&#8221; button_one_text_color__hover_enabled=&#8221;off&#8221; button_two_text_color__hover_enabled=&#8221;off&#8221; button_border_width__hover_enabled=&#8221;off&#8221; button_one_border_width__hover_enabled=&#8221;off&#8221; button_two_border_width__hover_enabled=&#8221;off&#8221; button_border_color__hover_enabled=&#8221;off&#8221; button_one_border_color__hover_enabled=&#8221;off&#8221; button_two_border_color__hover_enabled=&#8221;off&#8221; button_border_radius__hover_enabled=&#8221;on&#8221; button_border_radius__hover=&#8221;100px&#8221; button_one_border_radius__hover_enabled=&#8221;off&#8221; button_two_border_radius__hover_enabled=&#8221;off&#8221; button_letter_spacing__hover_enabled=&#8221;off&#8221; button_one_letter_spacing__hover_enabled=&#8221;off&#8221; button_two_letter_spacing__hover_enabled=&#8221;off&#8221; button_bg_color__hover_enabled=&#8221;off&#8221; button_one_bg_color__hover_enabled=&#8221;off&#8221; button_two_bg_color__hover_enabled=&#8221;off&#8221;][\/et_pb_cta][\/et_pb_column][\/et_pb_row][\/et_pb_section][et_pb_section fb_built=&#8221;1&#8243; custom_padding_last_edited=&#8221;on|phone&#8221; disabled_on=&#8221;off|off|on&#8221; admin_label=&#8221;newsletter&#8221; _builder_version=&#8221;4.8.2&#8243; background_image=&#8221;https:\/\/ns381463.ip-94-23-248.eu\/GroupeOne2016\/wordpress\/wp-content\/uploads\/2017\/10\/BG-NEWSLETTERS-2.png&#8221; custom_padding=&#8221;0px|0px|0px|0px&#8221; custom_padding_tablet=&#8221;|||0px&#8221; custom_padding_phone=&#8221;&#8221; link_option_url=&#8221;https:\/\/groupeone.us12.list-manage.com\/subscribe?u=4b8cae888f20720725a172884&#038;id=4ca247c289&#8243; global_module=&#8221;121907&#8243; saved_tabs=&#8221;all&#8221; global_colors_info=&#8221;{}&#8221;][\/et_pb_section]<\/p>\n","protected":false},"excerpt":{"rendered":"<p>&nbsp; Booster l&#8217;entrepreneuriat local ! Lessines, le commerce de proximit\u00e9 et l\u2019activit\u00e9 \u00e9conomique locale ne sont pas morts ! Pendant un an, la Commune de Lessines, l\u2019asbl Actions D\u00e9veloppement Local [&hellip;]<\/p>\n","protected":false},"author":14,"featured_media":124912,"comment_status":"closed","ping_status":"closed","sticky":false,"template":"","format":"standard","meta":{"_et_pb_use_builder":"on","_et_pb_old_content":"","_et_gb_content_width":""},"categories":[87],"tags":[],"yoast_head":"<!-- This site is optimized with the Yoast SEO plugin v19.13 - https:\/\/yoast.com\/wordpress\/plugins\/seo\/ -->\n<title>Le commune de Lessines en mouvement - Groupe One<\/title>\n<meta name=\"robots\" content=\"index, follow, max-snippet:-1, max-image-preview:large, max-video-preview:-1\" \/>\n<link rel=\"canonical\" href=\"https:\/\/ns381463.ip-94-23-248.eu\/GroupeOne2016\/wordpress\/le-commune-de-lessines-en-mouvement\/\" \/>\n<meta property=\"og:locale\" content=\"fr_FR\" \/>\n<meta property=\"og:type\" content=\"article\" \/>\n<meta property=\"og:title\" content=\"Le commune de Lessines en mouvement - Groupe One\" \/>\n<meta property=\"og:description\" content=\"&nbsp; Booster l&#039;entrepreneuriat local ! Lessines, le commerce de proximit\u00e9 et l\u2019activit\u00e9 \u00e9conomique locale ne sont pas morts ! Pendant un an, la Commune de Lessines, l\u2019asbl Actions D\u00e9veloppement Local [&hellip;]\" \/>\n<meta property=\"og:url\" content=\"https:\/\/ns381463.ip-94-23-248.eu\/GroupeOne2016\/wordpress\/le-commune-de-lessines-en-mouvement\/\" \/>\n<meta property=\"og:site_name\" content=\"Groupe One\" \/>\n<meta property=\"article:published_time\" content=\"2018-05-07T06:15:27+00:00\" \/>\n<meta property=\"article:modified_time\" content=\"2023-01-06T09:43:16+00:00\" \/>\n<meta property=\"og:image\" content=\"https:\/\/ns381463.ip-94-23-248.eu\/GroupeOne2016\/wordpress\/wp-content\/uploads\/2018\/05\/popupstore_Lessines.jpg\" \/>\n\t<meta property=\"og:image:width\" content=\"2048\" \/>\n\t<meta property=\"og:image:height\" content=\"1536\" \/>\n\t<meta property=\"og:image:type\" content=\"image\/jpeg\" \/>\n<meta name=\"author\" content=\"Justine de Montlivault\" \/>\n<meta name=\"twitter:card\" content=\"summary_large_image\" \/>\n<meta name=\"twitter:label1\" content=\"\u00c9crit par\" \/>\n\t<meta name=\"twitter:data1\" content=\"Justine de Montlivault\" \/>\n\t<meta name=\"twitter:label2\" content=\"Dur\u00e9e de lecture estim\u00e9e\" \/>\n\t<meta name=\"twitter:data2\" content=\"5 minutes\" \/>\n<script type=\"application\/ld+json\" class=\"yoast-schema-graph\">{\"@context\":\"https:\/\/schema.org\",\"@graph\":[{\"@type\":\"WebPage\",\"@id\":\"https:\/\/ns381463.ip-94-23-248.eu\/GroupeOne2016\/wordpress\/le-commune-de-lessines-en-mouvement\/\",\"url\":\"https:\/\/ns381463.ip-94-23-248.eu\/GroupeOne2016\/wordpress\/le-commune-de-lessines-en-mouvement\/\",\"name\":\"Le commune de Lessines en mouvement - Groupe One\",\"isPartOf\":{\"@id\":\"https:\/\/ns381463.ip-94-23-248.eu\/GroupeOne2016\/wordpress\/#website\"},\"datePublished\":\"2018-05-07T06:15:27+00:00\",\"dateModified\":\"2023-01-06T09:43:16+00:00\",\"author\":{\"@id\":\"https:\/\/ns381463.ip-94-23-248.eu\/GroupeOne2016\/wordpress\/#\/schema\/person\/8bcb6e90f26a897df78b177a4b54480a\"},\"breadcrumb\":{\"@id\":\"https:\/\/ns381463.ip-94-23-248.eu\/GroupeOne2016\/wordpress\/le-commune-de-lessines-en-mouvement\/#breadcrumb\"},\"inLanguage\":\"fr-FR\",\"potentialAction\":[{\"@type\":\"ReadAction\",\"target\":[\"https:\/\/ns381463.ip-94-23-248.eu\/GroupeOne2016\/wordpress\/le-commune-de-lessines-en-mouvement\/\"]}]},{\"@type\":\"BreadcrumbList\",\"@id\":\"https:\/\/ns381463.ip-94-23-248.eu\/GroupeOne2016\/wordpress\/le-commune-de-lessines-en-mouvement\/#breadcrumb\",\"itemListElement\":[{\"@type\":\"ListItem\",\"position\":1,\"name\":\"Accueil\",\"item\":\"https:\/\/ns381463.ip-94-23-248.eu\/GroupeOne2016\/wordpress\/\"},{\"@type\":\"ListItem\",\"position\":2,\"name\":\"Le commune de Lessines en mouvement\"}]},{\"@type\":\"WebSite\",\"@id\":\"https:\/\/ns381463.ip-94-23-248.eu\/GroupeOne2016\/wordpress\/#website\",\"url\":\"https:\/\/ns381463.ip-94-23-248.eu\/GroupeOne2016\/wordpress\/\",\"name\":\"Groupe One\",\"description\":\"Groupe One est une organisation belge qui facilite la transition vers une \u00e9conomie durable. Elle est active \u00e0 Bruxelles et en Wallonie.\",\"potentialAction\":[{\"@type\":\"SearchAction\",\"target\":{\"@type\":\"EntryPoint\",\"urlTemplate\":\"https:\/\/ns381463.ip-94-23-248.eu\/GroupeOne2016\/wordpress\/?s={search_term_string}\"},\"query-input\":\"required name=search_term_string\"}],\"inLanguage\":\"fr-FR\"},{\"@type\":\"Person\",\"@id\":\"https:\/\/ns381463.ip-94-23-248.eu\/GroupeOne2016\/wordpress\/#\/schema\/person\/8bcb6e90f26a897df78b177a4b54480a\",\"name\":\"Justine de Montlivault\",\"image\":{\"@type\":\"ImageObject\",\"inLanguage\":\"fr-FR\",\"@id\":\"https:\/\/ns381463.ip-94-23-248.eu\/GroupeOne2016\/wordpress\/#\/schema\/person\/image\/\",\"url\":\"https:\/\/secure.gravatar.com\/avatar\/7c08e52f5be53f14efcdd69f917dfd51?s=96&d=mm&r=g\",\"contentUrl\":\"https:\/\/secure.gravatar.com\/avatar\/7c08e52f5be53f14efcdd69f917dfd51?s=96&d=mm&r=g\",\"caption\":\"Justine de Montlivault\"},\"url\":\"https:\/\/ns381463.ip-94-23-248.eu\/GroupeOne2016\/wordpress\/author\/g1-justine\/\"}]}<\/script>\n<!-- \/ Yoast SEO plugin. -->","yoast_head_json":{"title":"Le commune de Lessines en mouvement - Groupe One","robots":{"index":"index","follow":"follow","max-snippet":"max-snippet:-1","max-image-preview":"max-image-preview:large","max-video-preview":"max-video-preview:-1"},"canonical":"https:\/\/ns381463.ip-94-23-248.eu\/GroupeOne2016\/wordpress\/le-commune-de-lessines-en-mouvement\/","og_locale":"fr_FR","og_type":"article","og_title":"Le commune de Lessines en mouvement - Groupe One","og_description":"&nbsp; Booster l'entrepreneuriat local ! Lessines, le commerce de proximit\u00e9 et l\u2019activit\u00e9 \u00e9conomique locale ne sont pas morts ! Pendant un an, la Commune de Lessines, l\u2019asbl Actions D\u00e9veloppement Local [&hellip;]","og_url":"https:\/\/ns381463.ip-94-23-248.eu\/GroupeOne2016\/wordpress\/le-commune-de-lessines-en-mouvement\/","og_site_name":"Groupe One","article_published_time":"2018-05-07T06:15:27+00:00","article_modified_time":"2023-01-06T09:43:16+00:00","og_image":[{"width":2048,"height":1536,"url":"https:\/\/ns381463.ip-94-23-248.eu\/GroupeOne2016\/wordpress\/wp-content\/uploads\/2018\/05\/popupstore_Lessines.jpg","type":"image\/jpeg"}],"author":"Justine de Montlivault","twitter_card":"summary_large_image","twitter_misc":{"\u00c9crit par":"Justine de Montlivault","Dur\u00e9e de lecture estim\u00e9e":"5 minutes"},"schema":{"@context":"https:\/\/schema.org","@graph":[{"@type":"WebPage","@id":"https:\/\/ns381463.ip-94-23-248.eu\/GroupeOne2016\/wordpress\/le-commune-de-lessines-en-mouvement\/","url":"https:\/\/ns381463.ip-94-23-248.eu\/GroupeOne2016\/wordpress\/le-commune-de-lessines-en-mouvement\/","name":"Le commune de Lessines en mouvement - Groupe One","isPartOf":{"@id":"https:\/\/ns381463.ip-94-23-248.eu\/GroupeOne2016\/wordpress\/#website"},"datePublished":"2018-05-07T06:15:27+00:00","dateModified":"2023-01-06T09:43:16+00:00","author":{"@id":"https:\/\/ns381463.ip-94-23-248.eu\/GroupeOne2016\/wordpress\/#\/schema\/person\/8bcb6e90f26a897df78b177a4b54480a"},"breadcrumb":{"@id":"https:\/\/ns381463.ip-94-23-248.eu\/GroupeOne2016\/wordpress\/le-commune-de-lessines-en-mouvement\/#breadcrumb"},"inLanguage":"fr-FR","potentialAction":[{"@type":"ReadAction","target":["https:\/\/ns381463.ip-94-23-248.eu\/GroupeOne2016\/wordpress\/le-commune-de-lessines-en-mouvement\/"]}]},{"@type":"BreadcrumbList","@id":"https:\/\/ns381463.ip-94-23-248.eu\/GroupeOne2016\/wordpress\/le-commune-de-lessines-en-mouvement\/#breadcrumb","itemListElement":[{"@type":"ListItem","position":1,"name":"Accueil","item":"https:\/\/ns381463.ip-94-23-248.eu\/GroupeOne2016\/wordpress\/"},{"@type":"ListItem","position":2,"name":"Le commune de Lessines en mouvement"}]},{"@type":"WebSite","@id":"https:\/\/ns381463.ip-94-23-248.eu\/GroupeOne2016\/wordpress\/#website","url":"https:\/\/ns381463.ip-94-23-248.eu\/GroupeOne2016\/wordpress\/","name":"Groupe One","description":"Groupe One est une organisation belge qui facilite la transition vers une \u00e9conomie durable. Elle est active \u00e0 Bruxelles et en Wallonie.","potentialAction":[{"@type":"SearchAction","target":{"@type":"EntryPoint","urlTemplate":"https:\/\/ns381463.ip-94-23-248.eu\/GroupeOne2016\/wordpress\/?s={search_term_string}"},"query-input":"required name=search_term_string"}],"inLanguage":"fr-FR"},{"@type":"Person","@id":"https:\/\/ns381463.ip-94-23-248.eu\/GroupeOne2016\/wordpress\/#\/schema\/person\/8bcb6e90f26a897df78b177a4b54480a","name":"Justine de Montlivault","image":{"@type":"ImageObject","inLanguage":"fr-FR","@id":"https:\/\/ns381463.ip-94-23-248.eu\/GroupeOne2016\/wordpress\/#\/schema\/person\/image\/","url":"https:\/\/secure.gravatar.com\/avatar\/7c08e52f5be53f14efcdd69f917dfd51?s=96&d=mm&r=g","contentUrl":"https:\/\/secure.gravatar.com\/avatar\/7c08e52f5be53f14efcdd69f917dfd51?s=96&d=mm&r=g","caption":"Justine de Montlivault"},"url":"https:\/\/ns381463.ip-94-23-248.eu\/GroupeOne2016\/wordpress\/author\/g1-justine\/"}]}},"_links":{"self":[{"href":"https:\/\/ns381463.ip-94-23-248.eu\/GroupeOne2016\/wordpress\/wp-json\/wp\/v2\/posts\/124907"}],"collection":[{"href":"https:\/\/ns381463.ip-94-23-248.eu\/GroupeOne2016\/wordpress\/wp-json\/wp\/v2\/posts"}],"about":[{"href":"https:\/\/ns381463.ip-94-23-248.eu\/GroupeOne2016\/wordpress\/wp-json\/wp\/v2\/types\/post"}],"author":[{"embeddable":true,"href":"https:\/\/ns381463.ip-94-23-248.eu\/GroupeOne2016\/wordpress\/wp-json\/wp\/v2\/users\/14"}],"replies":[{"embeddable":true,"href":"https:\/\/ns381463.ip-94-23-248.eu\/GroupeOne2016\/wordpress\/wp-json\/wp\/v2\/comments?post=124907"}],"version-history":[{"count":9,"href":"https:\/\/ns381463.ip-94-23-248.eu\/GroupeOne2016\/wordpress\/wp-json\/wp\/v2\/posts\/124907\/revisions"}],"predecessor-version":[{"id":132005,"href":"https:\/\/ns381463.ip-94-23-248.eu\/GroupeOne2016\/wordpress\/wp-json\/wp\/v2\/posts\/124907\/revisions\/132005"}],"wp:featuredmedia":[{"embeddable":true,"href":"https:\/\/ns381463.ip-94-23-248.eu\/GroupeOne2016\/wordpress\/wp-json\/wp\/v2\/media\/124912"}],"wp:attachment":[{"href":"https:\/\/ns381463.ip-94-23-248.eu\/GroupeOne2016\/wordpress\/wp-json\/wp\/v2\/media?parent=124907"}],"wp:term":[{"taxonomy":"category","embeddable":true,"href":"https:\/\/ns381463.ip-94-23-248.eu\/GroupeOne2016\/wordpress\/wp-json\/wp\/v2\/categories?post=124907"},{"taxonomy":"post_tag","embeddable":true,"href":"https:\/\/ns381463.ip-94-23-248.eu\/GroupeOne2016\/wordpress\/wp-json\/wp\/v2\/tags?post=124907"}],"curies":[{"name":"wp","href":"https:\/\/api.w.org\/{rel}","templated":true}]}}