{"id":124784,"date":"2018-04-18T11:30:04","date_gmt":"2018-04-18T09:30:04","guid":{"rendered":"https:\/\/ns381463.ip-94-23-248.eu\/GroupeOne2016\/wordpress\/?p=124784"},"modified":"2023-01-06T10:43:28","modified_gmt":"2023-01-06T09:43:28","slug":"anticiper-la-faillite","status":"publish","type":"post","link":"https:\/\/ns381463.ip-94-23-248.eu\/GroupeOne2016\/wordpress\/anticiper-la-faillite\/","title":{"rendered":"Des commer\u00e7ants imaginent des solutions pour anticiper la faillite"},"content":{"rendered":"<p>[et_pb_section fb_built=&#8221;1&#8243; _builder_version=&#8221;4.16&#8243; background_image=&#8221;https:\/\/ns381463.ip-94-23-248.eu\/GroupeOne2016\/wordpress\/wp-content\/uploads\/2018\/01\/ARTICLE-HEADER-Ecocirculaire-POST-BANNER-1920&#215;400.png&#8221; custom_padding=&#8221;|||0px&#8221; global_colors_info=&#8221;{}&#8221;][et_pb_row _builder_version=&#8221;4.16&#8243; custom_padding=&#8221;|||20px&#8221; custom_width_px=&#8221;2600px&#8221; global_colors_info=&#8221;{}&#8221;][et_pb_column type=&#8221;4_4&#8243; _builder_version=&#8221;4.16&#8243; custom_padding=&#8221;|||&#8221; global_colors_info=&#8221;{}&#8221; custom_padding__hover=&#8221;|||&#8221;][et_pb_post_title author=&#8221;off&#8221; date_format=&#8221;M j Y&#8221; comments=&#8221;off&#8221; featured_image=&#8221;off&#8221; _builder_version=&#8221;4.16&#8243; title_font=&#8221;|700|||||||&#8221; title_text_color=&#8221;#ffffff&#8221; title_font_size=&#8221;34px&#8221; meta_font=&#8221;|||on|||||&#8221; meta_text_color=&#8221;#ffffff&#8221; meta_letter_spacing=&#8221;1px&#8221; global_colors_info=&#8221;{}&#8221;]&nbsp;<br \/>\n[\/et_pb_post_title][\/et_pb_column][\/et_pb_row][\/et_pb_section][et_pb_section fb_built=&#8221;1&#8243; _builder_version=&#8221;4.16&#8243; custom_padding=&#8221;|||0px&#8221; global_colors_info=&#8221;{}&#8221;][et_pb_row _builder_version=&#8221;4.16&#8243; background_size=&#8221;initial&#8221; background_position=&#8221;top_left&#8221; background_repeat=&#8221;repeat&#8221; custom_margin=&#8221;|||&#8221; custom_padding=&#8221;0px|||0px&#8221; locked=&#8221;off&#8221; global_colors_info=&#8221;{}&#8221; column_structure=&#8221;3_4,1_4&#8243;][et_pb_column type=&#8221;3_4&#8243; _builder_version=&#8221;4.16&#8243; custom_padding=&#8221;|||&#8221; global_colors_info=&#8221;{}&#8221; custom_padding__hover=&#8221;|||&#8221;][et_pb_blurb image_icon_width=&#8221;73%&#8221; content_max_width=&#8221;1035px&#8221; _builder_version=&#8221;4.16&#8243; header_level=&#8221;h2&#8243; header_font=&#8221;|600|||||||&#8221; body_font=&#8221;||||||||&#8221; body_font_size=&#8221;18px&#8221; body_line_height=&#8221;30px&#8221; max_width=&#8221;76%&#8221; custom_padding=&#8221;|||30px&#8221; image_max_width=&#8221;73%&#8221; global_colors_info=&#8221;{}&#8221;]Le 6 mars dernier s\u2019est cl\u00f4tur\u00e9 un premier cycle de r\u00e9flexion portant sur l\u2019anticipation de la faillite.<\/p>\n<p>Organis\u00e9 conjointement par le projet <a href=\"https:\/\/www.rereb.be\/\"><strong>Resilient Retail for Brussels (ReReb)<\/strong><\/a> et le programme <strong><a href=\"http:\/\/www.beci.be\/services\/je_rebondis\/beci_restart\/\">ReStart <\/a><a href=\"http:\/\/www.beci.be\/services\/je_rebondis\/beci_restart\/\">de<\/a><a href=\"http:\/\/www.beci.be\/services\/je_rebondis\/beci_restart\/\"> BECI<\/a>,<\/strong> l\u2019objectif de ce cycle \u00e9tait d\u2019imaginer et construire une \u00e9bauche (un prototype) de solutions concr\u00e8tes permettant \u00e0 tout entrepreneur d\u2019anticiper une situation qui devient difficile et d\u2019\u00e9viter le d\u00e9clin de leur activit\u00e9.<\/p>\n<p>Ce cycle s\u2019est articul\u00e9 autour d\u2019une dizaine de participants ayant tous connu une premi\u00e8re exp\u00e9rience d\u2019entrepreneuriat et de trois soir\u00e9es riches d\u2019\u00e9changes et d\u2019\u00e9motions.<\/p>\n<p>&nbsp;<br \/>\n[\/et_pb_blurb][\/et_pb_column][et_pb_column type=&#8221;1_4&#8243; _builder_version=&#8221;4.16&#8243; custom_padding=&#8221;|||&#8221; global_colors_info=&#8221;{}&#8221; custom_padding__hover=&#8221;|||&#8221;][et_pb_image src=&#8221;https:\/\/ns381463.ip-94-23-248.eu\/GroupeOne2016\/wordpress\/wp-content\/uploads\/2018\/04\/rereb.png&#8221; align_tablet=&#8221;center&#8221; align_last_edited=&#8221;on|desktop&#8221; _builder_version=&#8221;4.16&#8243; global_colors_info=&#8221;{}&#8221; align_phone=&#8221;center&#8221;]&nbsp;<br \/>\n[\/et_pb_image][\/et_pb_column][\/et_pb_row][\/et_pb_section][et_pb_section fb_built=&#8221;1&#8243; _builder_version=&#8221;4.16&#8243; custom_padding=&#8221;|||0px&#8221; locked=&#8221;off&#8221; global_colors_info=&#8221;{}&#8221;][et_pb_row _builder_version=&#8221;4.16&#8243; background_size=&#8221;initial&#8221; background_position=&#8221;top_left&#8221; background_repeat=&#8221;repeat&#8221; custom_margin=&#8221;|||&#8221; custom_padding=&#8221;0px|||0px&#8221; locked=&#8221;off&#8221; global_colors_info=&#8221;{}&#8221; column_structure=&#8221;2_3,1_3&#8243;][et_pb_column type=&#8221;2_3&#8243; _builder_version=&#8221;4.16&#8243; custom_padding=&#8221;|||&#8221; global_colors_info=&#8221;{}&#8221; custom_padding__hover=&#8221;|||&#8221;][et_pb_text admin_label=&#8221;MODELE-TITRE-H1&#8243; _builder_version=&#8221;4.16&#8243; text_font=&#8221;|300|||||||&#8221; header_2_font=&#8221;H3 Tisa OT Medium 24|500|||||||&#8221; header_2_font_size=&#8221;36px&#8221; custom_padding=&#8221;|||20px&#8221; custom_css_after=&#8221;content:url(%22https:\/\/ns381463.ip-94-23-248.eu\/GroupeOne2016\/wordpress\/wp-content\/uploads\/2017\/10\/TITLE-AFTER.png%22);||positiion:absolute;||margin-left:-40px;&#8221; global_colors_info=&#8221;{}&#8221;]<\/p>\n<h2>Atelier 1 : Identifier les facteurs qui contibuent au d\u00e9clin de l&#8217;activit\u00e9<\/h2>\n<p>[\/et_pb_text][et_pb_blurb image_icon_width=&#8221;73%&#8221; content_max_width=&#8221;1035px&#8221; _builder_version=&#8221;4.16&#8243; header_level=&#8221;h2&#8243; header_font=&#8221;|600|||||||&#8221; body_font=&#8221;||||||||&#8221; body_font_size=&#8221;18px&#8221; body_line_height=&#8221;30px&#8221; custom_padding=&#8221;|||20px&#8221; image_max_width=&#8221;73%&#8221; locked=&#8221;off&#8221; global_colors_info=&#8221;{}&#8221;]Lors de la premi\u00e8re soir\u00e9e, les participants ont repens\u00e9 et d\u00e9termin\u00e9 les 5 types de facteurs ayant contribu\u00e9s de mani\u00e8re significative au d\u00e9clin de leur activit\u00e9 d\u2019entrepreneur :<\/p>\n<p>&nbsp;<\/p>\n<ol>\n<li><strong>La gestion comptable et financi\u00e8re<\/strong> mais aussi l\u2019acc\u00e8s au financement peut compromettre la prosp\u00e9rit\u00e9 d\u2019une entreprise, voire renforcer sa pr\u00e9carit\u00e9.<\/li>\n<li><strong>Le poids de l\u2019activit\u00e9 d\u2019ind\u00e9pendant<\/strong> sur <strong>la sant\u00e9 et le bien-\u00eatre<\/strong> de l\u2019entrepreneur.<\/li>\n<li><strong>Les co\u00fbts des loyers<\/strong> bruxellois trop \u00e9lev\u00e9s.<\/li>\n<li><strong>La gestion administrative<\/strong> et la bureaucratie sont un obstacle face auquel tous ne sont pas correctement ou suffisamment outill\u00e9s.<\/li>\n<li><strong>Se d\u00e9placer \u00e0 Bruxelles<\/strong> (la mobilit\u00e9) est de plus en plus difficile.<\/li>\n<\/ol>\n<p>[\/et_pb_blurb][\/et_pb_column][et_pb_column type=&#8221;1_3&#8243; _builder_version=&#8221;4.16&#8243; custom_padding=&#8221;|||&#8221; global_colors_info=&#8221;{}&#8221; custom_padding__hover=&#8221;|||&#8221;][\/et_pb_column][\/et_pb_row][et_pb_row _builder_version=&#8221;4.16&#8243; background_size=&#8221;initial&#8221; background_position=&#8221;top_left&#8221; background_repeat=&#8221;repeat&#8221; custom_margin=&#8221;|||&#8221; custom_padding=&#8221;0px|||0px&#8221; locked=&#8221;off&#8221; global_colors_info=&#8221;{}&#8221; column_structure=&#8221;2_3,1_3&#8243;][et_pb_column type=&#8221;2_3&#8243; _builder_version=&#8221;4.16&#8243; custom_padding=&#8221;|||&#8221; global_colors_info=&#8221;{}&#8221; custom_padding__hover=&#8221;|||&#8221;][et_pb_text admin_label=&#8221;MODELE-TITRE-H1&#8243; _builder_version=&#8221;4.16&#8243; text_font=&#8221;|300|||||||&#8221; header_2_font=&#8221;H3 Tisa OT Medium 24|500|||||||&#8221; header_2_font_size=&#8221;36px&#8221; custom_padding=&#8221;|||20px&#8221; custom_css_after=&#8221;content:url(%22https:\/\/ns381463.ip-94-23-248.eu\/GroupeOne2016\/wordpress\/wp-content\/uploads\/2017\/10\/TITLE-AFTER.png%22);||positiion:absolute;||margin-left:-40px;&#8221; global_colors_info=&#8221;{}&#8221;]<\/p>\n<h2>Atelier 2 : Approfondir<\/h2>\n<p>[\/et_pb_text][et_pb_blurb image_icon_width=&#8221;73%&#8221; content_max_width=&#8221;1035px&#8221; _builder_version=&#8221;4.16&#8243; header_level=&#8221;h2&#8243; header_font=&#8221;|600|||||||&#8221; body_font=&#8221;||||||||&#8221; body_font_size=&#8221;18px&#8221; body_line_height=&#8221;30px&#8221; custom_padding=&#8221;|||20px&#8221; image_max_width=&#8221;73%&#8221; locked=&#8221;off&#8221; global_colors_info=&#8221;{}&#8221;]Les participants ont choisi, lors du second atelier, d\u2019approfondir deux de ces th\u00e9matiques, \u00e0 savoir <strong>le poids de l\u2019activit\u00e9 d\u2019ind\u00e9pendant sur la sant\u00e9 et le bien-\u00eatre<\/strong> de l\u2019entrepreneur (et sa famille) et <strong>la gestion administrative.<\/strong><\/p>\n<p>Via deux exercices permettant de mettre en \u00e9vidence ce dont nos entrepreneurs auraient eu besoin et les difficult\u00e9s auxquelles ils ont \u00e9t\u00e9 confront\u00e9s, plusieurs pistes de solutions concr\u00e8tes se sont d\u00e9gag\u00e9es. Trois d\u2019entre elles ont \u00e9t\u00e9 d\u00e9velopp\u00e9es et prototyp\u00e9es par les participants durant le 3\u00e8me atelier.<br \/>\n[\/et_pb_blurb][\/et_pb_column][et_pb_column type=&#8221;1_3&#8243; _builder_version=&#8221;4.16&#8243; custom_padding=&#8221;|||&#8221; global_colors_info=&#8221;{}&#8221; custom_padding__hover=&#8221;|||&#8221;][\/et_pb_column][\/et_pb_row][et_pb_row _builder_version=&#8221;4.16&#8243; background_size=&#8221;initial&#8221; background_position=&#8221;top_left&#8221; background_repeat=&#8221;repeat&#8221; custom_margin=&#8221;|||&#8221; custom_padding=&#8221;0|||0px&#8221; locked=&#8221;off&#8221; global_colors_info=&#8221;{}&#8221; column_structure=&#8221;2_3,1_3&#8243;][et_pb_column type=&#8221;2_3&#8243; _builder_version=&#8221;4.16&#8243; custom_padding=&#8221;|||&#8221; global_colors_info=&#8221;{}&#8221; custom_padding__hover=&#8221;|||&#8221;][et_pb_text admin_label=&#8221;MODELE-TITRE-H1&#8243; _builder_version=&#8221;4.16&#8243; text_font=&#8221;|300|||||||&#8221; header_2_font=&#8221;H3 Tisa OT Medium 24|500|||||||&#8221; header_2_font_size=&#8221;36px&#8221; custom_padding=&#8221;|||20px&#8221; custom_css_after=&#8221;content:url(%22https:\/\/ns381463.ip-94-23-248.eu\/GroupeOne2016\/wordpress\/wp-content\/uploads\/2017\/10\/TITLE-AFTER.png%22);||positiion:absolute;||margin-left:-40px;&#8221; global_colors_info=&#8221;{}&#8221;]<\/p>\n<h2>Atelier 3 : Prototypage<\/h2>\n<p>[\/et_pb_text][et_pb_blurb image_icon_width=&#8221;73%&#8221; content_max_width=&#8221;1035px&#8221; _builder_version=&#8221;4.16&#8243; header_level=&#8221;h2&#8243; header_font=&#8221;|600|||||||&#8221; body_font=&#8221;||||||||&#8221; body_font_size=&#8221;18px&#8221; body_line_height=&#8221;30px&#8221; custom_padding=&#8221;|||20px&#8221; image_max_width=&#8221;73%&#8221; locked=&#8221;off&#8221; global_colors_info=&#8221;{}&#8221;]Durant ce troisi\u00e8me et dernier atelier, les participants ont r\u00e9alis\u00e9 trois prototypes, c-\u00e0-d des exemplaires incomplets mais repr\u00e9sensatifs des solutions envisag\u00e9es. Cette d\u00e9marche permet de tester le service ou le produit et d&#8217;obtenir un feedback rapide.<\/p>\n<p>Les trois prototypes d\u00e9velopp\u00e9s sont :<\/p>\n<ul>\n<li>Des <strong>titre-services<\/strong> permettant aux ind\u00e9pendants de faire appel \u00e0 une aide dans la <strong>gestion administrative<\/strong> quotidienne de leur entreprise.<\/li>\n<li><strong>Un ombudsman<\/strong> qui faciliterait la relation entre les ind\u00e9pendants et l\u2019administration, et notamment en cas de conflit fiscal.<\/li>\n<li><strong>Un outil de support online<\/strong> \u00e0 destination des ind\u00e9pendants de type <strong>helpdesk <\/strong>permettant de recevoir une r\u00e9ponse rapide, imm\u00e9diate et en ligne pour toutes questions administratives et\/ou de gestion quotidienne.<\/li>\n<\/ul>\n<p>Cotant les trois id\u00e9es en fonction de leur efficacit\u00e9, de leur faisabilit\u00e9 et de leur originalit\u00e9, c\u2019est le principe de l\u2019ombudsman qui a obtenu le score le plus \u00e9lev\u00e9.<br \/>\n[\/et_pb_blurb][\/et_pb_column][et_pb_column type=&#8221;1_3&#8243; _builder_version=&#8221;4.16&#8243; custom_padding=&#8221;|||&#8221; global_colors_info=&#8221;{}&#8221; custom_padding__hover=&#8221;|||&#8221;][\/et_pb_column][\/et_pb_row][et_pb_row _builder_version=&#8221;4.16&#8243; global_colors_info=&#8221;{}&#8221;][et_pb_column type=&#8221;4_4&#8243; _builder_version=&#8221;4.16&#8243; custom_padding=&#8221;|||&#8221; global_colors_info=&#8221;{}&#8221; custom_padding__hover=&#8221;|||&#8221;][et_pb_image src=&#8221;https:\/\/ns381463.ip-94-23-248.eu\/GroupeOne2016\/wordpress\/wp-content\/uploads\/2018\/04\/protype-ombudsman.jpg&#8221; align=&#8221;center&#8221; align_tablet=&#8221;center&#8221; align_last_edited=&#8221;on|desktop&#8221; _builder_version=&#8221;4.16&#8243; max_width=&#8221;46%&#8221; global_colors_info=&#8221;{}&#8221; align_phone=&#8221;center&#8221;]&nbsp;<br \/>\n[\/et_pb_image][\/et_pb_column][\/et_pb_row][et_pb_row _builder_version=&#8221;4.16&#8243; background_size=&#8221;initial&#8221; background_position=&#8221;top_left&#8221; background_repeat=&#8221;repeat&#8221; custom_margin=&#8221;|||&#8221; custom_padding=&#8221;0|||0px&#8221; locked=&#8221;off&#8221; global_colors_info=&#8221;{}&#8221; column_structure=&#8221;2_3,1_3&#8243;][et_pb_column type=&#8221;2_3&#8243; _builder_version=&#8221;4.16&#8243; custom_padding=&#8221;|||&#8221; global_colors_info=&#8221;{}&#8221; custom_padding__hover=&#8221;|||&#8221;][et_pb_text admin_label=&#8221;MODELE-TITRE-H1&#8243; _builder_version=&#8221;4.16&#8243; text_font=&#8221;|300|||||||&#8221; header_2_font=&#8221;H3 Tisa OT Medium 24|500|||||||&#8221; header_2_font_size=&#8221;36px&#8221; custom_padding=&#8221;|||20px&#8221; custom_css_after=&#8221;content:url(%22https:\/\/ns381463.ip-94-23-248.eu\/GroupeOne2016\/wordpress\/wp-content\/uploads\/2017\/10\/TITLE-AFTER.png%22);||positiion:absolute;||margin-left:-40px;&#8221; global_colors_info=&#8221;{}&#8221;]<\/p>\n<h2>La suite<\/h2>\n<p>[\/et_pb_text][et_pb_blurb image_icon_width=&#8221;73%&#8221; content_max_width=&#8221;1035px&#8221; _builder_version=&#8221;4.16&#8243; header_level=&#8221;h2&#8243; header_font=&#8221;|600|||||||&#8221; body_font=&#8221;||||||||&#8221; body_font_size=&#8221;18px&#8221; body_line_height=&#8221;30px&#8221; custom_padding=&#8221;|||20px&#8221; image_max_width=&#8221;73%&#8221; locked=&#8221;off&#8221; global_colors_info=&#8221;{}&#8221;]Nous ne nous arr\u00eatons pas en si bon chemin ! BECI et le projet ReReB envisagent un second cycle afin d\u2019approfondir les solutions imagin\u00e9es par nos participants. Donnons vie \u00e0 ces id\u00e9es\u00a0! Nous ne manquerons \u00e9videmment pas de vous tenir inform\u00e9.es. En attendant, nous tenons \u00e0 remercier tous nos participants ReStarters <strong>d\u2019avoir partag\u00e9 leur exp\u00e9rience dans un esprit r\u00e9solument g\u00e9n\u00e9reux et constructif.\u00a0 <\/strong><br \/>\n[\/et_pb_blurb][\/et_pb_column][et_pb_column type=&#8221;1_3&#8243; _builder_version=&#8221;4.16&#8243; custom_padding=&#8221;|||&#8221; global_colors_info=&#8221;{}&#8221; custom_padding__hover=&#8221;|||&#8221;][\/et_pb_column][\/et_pb_row][et_pb_row _builder_version=&#8221;4.16&#8243; background_size=&#8221;initial&#8221; background_position=&#8221;top_left&#8221; background_repeat=&#8221;repeat&#8221; custom_margin=&#8221;|||&#8221; custom_padding=&#8221;0|||0px&#8221; locked=&#8221;off&#8221; global_colors_info=&#8221;{}&#8221; column_structure=&#8221;2_3,1_3&#8243;][et_pb_column type=&#8221;2_3&#8243; _builder_version=&#8221;4.16&#8243; custom_padding=&#8221;|||&#8221; global_colors_info=&#8221;{}&#8221; custom_padding__hover=&#8221;|||&#8221;][et_pb_blurb image_icon_width=&#8221;73%&#8221; content_max_width=&#8221;1035px&#8221; _builder_version=&#8221;4.16&#8243; header_level=&#8221;h2&#8243; header_font=&#8221;|600|||||||&#8221; body_font=&#8221;||||||||&#8221; body_font_size=&#8221;18px&#8221; body_line_height=&#8221;30px&#8221; custom_padding=&#8221;|||20px&#8221; image_max_width=&#8221;73%&#8221; locked=&#8221;off&#8221; global_colors_info=&#8221;{}&#8221;]<em>Ce cycle de cocr\u00e9ation n\u2019aurait pas pu voir le jour sans la pr\u00e9cieuse collaboration construite avec le programme ReStart de BECI et le financement d\u2019Innoviris, l\u2019agence r\u00e9gionale pour la recherche et l\u2019inno<\/em><em>vation.<\/em><\/p>\n<p><em><img decoding=\"async\" loading=\"lazy\" class=\"wp-image-123560 alignnone size-full\" src=\"..\/wp-content\/uploads\/2017\/12\/rereb_postatelier0_7.jpg\" alt=\"\" width=\"137\" height=\"84\" \/>\u00a0<img decoding=\"async\" loading=\"lazy\" class=\"wp-image-124798 alignnone size-full\" src=\"..\/wp-content\/uploads\/2018\/04\/beci.png\" alt=\"\" width=\"99\" height=\"99\" \/><img decoding=\"async\" loading=\"lazy\" class=\"wp-image-124799 alignnone size-full\" src=\"..\/wp-content\/uploads\/2018\/04\/innoviris.jpg\" alt=\"\" width=\"327\" height=\"106\" \/><\/em><\/p>\n<p>Le projet <a href=\"https:\/\/www.rereb.be\/\"><em>Resilient Retail for Brussels<\/em><\/a> est port\u00e9 par trois partenaires\u00a0:<\/p>\n<p><img decoding=\"async\" loading=\"lazy\" class=\"wp-image-121489 alignnone size-medium\" src=\"..\/wp-content\/uploads\/2017\/12\/LOGO-1.svg\" alt=\"\" width=\"134\" height=\"87\" \/>\u00a0 \u00a0<img decoding=\"async\" loading=\"lazy\" class=\"wp-image-124800 alignnone size-full\" src=\"..\/wp-content\/uploads\/2018\/04\/atrium-hub.jpg\" alt=\"\" width=\"287\" height=\"88\" \/>\u00a0 \u00a0<img decoding=\"async\" loading=\"lazy\" class=\"wp-image-124801 alignnone size-full\" src=\"..\/wp-content\/uploads\/2018\/04\/ULB-igeat.gif\" alt=\"\" width=\"90\" height=\"90\" \/><\/p>\n<p>&nbsp;<br \/>\n[\/et_pb_blurb][\/et_pb_column][et_pb_column type=&#8221;1_3&#8243; _builder_version=&#8221;4.16&#8243; custom_padding=&#8221;|||&#8221; global_colors_info=&#8221;{}&#8221; custom_padding__hover=&#8221;|||&#8221;][\/et_pb_column][\/et_pb_row][\/et_pb_section][et_pb_section fb_built=&#8221;1&#8243; _builder_version=&#8221;4.16&#8243; custom_padding=&#8221;|||0px&#8221; global_colors_info=&#8221;{}&#8221;][\/et_pb_section][et_pb_section fb_built=&#8221;1&#8243; custom_padding_last_edited=&#8221;on|phone&#8221; disabled_on=&#8221;on|on|off&#8221; admin_label=&#8221;newsletter&#8221; _builder_version=&#8221;4.10.8&#8243; background_image=&#8221;https:\/\/ns381463.ip-94-23-248.eu\/GroupeOne2016\/wordpress\/wp-content\/uploads\/2017\/10\/BG-INFOLETTRE-ALL-ELEMENTS.png&#8221; custom_padding=&#8221;0px|0px|0px|0px&#8221; custom_padding_tablet=&#8221;|||0px&#8221; custom_padding_phone=&#8221;&#8221; global_module=&#8221;119058&#8243; saved_tabs=&#8221;all&#8221; locked=&#8221;off&#8221; global_colors_info=&#8221;{}&#8221;][et_pb_row _builder_version=&#8221;4.16&#8243; custom_css_main_element=&#8221;display: -webkit-box;||display: -ms-flexbox;||display: flex;||-webkit-box-align: center;||-ms-flex-align: center;||align-items: center;||-webkit-box-orient: horizontal;||-webkit-box-direction: normal;||-ms-flex-direction: row;||flex-direction: row;||-ms-flex-wrap: wrap;||flex-wrap: wrap;&#8221; global_colors_info=&#8221;{}&#8221;][et_pb_column type=&#8221;4_4&#8243; _builder_version=&#8221;4.16&#8243; custom_padding=&#8221;|||&#8221; global_colors_info=&#8221;{}&#8221; custom_padding__hover=&#8221;|||&#8221;][et_pb_cta title=&#8221;Abonnez-vous \u00e0 la newsletter de l&#8217;entrepreneuriat durable&#8221; button_url=&#8221;http:\/\/eepurl.com\/deLILL&#8221; url_new_window=&#8221;on&#8221; button_text=&#8221;S&#8217;inscrire&#8221; _builder_version=&#8221;4.16&#8243; use_background_color=&#8221;off&#8221; custom_button=&#8221;on&#8221; button_text_size=&#8221;18px&#8221; button_bg_color=&#8221;#adbb39&#8243; button_border_width=&#8221;0px&#8221; button_border_radius=&#8221;100px&#8221; button_font=&#8221;Nunito|300|||||||&#8221; button_use_icon=&#8221;off&#8221; button_alignment=&#8221;center&#8221; custom_padding=&#8221;|||&#8221; custom_css_promo_button=&#8221;padding:10px !important;||width:200px;&#8221; button_border_radius_hover=&#8221;100px&#8221; global_colors_info=&#8221;{}&#8221; button_text_size__hover_enabled=&#8221;off&#8221; button_one_text_size__hover_enabled=&#8221;off&#8221; button_two_text_size__hover_enabled=&#8221;off&#8221; button_text_color__hover_enabled=&#8221;off&#8221; button_one_text_color__hover_enabled=&#8221;off&#8221; button_two_text_color__hover_enabled=&#8221;off&#8221; button_border_width__hover_enabled=&#8221;off&#8221; button_one_border_width__hover_enabled=&#8221;off&#8221; button_two_border_width__hover_enabled=&#8221;off&#8221; button_border_color__hover_enabled=&#8221;off&#8221; button_one_border_color__hover_enabled=&#8221;off&#8221; button_two_border_color__hover_enabled=&#8221;off&#8221; button_border_radius__hover_enabled=&#8221;on&#8221; button_border_radius__hover=&#8221;100px&#8221; button_one_border_radius__hover_enabled=&#8221;off&#8221; button_two_border_radius__hover_enabled=&#8221;off&#8221; button_letter_spacing__hover_enabled=&#8221;off&#8221; button_one_letter_spacing__hover_enabled=&#8221;off&#8221; button_two_letter_spacing__hover_enabled=&#8221;off&#8221; button_bg_color__hover_enabled=&#8221;off&#8221; button_one_bg_color__hover_enabled=&#8221;off&#8221; button_two_bg_color__hover_enabled=&#8221;off&#8221;][\/et_pb_cta][\/et_pb_column][\/et_pb_row][\/et_pb_section][et_pb_section fb_built=&#8221;1&#8243; custom_padding_last_edited=&#8221;on|phone&#8221; disabled_on=&#8221;off|off|on&#8221; admin_label=&#8221;newsletter&#8221; _builder_version=&#8221;4.8.2&#8243; background_image=&#8221;https:\/\/ns381463.ip-94-23-248.eu\/GroupeOne2016\/wordpress\/wp-content\/uploads\/2017\/10\/BG-NEWSLETTERS-2.png&#8221; custom_padding=&#8221;0px|0px|0px|0px&#8221; custom_padding_tablet=&#8221;|||0px&#8221; custom_padding_phone=&#8221;&#8221; link_option_url=&#8221;https:\/\/groupeone.us12.list-manage.com\/subscribe?u=4b8cae888f20720725a172884&#038;id=4ca247c289&#8243; global_module=&#8221;121907&#8243; saved_tabs=&#8221;all&#8221; global_colors_info=&#8221;{}&#8221;][\/et_pb_section]<\/p>\n","protected":false},"excerpt":{"rendered":"<p>&nbsp; Le 6 mars dernier s\u2019est cl\u00f4tur\u00e9 un premier cycle de r\u00e9flexion portant sur l\u2019anticipation de la faillite. Organis\u00e9 conjointement par le projet Resilient Retail for Brussels (ReReb) et le [&hellip;]<\/p>\n","protected":false},"author":14,"featured_media":124804,"comment_status":"closed","ping_status":"closed","sticky":false,"template":"","format":"standard","meta":{"_et_pb_use_builder":"on","_et_pb_old_content":"","_et_gb_content_width":""},"categories":[87],"tags":[],"yoast_head":"<!-- This site is optimized with the Yoast SEO plugin v19.13 - https:\/\/yoast.com\/wordpress\/plugins\/seo\/ -->\n<title>Des commer\u00e7ants imaginent des solutions pour anticiper la faillite - Groupe One<\/title>\n<meta name=\"robots\" content=\"index, follow, max-snippet:-1, max-image-preview:large, max-video-preview:-1\" \/>\n<link rel=\"canonical\" href=\"https:\/\/ns381463.ip-94-23-248.eu\/GroupeOne2016\/wordpress\/anticiper-la-faillite\/\" \/>\n<meta property=\"og:locale\" content=\"fr_FR\" \/>\n<meta property=\"og:type\" content=\"article\" \/>\n<meta property=\"og:title\" content=\"Des commer\u00e7ants imaginent des solutions pour anticiper la faillite - Groupe One\" \/>\n<meta property=\"og:description\" content=\"&nbsp; Le 6 mars dernier s\u2019est cl\u00f4tur\u00e9 un premier cycle de r\u00e9flexion portant sur l\u2019anticipation de la faillite. Organis\u00e9 conjointement par le projet Resilient Retail for Brussels (ReReb) et le [&hellip;]\" \/>\n<meta property=\"og:url\" content=\"https:\/\/ns381463.ip-94-23-248.eu\/GroupeOne2016\/wordpress\/anticiper-la-faillite\/\" \/>\n<meta property=\"og:site_name\" content=\"Groupe One\" \/>\n<meta property=\"article:published_time\" content=\"2018-04-18T09:30:04+00:00\" \/>\n<meta property=\"article:modified_time\" content=\"2023-01-06T09:43:28+00:00\" \/>\n<meta property=\"og:image\" content=\"https:\/\/ns381463.ip-94-23-248.eu\/GroupeOne2016\/wordpress\/wp-content\/uploads\/2018\/04\/rereb.png\" \/>\n\t<meta property=\"og:image:width\" content=\"499\" \/>\n\t<meta property=\"og:image:height\" content=\"402\" \/>\n\t<meta property=\"og:image:type\" content=\"image\/png\" \/>\n<meta name=\"author\" content=\"Justine de Montlivault\" \/>\n<meta name=\"twitter:card\" content=\"summary_large_image\" \/>\n<meta name=\"twitter:label1\" content=\"\u00c9crit par\" \/>\n\t<meta name=\"twitter:data1\" content=\"Justine de Montlivault\" \/>\n\t<meta name=\"twitter:label2\" content=\"Dur\u00e9e de lecture estim\u00e9e\" \/>\n\t<meta name=\"twitter:data2\" content=\"6 minutes\" \/>\n<script type=\"application\/ld+json\" class=\"yoast-schema-graph\">{\"@context\":\"https:\/\/schema.org\",\"@graph\":[{\"@type\":\"WebPage\",\"@id\":\"https:\/\/ns381463.ip-94-23-248.eu\/GroupeOne2016\/wordpress\/anticiper-la-faillite\/\",\"url\":\"https:\/\/ns381463.ip-94-23-248.eu\/GroupeOne2016\/wordpress\/anticiper-la-faillite\/\",\"name\":\"Des commer\u00e7ants imaginent des solutions pour anticiper la faillite - Groupe One\",\"isPartOf\":{\"@id\":\"https:\/\/ns381463.ip-94-23-248.eu\/GroupeOne2016\/wordpress\/#website\"},\"datePublished\":\"2018-04-18T09:30:04+00:00\",\"dateModified\":\"2023-01-06T09:43:28+00:00\",\"author\":{\"@id\":\"https:\/\/ns381463.ip-94-23-248.eu\/GroupeOne2016\/wordpress\/#\/schema\/person\/8bcb6e90f26a897df78b177a4b54480a\"},\"breadcrumb\":{\"@id\":\"https:\/\/ns381463.ip-94-23-248.eu\/GroupeOne2016\/wordpress\/anticiper-la-faillite\/#breadcrumb\"},\"inLanguage\":\"fr-FR\",\"potentialAction\":[{\"@type\":\"ReadAction\",\"target\":[\"https:\/\/ns381463.ip-94-23-248.eu\/GroupeOne2016\/wordpress\/anticiper-la-faillite\/\"]}]},{\"@type\":\"BreadcrumbList\",\"@id\":\"https:\/\/ns381463.ip-94-23-248.eu\/GroupeOne2016\/wordpress\/anticiper-la-faillite\/#breadcrumb\",\"itemListElement\":[{\"@type\":\"ListItem\",\"position\":1,\"name\":\"Accueil\",\"item\":\"https:\/\/ns381463.ip-94-23-248.eu\/GroupeOne2016\/wordpress\/\"},{\"@type\":\"ListItem\",\"position\":2,\"name\":\"Des commer\u00e7ants imaginent des solutions pour anticiper la faillite\"}]},{\"@type\":\"WebSite\",\"@id\":\"https:\/\/ns381463.ip-94-23-248.eu\/GroupeOne2016\/wordpress\/#website\",\"url\":\"https:\/\/ns381463.ip-94-23-248.eu\/GroupeOne2016\/wordpress\/\",\"name\":\"Groupe One\",\"description\":\"Groupe One est une organisation belge qui facilite la transition vers une \u00e9conomie durable. Elle est active \u00e0 Bruxelles et en Wallonie.\",\"potentialAction\":[{\"@type\":\"SearchAction\",\"target\":{\"@type\":\"EntryPoint\",\"urlTemplate\":\"https:\/\/ns381463.ip-94-23-248.eu\/GroupeOne2016\/wordpress\/?s={search_term_string}\"},\"query-input\":\"required name=search_term_string\"}],\"inLanguage\":\"fr-FR\"},{\"@type\":\"Person\",\"@id\":\"https:\/\/ns381463.ip-94-23-248.eu\/GroupeOne2016\/wordpress\/#\/schema\/person\/8bcb6e90f26a897df78b177a4b54480a\",\"name\":\"Justine de Montlivault\",\"image\":{\"@type\":\"ImageObject\",\"inLanguage\":\"fr-FR\",\"@id\":\"https:\/\/ns381463.ip-94-23-248.eu\/GroupeOne2016\/wordpress\/#\/schema\/person\/image\/\",\"url\":\"https:\/\/secure.gravatar.com\/avatar\/7c08e52f5be53f14efcdd69f917dfd51?s=96&d=mm&r=g\",\"contentUrl\":\"https:\/\/secure.gravatar.com\/avatar\/7c08e52f5be53f14efcdd69f917dfd51?s=96&d=mm&r=g\",\"caption\":\"Justine de Montlivault\"},\"url\":\"https:\/\/ns381463.ip-94-23-248.eu\/GroupeOne2016\/wordpress\/author\/g1-justine\/\"}]}<\/script>\n<!-- \/ Yoast SEO plugin. -->","yoast_head_json":{"title":"Des commer\u00e7ants imaginent des solutions pour anticiper la faillite - Groupe One","robots":{"index":"index","follow":"follow","max-snippet":"max-snippet:-1","max-image-preview":"max-image-preview:large","max-video-preview":"max-video-preview:-1"},"canonical":"https:\/\/ns381463.ip-94-23-248.eu\/GroupeOne2016\/wordpress\/anticiper-la-faillite\/","og_locale":"fr_FR","og_type":"article","og_title":"Des commer\u00e7ants imaginent des solutions pour anticiper la faillite - Groupe One","og_description":"&nbsp; Le 6 mars dernier s\u2019est cl\u00f4tur\u00e9 un premier cycle de r\u00e9flexion portant sur l\u2019anticipation de la faillite. Organis\u00e9 conjointement par le projet Resilient Retail for Brussels (ReReb) et le [&hellip;]","og_url":"https:\/\/ns381463.ip-94-23-248.eu\/GroupeOne2016\/wordpress\/anticiper-la-faillite\/","og_site_name":"Groupe One","article_published_time":"2018-04-18T09:30:04+00:00","article_modified_time":"2023-01-06T09:43:28+00:00","og_image":[{"width":499,"height":402,"url":"https:\/\/ns381463.ip-94-23-248.eu\/GroupeOne2016\/wordpress\/wp-content\/uploads\/2018\/04\/rereb.png","type":"image\/png"}],"author":"Justine de Montlivault","twitter_card":"summary_large_image","twitter_misc":{"\u00c9crit par":"Justine de Montlivault","Dur\u00e9e de lecture estim\u00e9e":"6 minutes"},"schema":{"@context":"https:\/\/schema.org","@graph":[{"@type":"WebPage","@id":"https:\/\/ns381463.ip-94-23-248.eu\/GroupeOne2016\/wordpress\/anticiper-la-faillite\/","url":"https:\/\/ns381463.ip-94-23-248.eu\/GroupeOne2016\/wordpress\/anticiper-la-faillite\/","name":"Des commer\u00e7ants imaginent des solutions pour anticiper la faillite - Groupe One","isPartOf":{"@id":"https:\/\/ns381463.ip-94-23-248.eu\/GroupeOne2016\/wordpress\/#website"},"datePublished":"2018-04-18T09:30:04+00:00","dateModified":"2023-01-06T09:43:28+00:00","author":{"@id":"https:\/\/ns381463.ip-94-23-248.eu\/GroupeOne2016\/wordpress\/#\/schema\/person\/8bcb6e90f26a897df78b177a4b54480a"},"breadcrumb":{"@id":"https:\/\/ns381463.ip-94-23-248.eu\/GroupeOne2016\/wordpress\/anticiper-la-faillite\/#breadcrumb"},"inLanguage":"fr-FR","potentialAction":[{"@type":"ReadAction","target":["https:\/\/ns381463.ip-94-23-248.eu\/GroupeOne2016\/wordpress\/anticiper-la-faillite\/"]}]},{"@type":"BreadcrumbList","@id":"https:\/\/ns381463.ip-94-23-248.eu\/GroupeOne2016\/wordpress\/anticiper-la-faillite\/#breadcrumb","itemListElement":[{"@type":"ListItem","position":1,"name":"Accueil","item":"https:\/\/ns381463.ip-94-23-248.eu\/GroupeOne2016\/wordpress\/"},{"@type":"ListItem","position":2,"name":"Des commer\u00e7ants imaginent des solutions pour anticiper la faillite"}]},{"@type":"WebSite","@id":"https:\/\/ns381463.ip-94-23-248.eu\/GroupeOne2016\/wordpress\/#website","url":"https:\/\/ns381463.ip-94-23-248.eu\/GroupeOne2016\/wordpress\/","name":"Groupe One","description":"Groupe One est une organisation belge qui facilite la transition vers une \u00e9conomie durable. Elle est active \u00e0 Bruxelles et en Wallonie.","potentialAction":[{"@type":"SearchAction","target":{"@type":"EntryPoint","urlTemplate":"https:\/\/ns381463.ip-94-23-248.eu\/GroupeOne2016\/wordpress\/?s={search_term_string}"},"query-input":"required name=search_term_string"}],"inLanguage":"fr-FR"},{"@type":"Person","@id":"https:\/\/ns381463.ip-94-23-248.eu\/GroupeOne2016\/wordpress\/#\/schema\/person\/8bcb6e90f26a897df78b177a4b54480a","name":"Justine de Montlivault","image":{"@type":"ImageObject","inLanguage":"fr-FR","@id":"https:\/\/ns381463.ip-94-23-248.eu\/GroupeOne2016\/wordpress\/#\/schema\/person\/image\/","url":"https:\/\/secure.gravatar.com\/avatar\/7c08e52f5be53f14efcdd69f917dfd51?s=96&d=mm&r=g","contentUrl":"https:\/\/secure.gravatar.com\/avatar\/7c08e52f5be53f14efcdd69f917dfd51?s=96&d=mm&r=g","caption":"Justine de Montlivault"},"url":"https:\/\/ns381463.ip-94-23-248.eu\/GroupeOne2016\/wordpress\/author\/g1-justine\/"}]}},"_links":{"self":[{"href":"https:\/\/ns381463.ip-94-23-248.eu\/GroupeOne2016\/wordpress\/wp-json\/wp\/v2\/posts\/124784"}],"collection":[{"href":"https:\/\/ns381463.ip-94-23-248.eu\/GroupeOne2016\/wordpress\/wp-json\/wp\/v2\/posts"}],"about":[{"href":"https:\/\/ns381463.ip-94-23-248.eu\/GroupeOne2016\/wordpress\/wp-json\/wp\/v2\/types\/post"}],"author":[{"embeddable":true,"href":"https:\/\/ns381463.ip-94-23-248.eu\/GroupeOne2016\/wordpress\/wp-json\/wp\/v2\/users\/14"}],"replies":[{"embeddable":true,"href":"https:\/\/ns381463.ip-94-23-248.eu\/GroupeOne2016\/wordpress\/wp-json\/wp\/v2\/comments?post=124784"}],"version-history":[{"count":13,"href":"https:\/\/ns381463.ip-94-23-248.eu\/GroupeOne2016\/wordpress\/wp-json\/wp\/v2\/posts\/124784\/revisions"}],"predecessor-version":[{"id":132007,"href":"https:\/\/ns381463.ip-94-23-248.eu\/GroupeOne2016\/wordpress\/wp-json\/wp\/v2\/posts\/124784\/revisions\/132007"}],"wp:featuredmedia":[{"embeddable":true,"href":"https:\/\/ns381463.ip-94-23-248.eu\/GroupeOne2016\/wordpress\/wp-json\/wp\/v2\/media\/124804"}],"wp:attachment":[{"href":"https:\/\/ns381463.ip-94-23-248.eu\/GroupeOne2016\/wordpress\/wp-json\/wp\/v2\/media?parent=124784"}],"wp:term":[{"taxonomy":"category","embeddable":true,"href":"https:\/\/ns381463.ip-94-23-248.eu\/GroupeOne2016\/wordpress\/wp-json\/wp\/v2\/categories?post=124784"},{"taxonomy":"post_tag","embeddable":true,"href":"https:\/\/ns381463.ip-94-23-248.eu\/GroupeOne2016\/wordpress\/wp-json\/wp\/v2\/tags?post=124784"}],"curies":[{"name":"wp","href":"https:\/\/api.w.org\/{rel}","templated":true}]}}