{"id":124559,"date":"2018-02-19T13:28:22","date_gmt":"2018-02-19T12:28:22","guid":{"rendered":"https:\/\/ns381463.ip-94-23-248.eu\/GroupeOne2016\/wordpress\/?p=124559"},"modified":"2023-01-06T10:43:47","modified_gmt":"2023-01-06T09:43:47","slug":"boost-your-project-et-ihecs-preneurs-les-deux-incubateurs-jeunes-qui-font-parler-deux","status":"publish","type":"post","link":"https:\/\/ns381463.ip-94-23-248.eu\/GroupeOne2016\/wordpress\/boost-your-project-et-ihecs-preneurs-les-deux-incubateurs-jeunes-qui-font-parler-deux\/","title":{"rendered":"Boost Your Project et Ihecs-Preneurs : les deux incubateurs Jeunes qui font parler d&#8217;eux"},"content":{"rendered":"<p>[et_pb_section fb_built=&#8221;1&#8243; _builder_version=&#8221;4.16&#8243; background_color=&#8221;#003957&#8243; background_image=&#8221;https:\/\/ns381463.ip-94-23-248.eu\/GroupeOne2016\/wordpress\/wp-content\/uploads\/2018\/01\/ARTICLE-HEADER-Ecocirculaire-POST-BANNER-1920&#215;400.png&#8221; custom_padding=&#8221;|||0px&#8221; global_colors_info=&#8221;{}&#8221;][et_pb_row _builder_version=&#8221;4.16&#8243; custom_padding=&#8221;|||20px&#8221; custom_width_px=&#8221;2600px&#8221; global_colors_info=&#8221;{}&#8221;][et_pb_column type=&#8221;4_4&#8243; _builder_version=&#8221;4.16&#8243; custom_padding=&#8221;|||&#8221; global_colors_info=&#8221;{}&#8221; custom_padding__hover=&#8221;|||&#8221;][et_pb_post_title author=&#8221;off&#8221; date_format=&#8221;M j Y&#8221; comments=&#8221;off&#8221; featured_image=&#8221;off&#8221; _builder_version=&#8221;4.16&#8243; title_font=&#8221;|700|||||||&#8221; title_text_color=&#8221;#ffffff&#8221; title_font_size=&#8221;34px&#8221; meta_font=&#8221;|||on|||||&#8221; meta_text_color=&#8221;#ffffff&#8221; meta_letter_spacing=&#8221;1px&#8221; global_colors_info=&#8221;{}&#8221;]\u00a0<br \/>\n[\/et_pb_post_title][\/et_pb_column][\/et_pb_row][\/et_pb_section][et_pb_section fb_built=&#8221;1&#8243; _builder_version=&#8221;4.16&#8243; custom_padding=&#8221;|||0px&#8221; global_colors_info=&#8221;{}&#8221;][et_pb_row _builder_version=&#8221;4.16&#8243; background_size=&#8221;initial&#8221; background_position=&#8221;top_left&#8221; background_repeat=&#8221;repeat&#8221; custom_margin=&#8221;|||&#8221; custom_padding=&#8221;0px|||0px&#8221; locked=&#8221;off&#8221; global_colors_info=&#8221;{}&#8221;][et_pb_column type=&#8221;4_4&#8243; _builder_version=&#8221;4.16&#8243; custom_padding=&#8221;|||&#8221; global_colors_info=&#8221;{}&#8221; custom_padding__hover=&#8221;|||&#8221;][et_pb_text admin_label=&#8221;MODELE-TITRE-H1&#8243; _builder_version=&#8221;4.16&#8243; text_font=&#8221;|300|||||||&#8221; header_2_font=&#8221;H3 Tisa OT Medium 24|500|||||||&#8221; header_2_font_size=&#8221;36px&#8221; custom_padding=&#8221;|||20px&#8221; custom_css_after=&#8221;content:url(%22https:\/\/ns381463.ip-94-23-248.eu\/GroupeOne2016\/wordpress\/wp-content\/uploads\/2017\/10\/TITLE-AFTER.png%22);||positiion:absolute;||margin-left:-40px;&#8221; global_colors_info=&#8221;{}&#8221;]<\/p>\n<h2>Deux incubateurs orient\u00e9s \u00e9tudiants et jeunes<\/h2>\n<p>[\/et_pb_text][et_pb_blurb image_icon_width=&#8221;73%&#8221; content_max_width=&#8221;1035px&#8221; _builder_version=&#8221;4.16&#8243; header_level=&#8221;h2&#8243; header_font=&#8221;|600|||||||&#8221; body_font=&#8221;||||||||&#8221; body_text_color=&#8221;#adbb39&#8243; body_font_size=&#8221;18px&#8221; body_line_height=&#8221;30px&#8221; max_width=&#8221;76%&#8221; custom_padding=&#8221;|||30px&#8221; custom_padding_tablet=&#8221;|||&#8221; custom_padding_phone=&#8221;&#8221; custom_padding_last_edited=&#8221;on|phone&#8221; image_max_width=&#8221;73%&#8221; global_colors_info=&#8221;{}&#8221;]Dans le cadre des programmes <a href=\"https:\/\/ns381463.ip-94-23-248.eu\/GroupeOne2016\/wordpress\/nos-projets\/boost-your-project\/\">BOOST YOUR PROJECT<\/a> et <a href=\"https:\/\/ns381463.ip-94-23-248.eu\/GroupeOne2016\/wordpress\/nos-projets\/ihecs-preneur\/\">IHECS-PRENEURS<\/a>, Groupe One accueille ces jours-ci et pendant 3 mois une trentaine d\u2019\u00e9tudiants et jeunes dipl\u00f4m\u00e9s vibrants de passion et d\u2019envie de donner vie \u00e0 leurs id\u00e9es g\u00e9niales.<br \/>\n[\/et_pb_blurb][et_pb_blurb image_icon_width=&#8221;73%&#8221; content_max_width=&#8221;1035px&#8221; _builder_version=&#8221;4.16&#8243; header_level=&#8221;h2&#8243; header_font=&#8221;|600|||||||&#8221; body_font=&#8221;||||||||&#8221; body_font_size=&#8221;18px&#8221; body_line_height=&#8221;30px&#8221; max_width=&#8221;76%&#8221; custom_padding=&#8221;|||30px&#8221; image_max_width=&#8221;73%&#8221; global_colors_info=&#8221;{}&#8221;]Accompagner des individus ou des entreprises dans le d\u00e9veloppement de mod\u00e8les \u00e9conomiques davantage durables sont <strong>le c\u0153ur de notre mission<\/strong>. Dans cette optique et parce que les jeunes d\u2019aujourd\u2019hui ont, tous ensemble, le potentiel de changer le monde et r\u00e9volutionner les mod\u00e8les en vigueur, il est naturel et \u00e9vident pour nous de vouloir offrir r\u00e9guli\u00e8rement <strong>l\u2019opportunit\u00e9 \u00e0 nos jeunes d\u2019entreprendre de fa\u00e7on simple et accessible<\/strong>.<\/p>\n<p>\u00c0 l\u2019inverse de leurs camarades qui ont initi\u00e9 un stage en entreprise, ces jeunes-l\u00e0 ont pr\u00e9f\u00e9r\u00e9 l\u2019aventure en incubateur, <strong>un incubateur pas comme les autres<\/strong>\u2026<br \/>\n[\/et_pb_blurb][\/et_pb_column][\/et_pb_row][et_pb_row _builder_version=&#8221;4.16&#8243; module_alignment=&#8221;center&#8221; global_colors_info=&#8221;{}&#8221;][et_pb_column type=&#8221;4_4&#8243; _builder_version=&#8221;4.16&#8243; custom_padding=&#8221;|||&#8221; global_colors_info=&#8221;{}&#8221; custom_padding__hover=&#8221;|||&#8221;][et_pb_image src=&#8221;https:\/\/ns381463.ip-94-23-248.eu\/GroupeOne2016\/wordpress\/wp-content\/uploads\/2018\/03\/Incubateur.gif&#8221; align=&#8221;center&#8221; align_tablet=&#8221;center&#8221; align_last_edited=&#8221;on|desktop&#8221; _builder_version=&#8221;4.16&#8243; global_colors_info=&#8221;{}&#8221; align_phone=&#8221;center&#8221;]\u00a0<br \/>\n[\/et_pb_image][\/et_pb_column][\/et_pb_row][\/et_pb_section][et_pb_section fb_built=&#8221;1&#8243; _builder_version=&#8221;4.16&#8243; custom_padding=&#8221;|||0px&#8221; locked=&#8221;off&#8221; global_colors_info=&#8221;{}&#8221;][et_pb_row _builder_version=&#8221;4.16&#8243; background_size=&#8221;initial&#8221; background_position=&#8221;top_left&#8221; background_repeat=&#8221;repeat&#8221; custom_margin=&#8221;|||&#8221; custom_padding=&#8221;0px|||0px&#8221; locked=&#8221;off&#8221; global_colors_info=&#8221;{}&#8221; column_structure=&#8221;1_2,1_2&#8243;][et_pb_column type=&#8221;1_2&#8243; _builder_version=&#8221;4.16&#8243; custom_padding=&#8221;|||&#8221; global_colors_info=&#8221;{}&#8221; custom_padding__hover=&#8221;|||&#8221;][et_pb_text admin_label=&#8221;MODELE-TITRE-H1&#8243; _builder_version=&#8221;4.16&#8243; text_font=&#8221;|300|||||||&#8221; header_2_font=&#8221;H3 Tisa OT Medium 24|500|||||||&#8221; header_2_font_size=&#8221;36px&#8221; custom_padding=&#8221;|||20px&#8221; custom_css_after=&#8221;content:url(%22https:\/\/ns381463.ip-94-23-248.eu\/GroupeOne2016\/wordpress\/wp-content\/uploads\/2017\/10\/TITLE-AFTER.png%22);||positiion:absolute;||margin-left:-40px;&#8221; global_colors_info=&#8221;{}&#8221;]<\/p>\n<h2>De quoi parle-t-on exactement ?<\/h2>\n<p>[\/et_pb_text][et_pb_blurb image_icon_width=&#8221;73%&#8221; content_max_width=&#8221;1035px&#8221; _builder_version=&#8221;4.16&#8243; header_level=&#8221;h2&#8243; header_font=&#8221;|600|||||||&#8221; body_font=&#8221;||||||||&#8221; body_font_size=&#8221;18px&#8221; body_line_height=&#8221;30px&#8221; custom_padding=&#8221;|||20px&#8221; image_max_width=&#8221;73%&#8221; locked=&#8221;off&#8221; global_colors_info=&#8221;{}&#8221;]<strong>D\u2019un voyage<\/strong> pendant lequel nos jeunes, qui ont l\u2019envie d\u2019entreprendre en tant qu\u2019ind\u00e9pendant, vont recevoir une formation et un accompagnement personnalis\u00e9 leur permettant d\u2019une part, d\u2019acqu\u00e9rir des r\u00e9flexes et outils concrets utiles au lancement de leur activit\u00e9, mais surtout l\u2019opportunit\u00e9 de faire challenger leurs id\u00e9es par les 30 participants, des professionnels du secteur et par les usagers, sur le terrain.<\/p>\n<p>Ils sont accueillis au <strong>Centre d\u2019entreprises de Saint-Gilles, Village Partenaire<\/strong>, un lieu qui leur permet d\u2019\u00eatre hors du milieu acad\u00e9mique tout en se confrontant \u00e0 un environnement professionnalisant.<br \/>\n[\/et_pb_blurb][\/et_pb_column][et_pb_column type=&#8221;1_2&#8243; _builder_version=&#8221;4.16&#8243; custom_padding=&#8221;|||&#8221; global_colors_info=&#8221;{}&#8221; custom_padding__hover=&#8221;|||&#8221;][et_pb_text admin_label=&#8221;MODELE-TITRE-H1&#8243; _builder_version=&#8221;4.16&#8243; text_font=&#8221;|300|||||||&#8221; header_2_font=&#8221;H3 Tisa OT Medium 24|500|||||||&#8221; header_2_font_size=&#8221;36px&#8221; custom_padding=&#8221;|||20px&#8221; custom_css_after=&#8221;content:url(%22https:\/\/ns381463.ip-94-23-248.eu\/GroupeOne2016\/wordpress\/wp-content\/uploads\/2017\/10\/TITLE-AFTER.png%22);||positiion:absolute;||margin-left:-40px;&#8221; locked=&#8221;off&#8221; global_colors_info=&#8221;{}&#8221;]<\/p>\n<h2>Chiffres-cl\u00e9s<\/h2>\n<p>[\/et_pb_text][et_pb_blurb image_icon_width=&#8221;73%&#8221; content_max_width=&#8221;1035px&#8221; _builder_version=&#8221;4.16&#8243; header_level=&#8221;h2&#8243; header_font=&#8221;|600|||||||&#8221; body_font=&#8221;||||||||&#8221; body_font_size=&#8221;18px&#8221; body_line_height=&#8221;30px&#8221; custom_padding=&#8221;|||20px&#8221; image_max_width=&#8221;73%&#8221; locked=&#8221;off&#8221; global_colors_info=&#8221;{}&#8221;]<\/p>\n<p><strong>30<\/strong> projets<\/p>\n<p><strong>3<\/strong> mois intensifs<\/p>\n<p><strong>18<\/strong> ateliers collectifs<\/p>\n<p><strong>5<\/strong> coaches<\/p>\n<p><strong>1<\/strong> espace de co-working au c\u0153ur de Village Partenaire, un Centre d&#8217;entreprises o\u00f9 <strong>30<\/strong> entrepreneurs sont actifs<\/p>\n<p>[\/et_pb_blurb][\/et_pb_column][\/et_pb_row][\/et_pb_section][et_pb_section fb_built=&#8221;1&#8243; _builder_version=&#8221;4.16&#8243; custom_padding=&#8221;|||0px&#8221; global_colors_info=&#8221;{}&#8221;][et_pb_row _builder_version=&#8221;4.16&#8243; background_size=&#8221;initial&#8221; background_position=&#8221;top_left&#8221; background_repeat=&#8221;repeat&#8221; custom_margin=&#8221;|||&#8221; custom_padding=&#8221;0px|||0px&#8221; locked=&#8221;off&#8221; global_colors_info=&#8221;{}&#8221;][et_pb_column type=&#8221;4_4&#8243; _builder_version=&#8221;4.16&#8243; custom_padding=&#8221;|||&#8221; global_colors_info=&#8221;{}&#8221; custom_padding__hover=&#8221;|||&#8221;][et_pb_text admin_label=&#8221;MODELE-TITRE-H1&#8243; _builder_version=&#8221;4.16&#8243; text_font=&#8221;|300|||||||&#8221; header_2_font=&#8221;H3 Tisa OT Medium 24|500|||||||&#8221; header_2_font_size=&#8221;36px&#8221; custom_padding=&#8221;|||20px&#8221; custom_css_after=&#8221;content:url(%22https:\/\/ns381463.ip-94-23-248.eu\/GroupeOne2016\/wordpress\/wp-content\/uploads\/2017\/10\/TITLE-AFTER.png%22);||positiion:absolute;||margin-left:-40px;&#8221; global_colors_info=&#8221;{}&#8221;]<\/p>\n<h2>Un ADN bien particulier<\/h2>\n<p>[\/et_pb_text][et_pb_blurb image_icon_width=&#8221;73%&#8221; content_max_width=&#8221;1035px&#8221; _builder_version=&#8221;4.16&#8243; header_level=&#8221;h2&#8243; header_font=&#8221;|600|||||||&#8221; body_font=&#8221;||||||||&#8221; body_font_size=&#8221;18px&#8221; body_line_height=&#8221;30px&#8221; max_width=&#8221;76%&#8221; custom_padding=&#8221;|||30px&#8221; image_max_width=&#8221;73%&#8221; global_colors_info=&#8221;{}&#8221;]Quatre \u00e9l\u00e9ments constituent l\u2019ADN de ces deux incubateurs\u00a0: d\u2019une part, m\u00eame si <strong>tout le monde est le bienvenu<\/strong> et qu\u2019il n\u2019y a pas de discrimination li\u00e9e \u00e0 au profil du candidat et \u00e0 l\u2019activit\u00e9 souhait\u00e9e, Groupe One encourage ses candidats <strong>\u00e0 porter un projet durable. <\/strong>C\u2019est-\u00e0-dire un projet dont le mod\u00e8le \u00e9conomique est p\u00e9renne et les enjeux environnementaux et sociaux int\u00e9gr\u00e9s de mani\u00e8re \u00e0 apporter une plus-value \u00e0 la soci\u00e9t\u00e9 et aux communaut\u00e9s aupr\u00e8s desquelles le projet va se d\u00e9velopper. Un incub\u00e9 confirme d\u2019ailleurs\u00a0: \u00ab\u00a0<em>L\u2019expertise de d\u00e9veloppement durable qui sous-tend l\u2019incubateur, \u00e7a a clairement jou\u00e9. On a alors l\u2019opportunit\u00e9 de rencontrer des professionnels du milieu.\u00bb<\/em><\/p>\n<p>D\u2019autre part, ce parcours \u00e9tant ax\u00e9 sur la personne, le porteur envisage davantage <strong>une petite structure humaine \u00e0 ancrage local, <\/strong>en commen\u00e7ant par pr\u00eater attention <strong>\u00e0 son bien-\u00eatre<\/strong>\u00a0: \u00ab\u00a0<em>Ce parcours va stimuler \u00e9norm\u00e9ment de choses dans mon \u00eatre personnel. Au pire, on d\u00e9couvre qu\u2019on n\u2019est pas fait pour \u00e7a<\/em><em>.<\/em>\u00a0\u00bb Et finalement, l\u2019incubateur se veut r\u00e9solument <strong>low-tech<\/strong> c\u2019est-\u00e0-dire que nos porteurs privil\u00e9gient des <strong>solutions simples, locales et proches des besoins des usagers<\/strong> comme cette jeune incub\u00e9e qui souhaite r\u00e9cup\u00e9rer et revaloriser les d\u00e9chets de construction.<br \/>\n[\/et_pb_blurb][\/et_pb_column][\/et_pb_row][et_pb_row _builder_version=&#8221;4.16&#8243; background_size=&#8221;initial&#8221; background_position=&#8221;top_left&#8221; background_repeat=&#8221;repeat&#8221; custom_margin=&#8221;|||&#8221; custom_padding=&#8221;0px|||0px&#8221; locked=&#8221;off&#8221; global_colors_info=&#8221;{}&#8221;][et_pb_column type=&#8221;4_4&#8243; _builder_version=&#8221;4.16&#8243; custom_padding=&#8221;|||&#8221; global_colors_info=&#8221;{}&#8221; custom_padding__hover=&#8221;|||&#8221;][et_pb_text admin_label=&#8221;MODELE-TITRE-H1&#8243; _builder_version=&#8221;4.16&#8243; text_font=&#8221;|300|||||||&#8221; header_2_font=&#8221;H3 Tisa OT Medium 24|500|||||||&#8221; header_2_font_size=&#8221;36px&#8221; custom_padding=&#8221;|||20px&#8221; custom_css_after=&#8221;content:url(%22https:\/\/ns381463.ip-94-23-248.eu\/GroupeOne2016\/wordpress\/wp-content\/uploads\/2017\/10\/TITLE-AFTER.png%22);||positiion:absolute;||margin-left:-40px;&#8221; global_colors_info=&#8221;{}&#8221;]<\/p>\n<h2>Qui sont ces jeunes ?<\/h2>\n<p>[\/et_pb_text][et_pb_blurb image_icon_width=&#8221;73%&#8221; content_max_width=&#8221;1035px&#8221; _builder_version=&#8221;4.16&#8243; header_level=&#8221;h2&#8243; header_font=&#8221;|600|||||||&#8221; body_font=&#8221;||||||||&#8221; body_font_size=&#8221;18px&#8221; body_line_height=&#8221;30px&#8221; max_width=&#8221;76%&#8221; custom_padding=&#8221;|||30px&#8221; image_max_width=&#8221;73%&#8221; global_colors_info=&#8221;{}&#8221;]<\/p>\n<p>Et pourquoi ont-ils pr\u00e9f\u00e9r\u00e9 le parcours exploratoire en incubateur ? Issus de diverses \u00e9coles\u00a0telles que l\u2019IHECS, ICHEC, l\u2019ULB, l\u2019EFP, l\u2019HELHA et l\u2019UCL, leurs motivations sont diverses\u00a0: attir\u00e9s par la dynamique collective, l\u2019envie de d\u00e9couvrir des \u2018trucs\u2019 enfouis en soi, l\u2019incubateur leur apporterait en plus un c\u00f4t\u00e9 s\u00e9curitaire, rassurant \u2018<em>On est accompagn\u00e9s, on n\u2019est pas seul dans l\u2019aventure<\/em>.\u2019 Certains insistent sur la compl\u00e9mentarit\u00e9 de ce parcours avec les programmes \u00e9tudi\u00e9s \u00e0 l\u2019universit\u00e9 qui ne pr\u00e9voient pas toujours de cours de gestion par exemple. Certains ont pr\u00e9f\u00e9r\u00e9 venir l\u00e0 parce qu\u2019un stage en entreprise ne leur offre pas la m\u00eame marge d\u2019initiatives. \u00ab\u00a0<em>En tant qu\u2019ind\u00e9pendant, c\u2019est moi qui d\u00e9cide\u00a0: quand prendre mes cong\u00e9s, si j\u2019ai envie de faire un compromis&#8230; On n\u2019est pas l\u00e0 que pour bosser, c\u2019est un projet de vie\u00a0! Une vie heureuse.<\/em>\u00a0\u00bb<\/p>\n<p>Nos coaches s\u2019en donnent d\u00e9j\u00e0 \u00e0 c\u0153ur joie\u00a0! C\u2019est d\u00e9finitivement gai et valorisant d\u2019accompagner les porteurs des id\u00e9es innovantes de demain. Nous souhaitons \u00e0 nos incub\u00e9s une belle aventure\u2026<\/p>\n<p>Suivez Boost Your Project sur <a href=\"https:\/\/www.facebook.com\/boostyourprojectbrussels\/\">Facebook<\/a><\/p>\n<p>En savoir plus sur <a href=\"https:\/\/ns381463.ip-94-23-248.eu\/GroupeOne2016\/wordpress\/nos-projets\/boost-your-project\/\">Boost Your Project<\/a> et sur <a href=\"https:\/\/ns381463.ip-94-23-248.eu\/GroupeOne2016\/wordpress\/nos-projets\/ihecs-preneur\/\">Ihecs-Preneurs<\/a><\/p>\n<p>[\/et_pb_blurb][\/et_pb_column][\/et_pb_row][\/et_pb_section][et_pb_section fb_built=&#8221;1&#8243; custom_padding_last_edited=&#8221;on|phone&#8221; disabled_on=&#8221;on|on|off&#8221; admin_label=&#8221;newsletter&#8221; _builder_version=&#8221;4.10.8&#8243; background_image=&#8221;https:\/\/ns381463.ip-94-23-248.eu\/GroupeOne2016\/wordpress\/wp-content\/uploads\/2017\/10\/BG-INFOLETTRE-ALL-ELEMENTS.png&#8221; custom_padding=&#8221;0px|0px|0px|0px&#8221; custom_padding_tablet=&#8221;|||0px&#8221; custom_padding_phone=&#8221;&#8221; global_module=&#8221;119058&#8243; saved_tabs=&#8221;all&#8221; locked=&#8221;off&#8221; global_colors_info=&#8221;{}&#8221;][et_pb_row _builder_version=&#8221;4.16&#8243; custom_css_main_element=&#8221;display: -webkit-box;||display: -ms-flexbox;||display: flex;||-webkit-box-align: center;||-ms-flex-align: center;||align-items: center;||-webkit-box-orient: horizontal;||-webkit-box-direction: normal;||-ms-flex-direction: row;||flex-direction: row;||-ms-flex-wrap: wrap;||flex-wrap: wrap;&#8221; global_colors_info=&#8221;{}&#8221;][et_pb_column type=&#8221;4_4&#8243; _builder_version=&#8221;4.16&#8243; custom_padding=&#8221;|||&#8221; global_colors_info=&#8221;{}&#8221; custom_padding__hover=&#8221;|||&#8221;][et_pb_cta title=&#8221;Abonnez-vous \u00e0 la newsletter de l&#8217;entrepreneuriat durable&#8221; button_url=&#8221;http:\/\/eepurl.com\/deLILL&#8221; url_new_window=&#8221;on&#8221; button_text=&#8221;S&#8217;inscrire&#8221; _builder_version=&#8221;4.16&#8243; use_background_color=&#8221;off&#8221; custom_button=&#8221;on&#8221; button_text_size=&#8221;18px&#8221; button_bg_color=&#8221;#adbb39&#8243; button_border_width=&#8221;0px&#8221; button_border_radius=&#8221;100px&#8221; button_font=&#8221;Nunito|300|||||||&#8221; button_use_icon=&#8221;off&#8221; button_alignment=&#8221;center&#8221; custom_padding=&#8221;|||&#8221; custom_css_promo_button=&#8221;padding:10px !important;||width:200px;&#8221; button_border_radius_hover=&#8221;100px&#8221; global_colors_info=&#8221;{}&#8221; button_text_size__hover_enabled=&#8221;off&#8221; button_one_text_size__hover_enabled=&#8221;off&#8221; button_two_text_size__hover_enabled=&#8221;off&#8221; button_text_color__hover_enabled=&#8221;off&#8221; button_one_text_color__hover_enabled=&#8221;off&#8221; button_two_text_color__hover_enabled=&#8221;off&#8221; button_border_width__hover_enabled=&#8221;off&#8221; button_one_border_width__hover_enabled=&#8221;off&#8221; button_two_border_width__hover_enabled=&#8221;off&#8221; button_border_color__hover_enabled=&#8221;off&#8221; button_one_border_color__hover_enabled=&#8221;off&#8221; button_two_border_color__hover_enabled=&#8221;off&#8221; button_border_radius__hover_enabled=&#8221;on&#8221; button_border_radius__hover=&#8221;100px&#8221; button_one_border_radius__hover_enabled=&#8221;off&#8221; button_two_border_radius__hover_enabled=&#8221;off&#8221; button_letter_spacing__hover_enabled=&#8221;off&#8221; button_one_letter_spacing__hover_enabled=&#8221;off&#8221; button_two_letter_spacing__hover_enabled=&#8221;off&#8221; button_bg_color__hover_enabled=&#8221;off&#8221; button_one_bg_color__hover_enabled=&#8221;off&#8221; button_two_bg_color__hover_enabled=&#8221;off&#8221;][\/et_pb_cta][\/et_pb_column][\/et_pb_row][\/et_pb_section][et_pb_section fb_built=&#8221;1&#8243; custom_padding_last_edited=&#8221;on|phone&#8221; disabled_on=&#8221;off|off|on&#8221; admin_label=&#8221;newsletter&#8221; _builder_version=&#8221;4.8.2&#8243; background_image=&#8221;https:\/\/ns381463.ip-94-23-248.eu\/GroupeOne2016\/wordpress\/wp-content\/uploads\/2017\/10\/BG-NEWSLETTERS-2.png&#8221; custom_padding=&#8221;0px|0px|0px|0px&#8221; custom_padding_tablet=&#8221;|||0px&#8221; custom_padding_phone=&#8221;&#8221; link_option_url=&#8221;https:\/\/groupeone.us12.list-manage.com\/subscribe?u=4b8cae888f20720725a172884&#038;id=4ca247c289&#8243; global_module=&#8221;121907&#8243; saved_tabs=&#8221;all&#8221; global_colors_info=&#8221;{}&#8221;][\/et_pb_section]<\/p>\n","protected":false},"excerpt":{"rendered":"<p>\u00a0 Deux incubateurs orient\u00e9s \u00e9tudiants et jeunes Dans le cadre des programmes BOOST YOUR PROJECT et IHECS-PRENEURS, Groupe One accueille ces jours-ci et pendant 3 mois une trentaine d\u2019\u00e9tudiants et [&hellip;]<\/p>\n","protected":false},"author":14,"featured_media":124562,"comment_status":"closed","ping_status":"closed","sticky":false,"template":"","format":"standard","meta":{"_et_pb_use_builder":"on","_et_pb_old_content":"","_et_gb_content_width":""},"categories":[87],"tags":[108,109,96],"yoast_head":"<!-- This site is optimized with the Yoast SEO plugin v19.13 - https:\/\/yoast.com\/wordpress\/plugins\/seo\/ -->\n<title>Boost Your Project et Ihecs-Preneurs : les deux incubateurs Jeunes qui font parler d&#039;eux - Groupe One<\/title>\n<meta name=\"robots\" content=\"index, follow, max-snippet:-1, max-image-preview:large, max-video-preview:-1\" \/>\n<link rel=\"canonical\" href=\"https:\/\/ns381463.ip-94-23-248.eu\/GroupeOne2016\/wordpress\/boost-your-project-et-ihecs-preneurs-les-deux-incubateurs-jeunes-qui-font-parler-deux\/\" \/>\n<meta property=\"og:locale\" content=\"fr_FR\" \/>\n<meta property=\"og:type\" content=\"article\" \/>\n<meta property=\"og:title\" content=\"Boost Your Project et Ihecs-Preneurs : les deux incubateurs Jeunes qui font parler d&#039;eux - Groupe One\" \/>\n<meta property=\"og:description\" content=\"\u00a0 Deux incubateurs orient\u00e9s \u00e9tudiants et jeunes Dans le cadre des programmes BOOST YOUR PROJECT et IHECS-PRENEURS, Groupe One accueille ces jours-ci et pendant 3 mois une trentaine d\u2019\u00e9tudiants et [&hellip;]\" \/>\n<meta property=\"og:url\" content=\"https:\/\/ns381463.ip-94-23-248.eu\/GroupeOne2016\/wordpress\/boost-your-project-et-ihecs-preneurs-les-deux-incubateurs-jeunes-qui-font-parler-deux\/\" \/>\n<meta property=\"og:site_name\" content=\"Groupe One\" \/>\n<meta property=\"article:published_time\" content=\"2018-02-19T12:28:22+00:00\" \/>\n<meta property=\"article:modified_time\" content=\"2023-01-06T09:43:47+00:00\" \/>\n<meta property=\"og:image\" content=\"https:\/\/ns381463.ip-94-23-248.eu\/GroupeOne2016\/wordpress\/wp-content\/uploads\/2018\/03\/Incubateur.gif\" \/>\n\t<meta property=\"og:image:width\" content=\"600\" \/>\n\t<meta property=\"og:image:height\" content=\"450\" \/>\n\t<meta property=\"og:image:type\" content=\"image\/gif\" \/>\n<meta name=\"author\" content=\"Justine de Montlivault\" \/>\n<meta name=\"twitter:card\" content=\"summary_large_image\" \/>\n<meta name=\"twitter:label1\" content=\"\u00c9crit par\" \/>\n\t<meta name=\"twitter:data1\" content=\"Justine de Montlivault\" \/>\n\t<meta name=\"twitter:label2\" content=\"Dur\u00e9e de lecture estim\u00e9e\" \/>\n\t<meta name=\"twitter:data2\" content=\"5 minutes\" \/>\n<script type=\"application\/ld+json\" class=\"yoast-schema-graph\">{\"@context\":\"https:\/\/schema.org\",\"@graph\":[{\"@type\":\"WebPage\",\"@id\":\"https:\/\/ns381463.ip-94-23-248.eu\/GroupeOne2016\/wordpress\/boost-your-project-et-ihecs-preneurs-les-deux-incubateurs-jeunes-qui-font-parler-deux\/\",\"url\":\"https:\/\/ns381463.ip-94-23-248.eu\/GroupeOne2016\/wordpress\/boost-your-project-et-ihecs-preneurs-les-deux-incubateurs-jeunes-qui-font-parler-deux\/\",\"name\":\"Boost Your Project et Ihecs-Preneurs : les deux incubateurs Jeunes qui font parler d'eux - Groupe One\",\"isPartOf\":{\"@id\":\"https:\/\/ns381463.ip-94-23-248.eu\/GroupeOne2016\/wordpress\/#website\"},\"datePublished\":\"2018-02-19T12:28:22+00:00\",\"dateModified\":\"2023-01-06T09:43:47+00:00\",\"author\":{\"@id\":\"https:\/\/ns381463.ip-94-23-248.eu\/GroupeOne2016\/wordpress\/#\/schema\/person\/8bcb6e90f26a897df78b177a4b54480a\"},\"breadcrumb\":{\"@id\":\"https:\/\/ns381463.ip-94-23-248.eu\/GroupeOne2016\/wordpress\/boost-your-project-et-ihecs-preneurs-les-deux-incubateurs-jeunes-qui-font-parler-deux\/#breadcrumb\"},\"inLanguage\":\"fr-FR\",\"potentialAction\":[{\"@type\":\"ReadAction\",\"target\":[\"https:\/\/ns381463.ip-94-23-248.eu\/GroupeOne2016\/wordpress\/boost-your-project-et-ihecs-preneurs-les-deux-incubateurs-jeunes-qui-font-parler-deux\/\"]}]},{\"@type\":\"BreadcrumbList\",\"@id\":\"https:\/\/ns381463.ip-94-23-248.eu\/GroupeOne2016\/wordpress\/boost-your-project-et-ihecs-preneurs-les-deux-incubateurs-jeunes-qui-font-parler-deux\/#breadcrumb\",\"itemListElement\":[{\"@type\":\"ListItem\",\"position\":1,\"name\":\"Accueil\",\"item\":\"https:\/\/ns381463.ip-94-23-248.eu\/GroupeOne2016\/wordpress\/\"},{\"@type\":\"ListItem\",\"position\":2,\"name\":\"Boost Your Project et Ihecs-Preneurs : les deux incubateurs Jeunes qui font parler d&#8217;eux\"}]},{\"@type\":\"WebSite\",\"@id\":\"https:\/\/ns381463.ip-94-23-248.eu\/GroupeOne2016\/wordpress\/#website\",\"url\":\"https:\/\/ns381463.ip-94-23-248.eu\/GroupeOne2016\/wordpress\/\",\"name\":\"Groupe One\",\"description\":\"Groupe One est une organisation belge qui facilite la transition vers une \u00e9conomie durable. Elle est active \u00e0 Bruxelles et en Wallonie.\",\"potentialAction\":[{\"@type\":\"SearchAction\",\"target\":{\"@type\":\"EntryPoint\",\"urlTemplate\":\"https:\/\/ns381463.ip-94-23-248.eu\/GroupeOne2016\/wordpress\/?s={search_term_string}\"},\"query-input\":\"required name=search_term_string\"}],\"inLanguage\":\"fr-FR\"},{\"@type\":\"Person\",\"@id\":\"https:\/\/ns381463.ip-94-23-248.eu\/GroupeOne2016\/wordpress\/#\/schema\/person\/8bcb6e90f26a897df78b177a4b54480a\",\"name\":\"Justine de Montlivault\",\"image\":{\"@type\":\"ImageObject\",\"inLanguage\":\"fr-FR\",\"@id\":\"https:\/\/ns381463.ip-94-23-248.eu\/GroupeOne2016\/wordpress\/#\/schema\/person\/image\/\",\"url\":\"https:\/\/secure.gravatar.com\/avatar\/7c08e52f5be53f14efcdd69f917dfd51?s=96&d=mm&r=g\",\"contentUrl\":\"https:\/\/secure.gravatar.com\/avatar\/7c08e52f5be53f14efcdd69f917dfd51?s=96&d=mm&r=g\",\"caption\":\"Justine de Montlivault\"},\"url\":\"https:\/\/ns381463.ip-94-23-248.eu\/GroupeOne2016\/wordpress\/author\/g1-justine\/\"}]}<\/script>\n<!-- \/ Yoast SEO plugin. -->","yoast_head_json":{"title":"Boost Your Project et Ihecs-Preneurs : les deux incubateurs Jeunes qui font parler d'eux - Groupe One","robots":{"index":"index","follow":"follow","max-snippet":"max-snippet:-1","max-image-preview":"max-image-preview:large","max-video-preview":"max-video-preview:-1"},"canonical":"https:\/\/ns381463.ip-94-23-248.eu\/GroupeOne2016\/wordpress\/boost-your-project-et-ihecs-preneurs-les-deux-incubateurs-jeunes-qui-font-parler-deux\/","og_locale":"fr_FR","og_type":"article","og_title":"Boost Your Project et Ihecs-Preneurs : les deux incubateurs Jeunes qui font parler d'eux - Groupe One","og_description":"\u00a0 Deux incubateurs orient\u00e9s \u00e9tudiants et jeunes Dans le cadre des programmes BOOST YOUR PROJECT et IHECS-PRENEURS, Groupe One accueille ces jours-ci et pendant 3 mois une trentaine d\u2019\u00e9tudiants et [&hellip;]","og_url":"https:\/\/ns381463.ip-94-23-248.eu\/GroupeOne2016\/wordpress\/boost-your-project-et-ihecs-preneurs-les-deux-incubateurs-jeunes-qui-font-parler-deux\/","og_site_name":"Groupe One","article_published_time":"2018-02-19T12:28:22+00:00","article_modified_time":"2023-01-06T09:43:47+00:00","og_image":[{"width":600,"height":450,"url":"https:\/\/ns381463.ip-94-23-248.eu\/GroupeOne2016\/wordpress\/wp-content\/uploads\/2018\/03\/Incubateur.gif","type":"image\/gif"}],"author":"Justine de Montlivault","twitter_card":"summary_large_image","twitter_misc":{"\u00c9crit par":"Justine de Montlivault","Dur\u00e9e de lecture estim\u00e9e":"5 minutes"},"schema":{"@context":"https:\/\/schema.org","@graph":[{"@type":"WebPage","@id":"https:\/\/ns381463.ip-94-23-248.eu\/GroupeOne2016\/wordpress\/boost-your-project-et-ihecs-preneurs-les-deux-incubateurs-jeunes-qui-font-parler-deux\/","url":"https:\/\/ns381463.ip-94-23-248.eu\/GroupeOne2016\/wordpress\/boost-your-project-et-ihecs-preneurs-les-deux-incubateurs-jeunes-qui-font-parler-deux\/","name":"Boost Your Project et Ihecs-Preneurs : les deux incubateurs Jeunes qui font parler d'eux - Groupe One","isPartOf":{"@id":"https:\/\/ns381463.ip-94-23-248.eu\/GroupeOne2016\/wordpress\/#website"},"datePublished":"2018-02-19T12:28:22+00:00","dateModified":"2023-01-06T09:43:47+00:00","author":{"@id":"https:\/\/ns381463.ip-94-23-248.eu\/GroupeOne2016\/wordpress\/#\/schema\/person\/8bcb6e90f26a897df78b177a4b54480a"},"breadcrumb":{"@id":"https:\/\/ns381463.ip-94-23-248.eu\/GroupeOne2016\/wordpress\/boost-your-project-et-ihecs-preneurs-les-deux-incubateurs-jeunes-qui-font-parler-deux\/#breadcrumb"},"inLanguage":"fr-FR","potentialAction":[{"@type":"ReadAction","target":["https:\/\/ns381463.ip-94-23-248.eu\/GroupeOne2016\/wordpress\/boost-your-project-et-ihecs-preneurs-les-deux-incubateurs-jeunes-qui-font-parler-deux\/"]}]},{"@type":"BreadcrumbList","@id":"https:\/\/ns381463.ip-94-23-248.eu\/GroupeOne2016\/wordpress\/boost-your-project-et-ihecs-preneurs-les-deux-incubateurs-jeunes-qui-font-parler-deux\/#breadcrumb","itemListElement":[{"@type":"ListItem","position":1,"name":"Accueil","item":"https:\/\/ns381463.ip-94-23-248.eu\/GroupeOne2016\/wordpress\/"},{"@type":"ListItem","position":2,"name":"Boost Your Project et Ihecs-Preneurs : les deux incubateurs Jeunes qui font parler d&#8217;eux"}]},{"@type":"WebSite","@id":"https:\/\/ns381463.ip-94-23-248.eu\/GroupeOne2016\/wordpress\/#website","url":"https:\/\/ns381463.ip-94-23-248.eu\/GroupeOne2016\/wordpress\/","name":"Groupe One","description":"Groupe One est une organisation belge qui facilite la transition vers une \u00e9conomie durable. Elle est active \u00e0 Bruxelles et en Wallonie.","potentialAction":[{"@type":"SearchAction","target":{"@type":"EntryPoint","urlTemplate":"https:\/\/ns381463.ip-94-23-248.eu\/GroupeOne2016\/wordpress\/?s={search_term_string}"},"query-input":"required name=search_term_string"}],"inLanguage":"fr-FR"},{"@type":"Person","@id":"https:\/\/ns381463.ip-94-23-248.eu\/GroupeOne2016\/wordpress\/#\/schema\/person\/8bcb6e90f26a897df78b177a4b54480a","name":"Justine de Montlivault","image":{"@type":"ImageObject","inLanguage":"fr-FR","@id":"https:\/\/ns381463.ip-94-23-248.eu\/GroupeOne2016\/wordpress\/#\/schema\/person\/image\/","url":"https:\/\/secure.gravatar.com\/avatar\/7c08e52f5be53f14efcdd69f917dfd51?s=96&d=mm&r=g","contentUrl":"https:\/\/secure.gravatar.com\/avatar\/7c08e52f5be53f14efcdd69f917dfd51?s=96&d=mm&r=g","caption":"Justine de Montlivault"},"url":"https:\/\/ns381463.ip-94-23-248.eu\/GroupeOne2016\/wordpress\/author\/g1-justine\/"}]}},"_links":{"self":[{"href":"https:\/\/ns381463.ip-94-23-248.eu\/GroupeOne2016\/wordpress\/wp-json\/wp\/v2\/posts\/124559"}],"collection":[{"href":"https:\/\/ns381463.ip-94-23-248.eu\/GroupeOne2016\/wordpress\/wp-json\/wp\/v2\/posts"}],"about":[{"href":"https:\/\/ns381463.ip-94-23-248.eu\/GroupeOne2016\/wordpress\/wp-json\/wp\/v2\/types\/post"}],"author":[{"embeddable":true,"href":"https:\/\/ns381463.ip-94-23-248.eu\/GroupeOne2016\/wordpress\/wp-json\/wp\/v2\/users\/14"}],"replies":[{"embeddable":true,"href":"https:\/\/ns381463.ip-94-23-248.eu\/GroupeOne2016\/wordpress\/wp-json\/wp\/v2\/comments?post=124559"}],"version-history":[{"count":10,"href":"https:\/\/ns381463.ip-94-23-248.eu\/GroupeOne2016\/wordpress\/wp-json\/wp\/v2\/posts\/124559\/revisions"}],"predecessor-version":[{"id":132010,"href":"https:\/\/ns381463.ip-94-23-248.eu\/GroupeOne2016\/wordpress\/wp-json\/wp\/v2\/posts\/124559\/revisions\/132010"}],"wp:featuredmedia":[{"embeddable":true,"href":"https:\/\/ns381463.ip-94-23-248.eu\/GroupeOne2016\/wordpress\/wp-json\/wp\/v2\/media\/124562"}],"wp:attachment":[{"href":"https:\/\/ns381463.ip-94-23-248.eu\/GroupeOne2016\/wordpress\/wp-json\/wp\/v2\/media?parent=124559"}],"wp:term":[{"taxonomy":"category","embeddable":true,"href":"https:\/\/ns381463.ip-94-23-248.eu\/GroupeOne2016\/wordpress\/wp-json\/wp\/v2\/categories?post=124559"},{"taxonomy":"post_tag","embeddable":true,"href":"https:\/\/ns381463.ip-94-23-248.eu\/GroupeOne2016\/wordpress\/wp-json\/wp\/v2\/tags?post=124559"}],"curies":[{"name":"wp","href":"https:\/\/api.w.org\/{rel}","templated":true}]}}