{"id":123553,"date":"2017-12-22T11:51:00","date_gmt":"2017-12-22T10:51:00","guid":{"rendered":"https:\/\/ns381463.ip-94-23-248.eu\/GroupeOne2016\/wordpress\/?p=123553"},"modified":"2018-01-17T18:33:00","modified_gmt":"2018-01-17T17:33:00","slug":"etre-commercant-cest-quoi-le-probleme-le-projet-rereb-cest-quoi-la-suite","status":"publish","type":"post","link":"https:\/\/ns381463.ip-94-23-248.eu\/GroupeOne2016\/wordpress\/etre-commercant-cest-quoi-le-probleme-le-projet-rereb-cest-quoi-la-suite\/","title":{"rendered":"Etre commer\u00e7ant, c&#8217;est quoi le probl\u00e8me ? Le projet REREB, c&#8217;est quoi la suite ?"},"content":{"rendered":"<p><span style=\"font-size: 16px;\"><img decoding=\"async\" loading=\"lazy\" class=\"size-full wp-image-123565 aligncenter\" src=\"https:\/\/ns381463.ip-94-23-248.eu\/GroupeOne2016\/wordpress\/wp-content\/uploads\/2017\/12\/20171204-REREB.jpg\" alt=\"\" width=\"3788\" height=\"1992\" \/><\/span><\/p>\n<p><span style=\"font-size: 16px;\">Lundi 4 D\u00e9cembre 2017, les partenaires du projet REREB (Groupe One &#8211; ULB \u2013 Atrium) organisaient un<strong> atelier de r\u00e9flexion dont l\u2019objectif \u00e9tait de d\u00e9finir et valider collectivement les principales difficult\u00e9s des commer\u00e7ants bruxellois<\/strong>.<\/span><\/p>\n<p><span style=\"font-size: 16px;\">Qu\u2019est-ce qui les impacte ? Qu\u2019est-ce qui les aide ou les aiderait \u00e0 rebondir apr\u00e8s un choc, petit ou grand ? Vastes questions situ\u00e9es au c\u0153ur du projet Rereb et qui nous ont anim\u00e9s durant une soir\u00e9e de riches \u00e9changes.<\/span><\/p>\n<p><span style=\"font-size: 16px;\">La qualit\u00e9 du d\u00e9bat \u00e9tait au rendez-vous ! Gr\u00e2ce \u00e0 la pr\u00e9sence d\u2019acteurs, d\u2019horizons diff\u00e9rents, qui ont jou\u00e9 le jeu de l\u2019intelligence collective : commer\u00e7ants, association de commer\u00e7ants, unions professionnelles, chercheurs, accompagnateurs \u00e0 la cr\u00e9ation d\u2019entreprise\u2026<\/span><\/p>\n<p><span style=\"font-size: 16px;\">Inspir\u00e9 par les principes du Design Thinking, cet atelier s\u2019est d\u00e9roul\u00e9 en plusieurs \u00e9tapes.<\/span><\/p>\n<p><span style=\"font-size: 16px;\">Dans un premier temps, un brainstorming a permis aux participants d\u2019exprimer ce qui, selon eux, constitue les difficult\u00e9s majeures v\u00e9cues par les commer\u00e7ants. L\u2019exercice s\u2019est cl\u00f4tur\u00e9 par un vote afin de s\u00e9lectionner les facteurs les plus importants et prioritaires. Quatre grands enjeux se sont d\u00e9gag\u00e9s de la discussion :<\/span><\/p>\n<p><span style=\"font-size: 16px;\"> 1. La complexit\u00e9 du m\u00e9tier &#8211; \u2018C\u2019est difficile pour le commer\u00e7ant d\u2019\u00eatre comp\u00e9tent dans tous les domaines.\u2019<\/span><br \/>\n<span style=\"font-size: 16px;\"> 2. Le manque de r\u00e9flexion et d\u2019action collective &#8211; \u2018Le commer\u00e7ant a peu d\u2019alli\u00e9s\u2019<\/span><br \/>\n<span style=\"font-size: 16px;\"> 3. La Formation &#8211; \u2018La n\u00e9cessit\u00e9 de compl\u00e9ter une formation de base pour \u00eatre davantage polyvalent.\u2019<\/span><br \/>\n<span style=\"font-size: 16px;\"> 4. Comprendre les changements de la demande &#8211; \u2018La ville change rapidement. Difficile de s\u2019adapter. De \u2018lire\u2019 une client\u00e8le.\u2019<\/span><\/p>\n<p><span style=\"font-size: 16px;\">Dans un second temps, quatre \u00e9quipes ont chacune approfondi un de ces enjeux au travers de l\u2019exercice du \u00ab bateau \u00bb. Cette m\u00e9thode vise \u00e0 inventorier, d\u2019une part les \u00e9l\u00e9ments qui bloquent ou compliquent la situation (les ancres) et, d\u2019autre part, les \u00e9l\u00e9ments qui permettent \u2013 ou permettraient \u2013 de lever ces ancres et braver le mauvais temps (les vents favorables). L\u2019exemple ci-dessous illustre le d\u00e9bat qui a pris place autour du facteur de la complexit\u00e9 du m\u00e9tier.<\/span><\/p>\n<p><span style=\"font-size: 16px;\"><img decoding=\"async\" loading=\"lazy\" class=\"alignnone size-full wp-image-123555 aligncenter\" src=\"https:\/\/ns381463.ip-94-23-248.eu\/GroupeOne2016\/wordpress\/wp-content\/uploads\/2017\/12\/rereb_postatelier0_2.jpg\" alt=\"\" width=\"605\" height=\"341\" \/><\/span><\/p>\n<p><span style=\"font-size: 16px;\">Cet exercice s\u2019est cl\u00f4tur\u00e9 par l\u2019expression de 16 sous-enjeux et d\u2019un nouveau vote afin de valider ceux qui feront l\u2019objet des futurs ateliers de co construction de solutions.<\/span><\/p>\n<p><span style=\"font-size: 16px;\">Notre bateau Rereb, qui a largu\u00e9 les amarres en f\u00e9vrier 2017, peut enfin prendre le large gr\u00e2ce \u00e0 vous ! <strong>Cet atelier cl\u00f4ture<\/strong> en effet une des \u00e9tapes cl\u00e9s du projet, \u00e0 savoir <strong>la phase de diagnostic<\/strong>, pendant laquelle nous avons confront\u00e9, questionn\u00e9, analys\u00e9 les difficult\u00e9s et facteurs de succ\u00e8s \u00e9nonc\u00e9s par des experts du secteur et par les experts du terrain, \u00e0 savoir les commer\u00e7ants. Cela fait maintenant 6 mois que notre \u00e9quipe parcourt les noyaux commer\u00e7ants bruxellois \u00e0 la rencontre de commer\u00e7ants qui nous aident \u00e0 traiter ces questions et nous guident sur le chemin du projet Rereb. En v\u00e9ritables co-chercheurs, ils ont contribu\u00e9 et contribueront encore \u00e0 <strong>imaginer et tester des solutions innovantes destin\u00e9es \u00e0 renforcer le commerce de la R\u00e9gion bruxelloise et \u00e0 am\u00e9liorer les conditions du m\u00e9tier<\/strong>.<\/span><\/p>\n<p><span style=\"font-size: 16px;\">Apr\u00e8s le diagnostic, <strong>place \u00e0 l\u2019action<\/strong> ! Les d\u00e9bats de l\u2019atelier nous ont permis de prioriser les sujets de recherche et les pistes de solutions que nous d\u00e9velopperons lors des <strong>s\u00e9ances suivantes<\/strong>, notamment :<\/span><\/p>\n<p><span style=\"font-size: 16px;\"> 1. Face au constat qu\u2019il faudrait plus de solidarit\u00e9 entre commer\u00e7ants, la <strong>question du collectif<\/strong>.<\/span><\/p>\n<p><span style=\"font-size: 16px;\"><img decoding=\"async\" loading=\"lazy\" class=\"alignnone size-full wp-image-123556\" src=\"https:\/\/ns381463.ip-94-23-248.eu\/GroupeOne2016\/wordpress\/wp-content\/uploads\/2017\/12\/rereb_postatelier0_3.jpg\" alt=\"\" width=\"449\" height=\"141\" \/><\/span><\/p>\n<p><span style=\"font-size: 16px;\">2. Face au constat que l\u2019offre de formation actuelle n\u2019est pas adapt\u00e9e aux besoins des commer\u00e7ants, la <strong>question de la formation<\/strong>.<\/span><\/p>\n<p><span style=\"font-size: 16px;\"><img decoding=\"async\" loading=\"lazy\" class=\"alignnone size-full wp-image-123557\" src=\"https:\/\/ns381463.ip-94-23-248.eu\/GroupeOne2016\/wordpress\/wp-content\/uploads\/2017\/12\/rereb_postatelier0_4.jpg\" alt=\"\" width=\"462\" height=\"141\" \/><\/span><\/p>\n<p><span style=\"font-size: 16px;\">3. Face au ressenti d\u2019isolement exprim\u00e9 par le commer\u00e7ant, la <strong>question de la qualit\u00e9 de vie du commer\u00e7ant et les notions d\u2019estime de soi et de bien-\u00eatre au travail<\/strong>.<\/span><\/p>\n<p><span style=\"font-size: 16px;\"><img decoding=\"async\" loading=\"lazy\" class=\"alignnone size-full wp-image-123558\" src=\"https:\/\/ns381463.ip-94-23-248.eu\/GroupeOne2016\/wordpress\/wp-content\/uploads\/2017\/12\/rereb_postatelier0_5.jpg\" alt=\"\" width=\"152\" height=\"145\" \/><\/span><\/p>\n<p><span style=\"font-size: 16px;\">Les dates de ces prochaines s\u00e9ances de travail collectif et de convivialit\u00e9 vous seront communiqu\u00e9es tr\u00e8s prochainement !<\/span><\/p>\n<p><span style=\"font-size: 16px;\">En attendant, nous tenons \u00e0 <strong>tous vous remercier chaleureusement<\/strong> pour votre participation aux premi\u00e8res rencontres que nous avons organis\u00e9es.<\/span><\/p>\n<p><span style=\"font-size: 16px;\">Nous vous souhaitons <strong>d\u2019excellentes f\u00eates de fin d\u2019ann\u00e9e<\/strong> autour d\u2019un bon repas et de cadeaux d\u00e9nich\u00e9s aupr\u00e8s de vos commer\u00e7ants pr\u00e9f\u00e9r\u00e9s.<\/span><\/p>\n<p><span style=\"font-size: 16px;\">L\u2019\u00e9quipe REREB<\/span><\/p>\n<p><span style=\"font-size: 16px;\"><img decoding=\"async\" loading=\"lazy\" class=\"size-full wp-image-123559 aligncenter\" src=\"https:\/\/ns381463.ip-94-23-248.eu\/GroupeOne2016\/wordpress\/wp-content\/uploads\/2017\/12\/rereb_postatelier0_6.jpg\" alt=\"\" width=\"202\" height=\"202\" \/><\/span><\/p>\n<p style=\"text-align: center;\"><span style=\"font-size: 8px;\">http:\/\/humourtop.com<\/span><\/p>\n<p><span style=\"font-size: 16px;\"><img decoding=\"async\" loading=\"lazy\" class=\"size-full wp-image-123560 aligncenter\" src=\"https:\/\/ns381463.ip-94-23-248.eu\/GroupeOne2016\/wordpress\/wp-content\/uploads\/2017\/12\/rereb_postatelier0_7.jpg\" alt=\"\" width=\"229\" height=\"140\" \/><\/span><\/p>\n<p><span style=\"font-size: 16px;\"><img decoding=\"async\" loading=\"lazy\" class=\"size-full wp-image-123562 aligncenter\" src=\"https:\/\/ns381463.ip-94-23-248.eu\/GroupeOne2016\/wordpress\/wp-content\/uploads\/2017\/12\/rereb_postatelier0_8-1.jpg\" alt=\"\" width=\"921\" height=\"194\" \/><\/span><\/p>\n","protected":false},"excerpt":{"rendered":"<p>Lundi 4 D\u00e9cembre 2017, les partenaires du projet REREB (Groupe One &#8211; ULB \u2013 Atrium) organisaient un atelier de r\u00e9flexion dont l\u2019objectif \u00e9tait de d\u00e9finir et valider collectivement les principales [&hellip;]<\/p>\n","protected":false},"author":6,"featured_media":123565,"comment_status":"open","ping_status":"open","sticky":false,"template":"","format":"standard","meta":{"_et_pb_use_builder":"","_et_pb_old_content":"","_et_gb_content_width":""},"categories":[87],"tags":[],"yoast_head":"<!-- This site is optimized with the Yoast SEO plugin v19.13 - https:\/\/yoast.com\/wordpress\/plugins\/seo\/ -->\n<title>Etre commer\u00e7ant, c&#039;est quoi le probl\u00e8me ? Le projet REREB, c&#039;est quoi la suite ? - Groupe One<\/title>\n<meta name=\"robots\" content=\"index, follow, max-snippet:-1, max-image-preview:large, max-video-preview:-1\" \/>\n<link rel=\"canonical\" href=\"https:\/\/ns381463.ip-94-23-248.eu\/GroupeOne2016\/wordpress\/etre-commercant-cest-quoi-le-probleme-le-projet-rereb-cest-quoi-la-suite\/\" \/>\n<meta property=\"og:locale\" content=\"fr_FR\" \/>\n<meta property=\"og:type\" content=\"article\" \/>\n<meta property=\"og:title\" content=\"Etre commer\u00e7ant, c&#039;est quoi le probl\u00e8me ? Le projet REREB, c&#039;est quoi la suite ? - Groupe One\" \/>\n<meta property=\"og:description\" content=\"Lundi 4 D\u00e9cembre 2017, les partenaires du projet REREB (Groupe One &#8211; ULB \u2013 Atrium) organisaient un atelier de r\u00e9flexion dont l\u2019objectif \u00e9tait de d\u00e9finir et valider collectivement les principales [&hellip;]\" \/>\n<meta property=\"og:url\" content=\"https:\/\/ns381463.ip-94-23-248.eu\/GroupeOne2016\/wordpress\/etre-commercant-cest-quoi-le-probleme-le-projet-rereb-cest-quoi-la-suite\/\" \/>\n<meta property=\"og:site_name\" content=\"Groupe One\" \/>\n<meta property=\"article:published_time\" content=\"2017-12-22T10:51:00+00:00\" \/>\n<meta property=\"article:modified_time\" content=\"2018-01-17T17:33:00+00:00\" \/>\n<meta property=\"og:image\" content=\"https:\/\/ns381463.ip-94-23-248.eu\/GroupeOne2016\/wordpress\/wp-content\/uploads\/2017\/12\/20171204-REREB.jpg\" \/>\n\t<meta property=\"og:image:width\" content=\"3788\" \/>\n\t<meta property=\"og:image:height\" content=\"1992\" \/>\n\t<meta property=\"og:image:type\" content=\"image\/jpeg\" \/>\n<meta name=\"author\" content=\"Emmanuel d&#039;Ieteren\" \/>\n<meta name=\"twitter:card\" content=\"summary_large_image\" \/>\n<meta name=\"twitter:label1\" content=\"\u00c9crit par\" \/>\n\t<meta name=\"twitter:data1\" content=\"Emmanuel d'Ieteren\" \/>\n\t<meta name=\"twitter:label2\" content=\"Dur\u00e9e de lecture estim\u00e9e\" \/>\n\t<meta name=\"twitter:data2\" content=\"4 minutes\" \/>\n<script type=\"application\/ld+json\" class=\"yoast-schema-graph\">{\"@context\":\"https:\/\/schema.org\",\"@graph\":[{\"@type\":\"WebPage\",\"@id\":\"https:\/\/ns381463.ip-94-23-248.eu\/GroupeOne2016\/wordpress\/etre-commercant-cest-quoi-le-probleme-le-projet-rereb-cest-quoi-la-suite\/\",\"url\":\"https:\/\/ns381463.ip-94-23-248.eu\/GroupeOne2016\/wordpress\/etre-commercant-cest-quoi-le-probleme-le-projet-rereb-cest-quoi-la-suite\/\",\"name\":\"Etre commer\u00e7ant, c'est quoi le probl\u00e8me ? Le projet REREB, c'est quoi la suite ? - Groupe One\",\"isPartOf\":{\"@id\":\"https:\/\/ns381463.ip-94-23-248.eu\/GroupeOne2016\/wordpress\/#website\"},\"datePublished\":\"2017-12-22T10:51:00+00:00\",\"dateModified\":\"2018-01-17T17:33:00+00:00\",\"author\":{\"@id\":\"https:\/\/ns381463.ip-94-23-248.eu\/GroupeOne2016\/wordpress\/#\/schema\/person\/ae752b8f6b2f12524dc491d5dcac6203\"},\"breadcrumb\":{\"@id\":\"https:\/\/ns381463.ip-94-23-248.eu\/GroupeOne2016\/wordpress\/etre-commercant-cest-quoi-le-probleme-le-projet-rereb-cest-quoi-la-suite\/#breadcrumb\"},\"inLanguage\":\"fr-FR\",\"potentialAction\":[{\"@type\":\"ReadAction\",\"target\":[\"https:\/\/ns381463.ip-94-23-248.eu\/GroupeOne2016\/wordpress\/etre-commercant-cest-quoi-le-probleme-le-projet-rereb-cest-quoi-la-suite\/\"]}]},{\"@type\":\"BreadcrumbList\",\"@id\":\"https:\/\/ns381463.ip-94-23-248.eu\/GroupeOne2016\/wordpress\/etre-commercant-cest-quoi-le-probleme-le-projet-rereb-cest-quoi-la-suite\/#breadcrumb\",\"itemListElement\":[{\"@type\":\"ListItem\",\"position\":1,\"name\":\"Accueil\",\"item\":\"https:\/\/ns381463.ip-94-23-248.eu\/GroupeOne2016\/wordpress\/\"},{\"@type\":\"ListItem\",\"position\":2,\"name\":\"Etre commer\u00e7ant, c&#8217;est quoi le probl\u00e8me ? Le projet REREB, c&#8217;est quoi la suite ?\"}]},{\"@type\":\"WebSite\",\"@id\":\"https:\/\/ns381463.ip-94-23-248.eu\/GroupeOne2016\/wordpress\/#website\",\"url\":\"https:\/\/ns381463.ip-94-23-248.eu\/GroupeOne2016\/wordpress\/\",\"name\":\"Groupe One\",\"description\":\"Groupe One est une organisation belge qui facilite la transition vers une \u00e9conomie durable. Elle est active \u00e0 Bruxelles et en Wallonie.\",\"potentialAction\":[{\"@type\":\"SearchAction\",\"target\":{\"@type\":\"EntryPoint\",\"urlTemplate\":\"https:\/\/ns381463.ip-94-23-248.eu\/GroupeOne2016\/wordpress\/?s={search_term_string}\"},\"query-input\":\"required name=search_term_string\"}],\"inLanguage\":\"fr-FR\"},{\"@type\":\"Person\",\"@id\":\"https:\/\/ns381463.ip-94-23-248.eu\/GroupeOne2016\/wordpress\/#\/schema\/person\/ae752b8f6b2f12524dc491d5dcac6203\",\"name\":\"Emmanuel d'Ieteren\",\"image\":{\"@type\":\"ImageObject\",\"inLanguage\":\"fr-FR\",\"@id\":\"https:\/\/ns381463.ip-94-23-248.eu\/GroupeOne2016\/wordpress\/#\/schema\/person\/image\/\",\"url\":\"https:\/\/secure.gravatar.com\/avatar\/61e87bb6386afed4db210187c9f7a94b?s=96&d=mm&r=g\",\"contentUrl\":\"https:\/\/secure.gravatar.com\/avatar\/61e87bb6386afed4db210187c9f7a94b?s=96&d=mm&r=g\",\"caption\":\"Emmanuel d'Ieteren\"},\"url\":\"https:\/\/ns381463.ip-94-23-248.eu\/GroupeOne2016\/wordpress\/author\/mdieteren\/\"}]}<\/script>\n<!-- \/ Yoast SEO plugin. -->","yoast_head_json":{"title":"Etre commer\u00e7ant, c'est quoi le probl\u00e8me ? Le projet REREB, c'est quoi la suite ? - Groupe One","robots":{"index":"index","follow":"follow","max-snippet":"max-snippet:-1","max-image-preview":"max-image-preview:large","max-video-preview":"max-video-preview:-1"},"canonical":"https:\/\/ns381463.ip-94-23-248.eu\/GroupeOne2016\/wordpress\/etre-commercant-cest-quoi-le-probleme-le-projet-rereb-cest-quoi-la-suite\/","og_locale":"fr_FR","og_type":"article","og_title":"Etre commer\u00e7ant, c'est quoi le probl\u00e8me ? Le projet REREB, c'est quoi la suite ? - Groupe One","og_description":"Lundi 4 D\u00e9cembre 2017, les partenaires du projet REREB (Groupe One &#8211; ULB \u2013 Atrium) organisaient un atelier de r\u00e9flexion dont l\u2019objectif \u00e9tait de d\u00e9finir et valider collectivement les principales [&hellip;]","og_url":"https:\/\/ns381463.ip-94-23-248.eu\/GroupeOne2016\/wordpress\/etre-commercant-cest-quoi-le-probleme-le-projet-rereb-cest-quoi-la-suite\/","og_site_name":"Groupe One","article_published_time":"2017-12-22T10:51:00+00:00","article_modified_time":"2018-01-17T17:33:00+00:00","og_image":[{"width":3788,"height":1992,"url":"https:\/\/ns381463.ip-94-23-248.eu\/GroupeOne2016\/wordpress\/wp-content\/uploads\/2017\/12\/20171204-REREB.jpg","type":"image\/jpeg"}],"author":"Emmanuel d'Ieteren","twitter_card":"summary_large_image","twitter_misc":{"\u00c9crit par":"Emmanuel d'Ieteren","Dur\u00e9e de lecture estim\u00e9e":"4 minutes"},"schema":{"@context":"https:\/\/schema.org","@graph":[{"@type":"WebPage","@id":"https:\/\/ns381463.ip-94-23-248.eu\/GroupeOne2016\/wordpress\/etre-commercant-cest-quoi-le-probleme-le-projet-rereb-cest-quoi-la-suite\/","url":"https:\/\/ns381463.ip-94-23-248.eu\/GroupeOne2016\/wordpress\/etre-commercant-cest-quoi-le-probleme-le-projet-rereb-cest-quoi-la-suite\/","name":"Etre commer\u00e7ant, c'est quoi le probl\u00e8me ? Le projet REREB, c'est quoi la suite ? - Groupe One","isPartOf":{"@id":"https:\/\/ns381463.ip-94-23-248.eu\/GroupeOne2016\/wordpress\/#website"},"datePublished":"2017-12-22T10:51:00+00:00","dateModified":"2018-01-17T17:33:00+00:00","author":{"@id":"https:\/\/ns381463.ip-94-23-248.eu\/GroupeOne2016\/wordpress\/#\/schema\/person\/ae752b8f6b2f12524dc491d5dcac6203"},"breadcrumb":{"@id":"https:\/\/ns381463.ip-94-23-248.eu\/GroupeOne2016\/wordpress\/etre-commercant-cest-quoi-le-probleme-le-projet-rereb-cest-quoi-la-suite\/#breadcrumb"},"inLanguage":"fr-FR","potentialAction":[{"@type":"ReadAction","target":["https:\/\/ns381463.ip-94-23-248.eu\/GroupeOne2016\/wordpress\/etre-commercant-cest-quoi-le-probleme-le-projet-rereb-cest-quoi-la-suite\/"]}]},{"@type":"BreadcrumbList","@id":"https:\/\/ns381463.ip-94-23-248.eu\/GroupeOne2016\/wordpress\/etre-commercant-cest-quoi-le-probleme-le-projet-rereb-cest-quoi-la-suite\/#breadcrumb","itemListElement":[{"@type":"ListItem","position":1,"name":"Accueil","item":"https:\/\/ns381463.ip-94-23-248.eu\/GroupeOne2016\/wordpress\/"},{"@type":"ListItem","position":2,"name":"Etre commer\u00e7ant, c&#8217;est quoi le probl\u00e8me ? Le projet REREB, c&#8217;est quoi la suite ?"}]},{"@type":"WebSite","@id":"https:\/\/ns381463.ip-94-23-248.eu\/GroupeOne2016\/wordpress\/#website","url":"https:\/\/ns381463.ip-94-23-248.eu\/GroupeOne2016\/wordpress\/","name":"Groupe One","description":"Groupe One est une organisation belge qui facilite la transition vers une \u00e9conomie durable. Elle est active \u00e0 Bruxelles et en Wallonie.","potentialAction":[{"@type":"SearchAction","target":{"@type":"EntryPoint","urlTemplate":"https:\/\/ns381463.ip-94-23-248.eu\/GroupeOne2016\/wordpress\/?s={search_term_string}"},"query-input":"required name=search_term_string"}],"inLanguage":"fr-FR"},{"@type":"Person","@id":"https:\/\/ns381463.ip-94-23-248.eu\/GroupeOne2016\/wordpress\/#\/schema\/person\/ae752b8f6b2f12524dc491d5dcac6203","name":"Emmanuel d'Ieteren","image":{"@type":"ImageObject","inLanguage":"fr-FR","@id":"https:\/\/ns381463.ip-94-23-248.eu\/GroupeOne2016\/wordpress\/#\/schema\/person\/image\/","url":"https:\/\/secure.gravatar.com\/avatar\/61e87bb6386afed4db210187c9f7a94b?s=96&d=mm&r=g","contentUrl":"https:\/\/secure.gravatar.com\/avatar\/61e87bb6386afed4db210187c9f7a94b?s=96&d=mm&r=g","caption":"Emmanuel d'Ieteren"},"url":"https:\/\/ns381463.ip-94-23-248.eu\/GroupeOne2016\/wordpress\/author\/mdieteren\/"}]}},"_links":{"self":[{"href":"https:\/\/ns381463.ip-94-23-248.eu\/GroupeOne2016\/wordpress\/wp-json\/wp\/v2\/posts\/123553"}],"collection":[{"href":"https:\/\/ns381463.ip-94-23-248.eu\/GroupeOne2016\/wordpress\/wp-json\/wp\/v2\/posts"}],"about":[{"href":"https:\/\/ns381463.ip-94-23-248.eu\/GroupeOne2016\/wordpress\/wp-json\/wp\/v2\/types\/post"}],"author":[{"embeddable":true,"href":"https:\/\/ns381463.ip-94-23-248.eu\/GroupeOne2016\/wordpress\/wp-json\/wp\/v2\/users\/6"}],"replies":[{"embeddable":true,"href":"https:\/\/ns381463.ip-94-23-248.eu\/GroupeOne2016\/wordpress\/wp-json\/wp\/v2\/comments?post=123553"}],"version-history":[{"count":11,"href":"https:\/\/ns381463.ip-94-23-248.eu\/GroupeOne2016\/wordpress\/wp-json\/wp\/v2\/posts\/123553\/revisions"}],"predecessor-version":[{"id":124196,"href":"https:\/\/ns381463.ip-94-23-248.eu\/GroupeOne2016\/wordpress\/wp-json\/wp\/v2\/posts\/123553\/revisions\/124196"}],"wp:featuredmedia":[{"embeddable":true,"href":"https:\/\/ns381463.ip-94-23-248.eu\/GroupeOne2016\/wordpress\/wp-json\/wp\/v2\/media\/123565"}],"wp:attachment":[{"href":"https:\/\/ns381463.ip-94-23-248.eu\/GroupeOne2016\/wordpress\/wp-json\/wp\/v2\/media?parent=123553"}],"wp:term":[{"taxonomy":"category","embeddable":true,"href":"https:\/\/ns381463.ip-94-23-248.eu\/GroupeOne2016\/wordpress\/wp-json\/wp\/v2\/categories?post=123553"},{"taxonomy":"post_tag","embeddable":true,"href":"https:\/\/ns381463.ip-94-23-248.eu\/GroupeOne2016\/wordpress\/wp-json\/wp\/v2\/tags?post=123553"}],"curies":[{"name":"wp","href":"https:\/\/api.w.org\/{rel}","templated":true}]}}