{"id":118704,"date":"2017-03-08T11:58:35","date_gmt":"2017-03-08T10:58:35","guid":{"rendered":"https:\/\/ns381463.ip-94-23-248.eu\/GroupeOne2016\/wordpress\/?p=118704"},"modified":"2023-01-06T10:45:52","modified_gmt":"2023-01-06T09:45:52","slug":"parcours-sarah-lenzi-de-entre-nous","status":"publish","type":"post","link":"https:\/\/ns381463.ip-94-23-248.eu\/GroupeOne2016\/wordpress\/parcours-sarah-lenzi-de-entre-nous\/","title":{"rendered":"Sarah Lenzi de Entre Nous"},"content":{"rendered":"<p>[et_pb_section fb_built=&#8221;1&#8243; _builder_version=&#8221;4.16&#8243; background_image=&#8221;https:\/\/ns381463.ip-94-23-248.eu\/GroupeOne2016\/wordpress\/wp-content\/uploads\/2018\/01\/ENTRE-NOUS-POST-BANNER-1920&#215;400.jpg&#8221; custom_padding=&#8221;|||0px&#8221; global_colors_info=&#8221;{}&#8221;][et_pb_row _builder_version=&#8221;4.16&#8243; custom_padding=&#8221;|||20px&#8221; custom_width_px=&#8221;2600px&#8221; global_colors_info=&#8221;{}&#8221;][et_pb_column type=&#8221;4_4&#8243; _builder_version=&#8221;4.16&#8243; custom_padding=&#8221;|||&#8221; global_colors_info=&#8221;{}&#8221; custom_padding__hover=&#8221;|||&#8221;][et_pb_post_title author=&#8221;off&#8221; date_format=&#8221;M j Y&#8221; comments=&#8221;off&#8221; featured_image=&#8221;off&#8221; _builder_version=&#8221;4.16&#8243; title_font=&#8221;|700|||||||&#8221; title_text_color=&#8221;#ffffff&#8221; title_font_size=&#8221;34px&#8221; meta_font=&#8221;|||on|||||&#8221; meta_text_color=&#8221;#ffffff&#8221; meta_letter_spacing=&#8221;1px&#8221; global_colors_info=&#8221;{}&#8221;][\/et_pb_post_title][\/et_pb_column][\/et_pb_row][\/et_pb_section][et_pb_section fb_built=&#8221;1&#8243; _builder_version=&#8221;4.16&#8243; custom_padding=&#8221;|||0px&#8221; global_colors_info=&#8221;{}&#8221;][et_pb_row _builder_version=&#8221;4.16&#8243; background_size=&#8221;initial&#8221; background_position=&#8221;top_left&#8221; background_repeat=&#8221;repeat&#8221; custom_margin=&#8221;|||&#8221; custom_padding=&#8221;0px|||0px&#8221; locked=&#8221;off&#8221; global_colors_info=&#8221;{}&#8221;][et_pb_column type=&#8221;4_4&#8243; _builder_version=&#8221;4.16&#8243; custom_padding=&#8221;|||&#8221; global_colors_info=&#8221;{}&#8221; custom_padding__hover=&#8221;|||&#8221;][et_pb_text admin_label=&#8221;MODELE-TITRE-H1&#8243; _builder_version=&#8221;4.16&#8243; text_font=&#8221;|300|||||||&#8221; header_2_font=&#8221;H3 Tisa OT Medium 24|500|||||||&#8221; header_2_font_size=&#8221;36px&#8221; custom_padding=&#8221;|||20px&#8221; custom_css_after=&#8221;content:url(%22https:\/\/ns381463.ip-94-23-248.eu\/GroupeOne2016\/wordpress\/wp-content\/uploads\/2017\/10\/TITLE-AFTER.png%22);||positiion:absolute;||margin-left:-40px;&#8221; global_colors_info=&#8221;{}&#8221;]<\/p>\n<h2>Le challenge<\/h2>\n<p>[\/et_pb_text][et_pb_blurb image_icon_width=&#8221;73%&#8221; content_max_width=&#8221;1035px&#8221; _builder_version=&#8221;4.16&#8243; header_level=&#8221;h2&#8243; header_font=&#8221;|600|||||||&#8221; body_font=&#8221;||||||||&#8221; body_text_color=&#8221;#adbb39&#8243; body_font_size=&#8221;18px&#8221; body_line_height=&#8221;30px&#8221; max_width=&#8221;76%&#8221; custom_padding=&#8221;|||30px&#8221; custom_padding_tablet=&#8221;|||&#8221; custom_padding_phone=&#8221;&#8221; custom_padding_last_edited=&#8221;on|phone&#8221; image_max_width=&#8221;73%&#8221; global_colors_info=&#8221;{}&#8221;]Sara nous vient de Naples et est arriv\u00e9e \u00e0 Bruxelles il y a 4 ans comme stagiaire dans une association europ\u00e9enne. C\u2019est le coup de c\u0153ur pour Bruxelles mais pas pour son travail.<br \/>\n[\/et_pb_blurb][et_pb_blurb image_icon_width=&#8221;73%&#8221; content_max_width=&#8221;1035px&#8221; _builder_version=&#8221;4.16&#8243; header_level=&#8221;h2&#8243; header_font=&#8221;|600|||||||&#8221; body_font=&#8221;||||||||&#8221; body_font_size=&#8221;18px&#8221; body_line_height=&#8221;30px&#8221; max_width=&#8221;76%&#8221; custom_padding=&#8221;|||30px&#8221; image_max_width=&#8221;73%&#8221; global_colors_info=&#8221;{}&#8221;]Elle d\u00e9cide de rester en Belgique et commence \u00e0 travailler dans un restaurant italien afin de payer son loyer. Elle qui n\u2019avait jamais pens\u00e9 \u00e0 faire de sa passion pour la cuisine son m\u00e9tier, elle se retrouve derri\u00e8re les fourneaux d\u2019une cuisine 100 % italienne. Dans ce restaurant, tous les produits viennent d\u2019Italie: du fromage \u00e0 la viande en passant par les l\u00e9gumes. Absolument tous. Sara commence \u00e0 se poser des questions sur la provenance des produits et \u00e0 s\u2019int\u00e9resser \u00e0 l\u2019impact de nos choix alimentaires. Est-il possible de recr\u00e9er les saveurs de le cuisine italienne avec des produits d\u2019ici\u00a0? Sara veut prouver que c\u2019est possible et ouvre Entre Nous en janvier 2017\u00a0!<br \/>\n[\/et_pb_blurb][\/et_pb_column][\/et_pb_row][\/et_pb_section][et_pb_section fb_built=&#8221;1&#8243; _builder_version=&#8221;4.16&#8243; background_color=&#8221;#f9f9f9&#8243; custom_padding=&#8221;|||0px&#8221; global_colors_info=&#8221;{}&#8221;][et_pb_row _builder_version=&#8221;4.16&#8243; background_size=&#8221;initial&#8221; background_position=&#8221;top_left&#8221; background_repeat=&#8221;repeat&#8221; custom_margin=&#8221;|||&#8221; custom_padding=&#8221;0px|||30px&#8221; custom_css_before=&#8221;content:url(%22https:\/\/ns381463.ip-94-23-248.eu\/GroupeOne2016\/wordpress\/wp-content\/uploads\/2018\/01\/QUOTEx200.png%22);||position:absolute;||top:-5%;&#8221; custom_css_main_element=&#8221;display: -webkit-box;||display: -ms-flexbox;||display: flex;||-webkit-box-align: center;||-ms-flex-align: center;||align-items: center;||-webkit-box-orient: horizontal;||-webkit-box-direction: normal;||-ms-flex-direction: row;||flex-direction: row;||-ms-flex-wrap: wrap;||flex-wrap: wrap;&#8221; locked=&#8221;off&#8221; global_colors_info=&#8221;{}&#8221; column_structure=&#8221;1_2,1_2&#8243;][et_pb_column type=&#8221;1_2&#8243; _builder_version=&#8221;4.16&#8243; custom_padding=&#8221;|||&#8221; global_colors_info=&#8221;{}&#8221; custom_padding__hover=&#8221;|||&#8221;][et_pb_testimonial author=&#8221;Sarah Lenzi&#8221; quote_icon=&#8221;off&#8221; quote_icon_color=&#8221;#003957&#8243; portrait_width=&#8221;150px&#8221; portrait_height=&#8221;150px&#8221; _builder_version=&#8221;4.16&#8243; body_font=&#8221;|600|||||||&#8221; body_text_color=&#8221;#003957&#8243; body_font_size=&#8221;18px&#8221; body_line_height=&#8221;30px&#8221; use_background_color=&#8221;off&#8221; background_layout=&#8221;dark&#8221; global_colors_info=&#8221;{}&#8221;]Mon id\u00e9e est de recr\u00e9er un lieu vert dans un quartier gris comme celui de la gare du Midi un endroit convivial o\u00f9 l&#8217;on puisse se sentir chez soi, car c&#8217;est entre amis, &#8220;entre nous&#8221; qu&#8217;on se sent bien.<br \/>\n[\/et_pb_testimonial][\/et_pb_column][et_pb_column type=&#8221;1_2&#8243; _builder_version=&#8221;4.16&#8243; custom_padding=&#8221;|||&#8221; global_colors_info=&#8221;{}&#8221; custom_padding__hover=&#8221;|||&#8221;][et_pb_image src=&#8221;https:\/\/ns381463.ip-94-23-248.eu\/GroupeOne2016\/wordpress\/wp-content\/uploads\/2018\/01\/Sarah-Lenzie-PostPlan-de-travail-1.png&#8221; align_tablet=&#8221;center&#8221; align_last_edited=&#8221;on|desktop&#8221; disabled_on=&#8221;on|on|off&#8221; _builder_version=&#8221;4.16&#8243; max_width=&#8221;50%&#8221; max_width_tablet=&#8221;&#8221; max_width_phone=&#8221;&#8221; max_width_last_edited=&#8221;on|desktop&#8221; custom_css_after=&#8221;content:url(%22https:\/\/ns381463.ip-94-23-248.eu\/GroupeOne2016\/wordpress\/wp-content\/uploads\/2017\/10\/DECO-BOTTOM-RIGHT.png%22);||position:absolute;||top:95%;||left:50%;&#8221; global_colors_info=&#8221;{}&#8221; align_phone=&#8221;center&#8221;][\/et_pb_image][et_pb_image src=&#8221;https:\/\/ns381463.ip-94-23-248.eu\/GroupeOne2016\/wordpress\/wp-content\/uploads\/2018\/01\/Sarah-Lenzie-PostPlan-de-travail-1.png&#8221; align_tablet=&#8221;center&#8221; align_last_edited=&#8221;on|desktop&#8221; disabled_on=&#8221;off|off|on&#8221; _builder_version=&#8221;4.16&#8243; max_width=&#8221;50%&#8221; max_width_tablet=&#8221;&#8221; max_width_phone=&#8221;&#8221; max_width_last_edited=&#8221;on|desktop&#8221; global_colors_info=&#8221;{}&#8221; align_phone=&#8221;center&#8221;][\/et_pb_image][\/et_pb_column][\/et_pb_row][\/et_pb_section][et_pb_section fb_built=&#8221;1&#8243; _builder_version=&#8221;4.16&#8243; custom_padding=&#8221;|||0px&#8221; locked=&#8221;off&#8221; global_colors_info=&#8221;{}&#8221;][et_pb_row _builder_version=&#8221;4.16&#8243; background_size=&#8221;initial&#8221; background_position=&#8221;top_left&#8221; background_repeat=&#8221;repeat&#8221; custom_margin=&#8221;|||&#8221; custom_padding=&#8221;0px|||0px&#8221; locked=&#8221;off&#8221; global_colors_info=&#8221;{}&#8221; column_structure=&#8221;1_2,1_2&#8243;][et_pb_column type=&#8221;1_2&#8243; _builder_version=&#8221;4.16&#8243; custom_padding=&#8221;|||&#8221; global_colors_info=&#8221;{}&#8221; custom_padding__hover=&#8221;|||&#8221;][et_pb_text admin_label=&#8221;MODELE-TITRE-H1&#8243; _builder_version=&#8221;4.16&#8243; text_font=&#8221;|300|||||||&#8221; header_2_font=&#8221;H3 Tisa OT Medium 24|500|||||||&#8221; header_2_font_size=&#8221;36px&#8221; custom_padding=&#8221;|||20px&#8221; custom_css_after=&#8221;content:url(%22https:\/\/ns381463.ip-94-23-248.eu\/GroupeOne2016\/wordpress\/wp-content\/uploads\/2017\/10\/TITLE-AFTER.png%22);||positiion:absolute;||margin-left:-40px;&#8221; global_colors_info=&#8221;{}&#8221;]<\/p>\n<h2>Le projet<\/h2>\n<p>[\/et_pb_text][et_pb_blurb image_icon_width=&#8221;73%&#8221; content_max_width=&#8221;1035px&#8221; _builder_version=&#8221;4.16&#8243; header_level=&#8221;h2&#8243; header_font=&#8221;|600|||||||&#8221; body_font=&#8221;||||||||&#8221; body_font_size=&#8221;18px&#8221; body_line_height=&#8221;30px&#8221; custom_padding=&#8221;|||20px&#8221; image_max_width=&#8221;73%&#8221; locked=&#8221;off&#8221; global_colors_info=&#8221;{}&#8221;]Entre Nous propose des recettes du sud de l\u2019Italie r\u00e9invent\u00e9es \u00e0 partir de produits locaux et de saison. Entre Nous est \u00e9galement une \u00e9picerie o\u00f9 l\u2019on peut acheter quelques produits en vrac, des fruits et des l\u00e9gumes. Tous les produits sont issus de <a href=\"https:\/\/fr.wikipedia.org\/wiki\/Agriculture_raisonn%C3%A9e\" target=\"_blank\" rel=\"noopener\">l\u2019agriculture raisonn\u00e9e<\/a>, pour la majorit\u00e9 locaux. En outre, le projet s\u2019inscrit dans une d\u00e9marche d\u2019\u00e9conomie circulaire. Sara con\u00e7oit ses assiettes et g\u00e8re ses stocks de mani\u00e8re \u00e0 \u00e9viter le gaspillage alimentaire et elle invite ses clients \u00e0 venir avec leur contenant pour les plats \u00e0 emporter. Son fournisseur de l\u00e9gumes <a href=\"http:\/\/vertdiris.net\/\" target=\"_blank\" rel=\"noopener\">Vert d\u2019Iris<\/a> reprend ses d\u00e9chets organiques lors de la livraison. Aussi, elle a con\u00e7u un mur v\u00e9g\u00e9tal et a fabriqu\u00e9\u00a0elle-m\u00eame\u00a0la table centrale \u00e0 partir de mat\u00e9riaux recycl\u00e9s trouv\u00e9s chez <a href=\"http:\/\/rotordb.org\/\" target=\"_blank\" rel=\"noopener\">Rotor<\/a>.<\/p>\n<p>Enfin, pour Sara, la convivialit\u00e9 est essentielle. C\u2019est la raison pour laquelle une grande table commune tr\u00f4ne au centre du restaurant. Sara organise aussi r\u00e9guli\u00e8rement des activit\u00e9s tels que des concerts et d\u00e9gustations de vins naturels et anime des ateliers pour apprendre \u00e0 faire des p\u00e2tes fraiches ou \u00e0 mieux conserver ses aliments.<br \/>\n[\/et_pb_blurb][\/et_pb_column][et_pb_column type=&#8221;1_2&#8243; _builder_version=&#8221;4.16&#8243; custom_padding=&#8221;|||&#8221; global_colors_info=&#8221;{}&#8221; custom_padding__hover=&#8221;|||&#8221;][et_pb_text admin_label=&#8221;MODELE-TITRE-H1&#8243; _builder_version=&#8221;4.16&#8243; text_font=&#8221;|300|||||||&#8221; header_2_font=&#8221;H3 Tisa OT Medium 24|500|||||||&#8221; header_2_font_size=&#8221;36px&#8221; custom_padding=&#8221;|||20px&#8221; custom_css_after=&#8221;content:url(%22https:\/\/ns381463.ip-94-23-248.eu\/GroupeOne2016\/wordpress\/wp-content\/uploads\/2017\/10\/TITLE-AFTER.png%22);||positiion:absolute;||margin-left:-40px;&#8221; locked=&#8221;off&#8221; global_colors_info=&#8221;{}&#8221;]<\/p>\n<h2>L&#8217;accompagnement<\/h2>\n<p>[\/et_pb_text][et_pb_blurb image_icon_width=&#8221;73%&#8221; content_max_width=&#8221;1035px&#8221; _builder_version=&#8221;4.16&#8243; header_level=&#8221;h2&#8243; header_font=&#8221;|600|||||||&#8221; body_font=&#8221;||||||||&#8221; body_font_size=&#8221;18px&#8221; body_line_height=&#8221;30px&#8221; custom_padding=&#8221;|||20px&#8221; image_max_width=&#8221;73%&#8221; locked=&#8221;off&#8221; global_colors_info=&#8221;{}&#8221;]Sara a commenc\u00e9 par approfondir sa connaissance de l\u2019alimentation durable. Elle a suivi la formation de <a href=\"http:\/\/www.goodfood.brussels\/fr\/news\/devenez-maitres-frigo-et-luttez-contre-le-gaspillage-alimentaire-formation-destination-des\" target=\"_blank\" rel=\"noopener\">Ma\u00eetre-Frigo<\/a> organis\u00e9e par Refresh-xl afin de d\u00e9velopper ses connaissances et r\u00e9flexes pour \u00e9viter le gaspillage alimentaire. Elle est \u00e9galement suivi une formation sur les enjeux de l\u2019alimentation durable chez\u00a0<a href=\"http:\/\/rencontredescontinents.be\/Formation-7-jours-pour-se-former-a-l-Alimentation-Durable.html\" target=\"_blank\" rel=\"noopener\">Rencontre des Continents<\/a>.\u00a0Elle s\u2019est ensuite tourn\u00e9e vers <a href=\"http:\/\/www.villagepartenaire.com\/\" target=\"_blank\" rel=\"noopener\">Village Partenaire<\/a>, la structure d\u2019accompagnement de Groupe One \u00e0 Bruxelles, pour la r\u00e9alisation de son business plan. Elle a \u00e9galement b\u00e9n\u00e9fici\u00e9 d\u2019une bourse de 5000 euros de <a href=\"http:\/\/www.villagefinance.be\/\" target=\"_blank\" rel=\"noopener\">Village Finance<\/a>, le fonds de d\u00e9veloppement des tr\u00e8s petites entreprises (TPE) en \u00e9conomie circulaire \u00e0 Bruxelles, \u00e9galement un projet de Groupe One.<br \/>\n[\/et_pb_blurb][\/et_pb_column][\/et_pb_row][\/et_pb_section][et_pb_section fb_built=&#8221;1&#8243; _builder_version=&#8221;4.16&#8243; background_color=&#8221;#f9f9f9&#8243; custom_padding=&#8221;|||0px&#8221; locked=&#8221;off&#8221; global_colors_info=&#8221;{}&#8221;][et_pb_row _builder_version=&#8221;4.16&#8243; background_size=&#8221;initial&#8221; background_position=&#8221;top_left&#8221; background_repeat=&#8221;repeat&#8221; custom_margin=&#8221;|||&#8221; custom_padding=&#8221;0px|||0px&#8221; locked=&#8221;off&#8221; global_colors_info=&#8221;{}&#8221;][et_pb_column type=&#8221;4_4&#8243; _builder_version=&#8221;4.16&#8243; custom_padding=&#8221;|||&#8221; global_colors_info=&#8221;{}&#8221; custom_padding__hover=&#8221;|||&#8221;][et_pb_text admin_label=&#8221;MODELE-TITRE-H1&#8243; _builder_version=&#8221;4.16&#8243; text_font=&#8221;|300|||||||&#8221; header_2_font=&#8221;H3 Tisa OT Medium 24|500|||||||&#8221; header_2_font_size=&#8221;36px&#8221; custom_padding=&#8221;|||20px&#8221; custom_css_after=&#8221;content:url(%22https:\/\/ns381463.ip-94-23-248.eu\/GroupeOne2016\/wordpress\/wp-content\/uploads\/2017\/10\/TITLE-AFTER.png%22);||positiion:absolute;||margin-left:-40px;&#8221; global_colors_info=&#8221;{}&#8221;]<\/p>\n<h2>Pierre Gillet<\/h2>\n<p style=\"text-transform: uppercase; color: #adbb39; font-weight: bold; letter-spacing: 1px;\">Accompagnateur \u00e0 la cr\u00e9ation d&#8217;entreprise<\/p>\n<p>[\/et_pb_text][\/et_pb_column][\/et_pb_row][et_pb_row _builder_version=&#8221;4.16&#8243; background_size=&#8221;initial&#8221; background_position=&#8221;top_left&#8221; background_repeat=&#8221;repeat&#8221; custom_margin=&#8221;|||&#8221; custom_padding=&#8221;36px|||0px&#8221; locked=&#8221;off&#8221; global_colors_info=&#8221;{}&#8221; column_structure=&#8221;2_3,1_3&#8243;][et_pb_column type=&#8221;2_3&#8243; _builder_version=&#8221;4.16&#8243; custom_padding=&#8221;|||&#8221; global_colors_info=&#8221;{}&#8221; custom_padding__hover=&#8221;|||&#8221;][et_pb_text _builder_version=&#8221;4.16&#8243; text_font=&#8221;||||||||&#8221; text_font_size=&#8221;18px&#8221; text_line_height=&#8221;30px&#8221; custom_padding=&#8221;|||20px&#8221; global_colors_info=&#8221;{}&#8221;]Sara a commenc\u00e9 par approfondir sa connaissance de l\u2019alimentation durable. Elle a suivi la formation de Ma\u00eetre-Frigo organis\u00e9e par Refresh-xl afin de d\u00e9velopper ses connaissances et r\u00e9flexes pour \u00e9viter le gaspillage alimentaire. Elle est \u00e9galement suivi une formation sur les enjeux de l\u2019alimentation durable chez\u00a0Rencontre des Continents.\u00a0Elle s\u2019est ensuite tourn\u00e9e vers Village Partenaire, la structure d\u2019accompagnement de Groupe One \u00e0 Bruxelles, pour la r\u00e9alisation de son business plan. Elle a \u00e9galement b\u00e9n\u00e9fici\u00e9 d\u2019une bourse de 5000 euros de Village Finance, le fonds de d\u00e9veloppement des tr\u00e8s petites entreprises (TPE) en \u00e9conomie circulaire \u00e0 Bruxelles, \u00e9galement un projet de Groupe One.<br \/>\n[\/et_pb_text][\/et_pb_column][et_pb_column type=&#8221;1_3&#8243; _builder_version=&#8221;4.16&#8243; custom_padding=&#8221;|||&#8221; global_colors_info=&#8221;{}&#8221; custom_padding__hover=&#8221;|||&#8221;][et_pb_image src=&#8221;https:\/\/ns381463.ip-94-23-248.eu\/GroupeOne2016\/wordpress\/wp-content\/uploads\/2018\/01\/COACH-CIRCLE-POST-Pierre-Gillet.png&#8221; align=&#8221;center&#8221; align_tablet=&#8221;center&#8221; align_last_edited=&#8221;on|desktop&#8221; _builder_version=&#8221;4.16&#8243; max_width=&#8221;60%&#8221; custom_css_before=&#8221;content:url(%22https:\/\/ns381463.ip-94-23-248.eu\/GroupeOne2016\/wordpress\/wp-content\/uploads\/2017\/10\/DECO-SLIDER-VIE-VP.png%22);||position:absolute;||left:75%;||top:-15%;&#8221; global_colors_info=&#8221;{}&#8221; align_phone=&#8221;center&#8221;][\/et_pb_image][\/et_pb_column][\/et_pb_row][\/et_pb_section][et_pb_section fb_built=&#8221;1&#8243; _builder_version=&#8221;4.16&#8243; custom_padding=&#8221;|||0px&#8221; global_colors_info=&#8221;{}&#8221;][et_pb_row _builder_version=&#8221;4.16&#8243; custom_padding=&#8221;36.5px|0px|36.5px|0px&#8221; global_colors_info=&#8221;{}&#8221; column_structure=&#8221;1_2,1_2&#8243;][et_pb_column type=&#8221;1_2&#8243; _builder_version=&#8221;4.16&#8243; custom_padding=&#8221;|||&#8221; global_colors_info=&#8221;{}&#8221; custom_padding__hover=&#8221;|||&#8221;][et_pb_text _builder_version=&#8221;4.16&#8243; text_font=&#8221;||||||||&#8221; text_font_size=&#8221;18px&#8221; text_line_height=&#8221;30px&#8221; custom_margin=&#8221;|||&#8221; custom_padding=&#8221;|||30px&#8221; global_colors_info=&#8221;{}&#8221;]Sara Lenzi a \u00e9t\u00e9 accompagn\u00e9e par notre coach Alexandre Bertand\u00a0pour l\u2019\u00e9laboration de son business plan et par Pierre Gillet pour l\u2019accompagnement de <a href=\"http:\/\/www.villagefinance.be\/\">Village Finances<\/a>.<\/p>\n<p>Suivez l\u2019actualit\u00e9 de Entre Nous sur <a href=\"https:\/\/www.facebook.com\/EntreNousBxl\/?fref=ts\">Facebook<\/a> et sur son site web:<br \/>\n<a href=\"http:\/\/www.entrenousbxl.com\/\">www.entrenousbxl.com<\/a><br \/>\n[\/et_pb_text][\/et_pb_column][et_pb_column type=&#8221;1_2&#8243; _builder_version=&#8221;4.16&#8243; custom_padding=&#8221;|||&#8221; global_colors_info=&#8221;{}&#8221; custom_padding__hover=&#8221;|||&#8221;][\/et_pb_column][\/et_pb_row][\/et_pb_section][et_pb_section fb_built=&#8221;1&#8243; custom_padding_last_edited=&#8221;on|phone&#8221; disabled_on=&#8221;on|on|off&#8221; admin_label=&#8221;newsletter&#8221; _builder_version=&#8221;4.10.8&#8243; background_image=&#8221;https:\/\/ns381463.ip-94-23-248.eu\/GroupeOne2016\/wordpress\/wp-content\/uploads\/2017\/10\/BG-INFOLETTRE-ALL-ELEMENTS.png&#8221; custom_padding=&#8221;0px|0px|0px|0px&#8221; custom_padding_tablet=&#8221;|||0px&#8221; custom_padding_phone=&#8221;&#8221; global_module=&#8221;119058&#8243; saved_tabs=&#8221;all&#8221; locked=&#8221;off&#8221; global_colors_info=&#8221;{}&#8221;][et_pb_row _builder_version=&#8221;4.16&#8243; custom_css_main_element=&#8221;display: -webkit-box;||display: -ms-flexbox;||display: flex;||-webkit-box-align: center;||-ms-flex-align: center;||align-items: center;||-webkit-box-orient: horizontal;||-webkit-box-direction: normal;||-ms-flex-direction: row;||flex-direction: row;||-ms-flex-wrap: wrap;||flex-wrap: wrap;&#8221; global_colors_info=&#8221;{}&#8221;][et_pb_column type=&#8221;4_4&#8243; _builder_version=&#8221;4.16&#8243; custom_padding=&#8221;|||&#8221; global_colors_info=&#8221;{}&#8221; custom_padding__hover=&#8221;|||&#8221;][et_pb_cta title=&#8221;Abonnez-vous \u00e0 la newsletter de l&#8217;entrepreneuriat durable&#8221; button_url=&#8221;http:\/\/eepurl.com\/deLILL&#8221; url_new_window=&#8221;on&#8221; button_text=&#8221;S&#8217;inscrire&#8221; _builder_version=&#8221;4.16&#8243; use_background_color=&#8221;off&#8221; custom_button=&#8221;on&#8221; button_text_size=&#8221;18px&#8221; button_bg_color=&#8221;#adbb39&#8243; button_border_width=&#8221;0px&#8221; button_border_radius=&#8221;100px&#8221; button_font=&#8221;Nunito|300|||||||&#8221; button_use_icon=&#8221;off&#8221; button_alignment=&#8221;center&#8221; custom_padding=&#8221;|||&#8221; custom_css_promo_button=&#8221;padding:10px !important;||width:200px;&#8221; button_border_radius_hover=&#8221;100px&#8221; global_colors_info=&#8221;{}&#8221; button_text_size__hover_enabled=&#8221;off&#8221; button_one_text_size__hover_enabled=&#8221;off&#8221; button_two_text_size__hover_enabled=&#8221;off&#8221; button_text_color__hover_enabled=&#8221;off&#8221; button_one_text_color__hover_enabled=&#8221;off&#8221; button_two_text_color__hover_enabled=&#8221;off&#8221; button_border_width__hover_enabled=&#8221;off&#8221; button_one_border_width__hover_enabled=&#8221;off&#8221; button_two_border_width__hover_enabled=&#8221;off&#8221; button_border_color__hover_enabled=&#8221;off&#8221; button_one_border_color__hover_enabled=&#8221;off&#8221; button_two_border_color__hover_enabled=&#8221;off&#8221; button_border_radius__hover_enabled=&#8221;on&#8221; button_border_radius__hover=&#8221;100px&#8221; button_one_border_radius__hover_enabled=&#8221;off&#8221; button_two_border_radius__hover_enabled=&#8221;off&#8221; button_letter_spacing__hover_enabled=&#8221;off&#8221; button_one_letter_spacing__hover_enabled=&#8221;off&#8221; button_two_letter_spacing__hover_enabled=&#8221;off&#8221; button_bg_color__hover_enabled=&#8221;off&#8221; button_one_bg_color__hover_enabled=&#8221;off&#8221; button_two_bg_color__hover_enabled=&#8221;off&#8221;][\/et_pb_cta][\/et_pb_column][\/et_pb_row][\/et_pb_section][et_pb_section fb_built=&#8221;1&#8243; custom_padding_last_edited=&#8221;on|phone&#8221; disabled_on=&#8221;off|off|on&#8221; admin_label=&#8221;newsletter&#8221; _builder_version=&#8221;4.8.2&#8243; background_image=&#8221;https:\/\/ns381463.ip-94-23-248.eu\/GroupeOne2016\/wordpress\/wp-content\/uploads\/2017\/10\/BG-NEWSLETTERS-2.png&#8221; custom_padding=&#8221;0px|0px|0px|0px&#8221; custom_padding_tablet=&#8221;|||0px&#8221; custom_padding_phone=&#8221;&#8221; link_option_url=&#8221;https:\/\/groupeone.us12.list-manage.com\/subscribe?u=4b8cae888f20720725a172884&#038;id=4ca247c289&#8243; global_module=&#8221;121907&#8243; saved_tabs=&#8221;all&#8221; global_colors_info=&#8221;{}&#8221;][\/et_pb_section]<\/p>\n","protected":false},"excerpt":{"rendered":"<p>Le challenge Sara nous vient de Naples et est arriv\u00e9e \u00e0 Bruxelles il y a 4 ans comme stagiaire dans une association europ\u00e9enne. C\u2019est le coup de c\u0153ur pour Bruxelles [&hellip;]<\/p>\n","protected":false},"author":14,"featured_media":123451,"comment_status":"closed","ping_status":"open","sticky":false,"template":"","format":"standard","meta":{"_et_pb_use_builder":"on","_et_pb_old_content":"","_et_gb_content_width":""},"categories":[88],"tags":[],"yoast_head":"<!-- This site is optimized with the Yoast SEO plugin v19.13 - https:\/\/yoast.com\/wordpress\/plugins\/seo\/ -->\n<title>Sarah Lenzi de Entre Nous - Groupe One<\/title>\n<meta name=\"robots\" content=\"index, follow, max-snippet:-1, max-image-preview:large, max-video-preview:-1\" \/>\n<link rel=\"canonical\" href=\"https:\/\/ns381463.ip-94-23-248.eu\/GroupeOne2016\/wordpress\/parcours-sarah-lenzi-de-entre-nous\/\" \/>\n<meta property=\"og:locale\" content=\"fr_FR\" \/>\n<meta property=\"og:type\" content=\"article\" \/>\n<meta property=\"og:title\" content=\"Sarah Lenzi de Entre Nous - Groupe One\" \/>\n<meta property=\"og:description\" content=\"Le challenge Sara nous vient de Naples et est arriv\u00e9e \u00e0 Bruxelles il y a 4 ans comme stagiaire dans une association europ\u00e9enne. C\u2019est le coup de c\u0153ur pour Bruxelles [&hellip;]\" \/>\n<meta property=\"og:url\" content=\"https:\/\/ns381463.ip-94-23-248.eu\/GroupeOne2016\/wordpress\/parcours-sarah-lenzi-de-entre-nous\/\" \/>\n<meta property=\"og:site_name\" content=\"Groupe One\" \/>\n<meta property=\"article:published_time\" content=\"2017-03-08T10:58:35+00:00\" \/>\n<meta property=\"article:modified_time\" content=\"2023-01-06T09:45:52+00:00\" \/>\n<meta property=\"og:image\" content=\"https:\/\/ns381463.ip-94-23-248.eu\/GroupeOne2016\/wordpress\/wp-content\/uploads\/2017\/03\/SARAH-LENZI-FIN-POST-IMG-795x400.jpg\" \/>\n\t<meta property=\"og:image:width\" content=\"795\" \/>\n\t<meta property=\"og:image:height\" content=\"400\" \/>\n\t<meta property=\"og:image:type\" content=\"image\/jpeg\" \/>\n<meta name=\"author\" content=\"Justine de Montlivault\" \/>\n<meta name=\"twitter:card\" content=\"summary_large_image\" \/>\n<meta name=\"twitter:label1\" content=\"\u00c9crit par\" \/>\n\t<meta name=\"twitter:data1\" content=\"Justine de Montlivault\" \/>\n\t<meta name=\"twitter:label2\" content=\"Dur\u00e9e de lecture estim\u00e9e\" \/>\n\t<meta name=\"twitter:data2\" content=\"5 minutes\" \/>\n<script type=\"application\/ld+json\" class=\"yoast-schema-graph\">{\"@context\":\"https:\/\/schema.org\",\"@graph\":[{\"@type\":\"WebPage\",\"@id\":\"https:\/\/ns381463.ip-94-23-248.eu\/GroupeOne2016\/wordpress\/parcours-sarah-lenzi-de-entre-nous\/\",\"url\":\"https:\/\/ns381463.ip-94-23-248.eu\/GroupeOne2016\/wordpress\/parcours-sarah-lenzi-de-entre-nous\/\",\"name\":\"Sarah Lenzi de Entre Nous - Groupe One\",\"isPartOf\":{\"@id\":\"https:\/\/ns381463.ip-94-23-248.eu\/GroupeOne2016\/wordpress\/#website\"},\"datePublished\":\"2017-03-08T10:58:35+00:00\",\"dateModified\":\"2023-01-06T09:45:52+00:00\",\"author\":{\"@id\":\"https:\/\/ns381463.ip-94-23-248.eu\/GroupeOne2016\/wordpress\/#\/schema\/person\/8bcb6e90f26a897df78b177a4b54480a\"},\"breadcrumb\":{\"@id\":\"https:\/\/ns381463.ip-94-23-248.eu\/GroupeOne2016\/wordpress\/parcours-sarah-lenzi-de-entre-nous\/#breadcrumb\"},\"inLanguage\":\"fr-FR\",\"potentialAction\":[{\"@type\":\"ReadAction\",\"target\":[\"https:\/\/ns381463.ip-94-23-248.eu\/GroupeOne2016\/wordpress\/parcours-sarah-lenzi-de-entre-nous\/\"]}]},{\"@type\":\"BreadcrumbList\",\"@id\":\"https:\/\/ns381463.ip-94-23-248.eu\/GroupeOne2016\/wordpress\/parcours-sarah-lenzi-de-entre-nous\/#breadcrumb\",\"itemListElement\":[{\"@type\":\"ListItem\",\"position\":1,\"name\":\"Accueil\",\"item\":\"https:\/\/ns381463.ip-94-23-248.eu\/GroupeOne2016\/wordpress\/\"},{\"@type\":\"ListItem\",\"position\":2,\"name\":\"Sarah Lenzi de Entre Nous\"}]},{\"@type\":\"WebSite\",\"@id\":\"https:\/\/ns381463.ip-94-23-248.eu\/GroupeOne2016\/wordpress\/#website\",\"url\":\"https:\/\/ns381463.ip-94-23-248.eu\/GroupeOne2016\/wordpress\/\",\"name\":\"Groupe One\",\"description\":\"Groupe One est une organisation belge qui facilite la transition vers une \u00e9conomie durable. Elle est active \u00e0 Bruxelles et en Wallonie.\",\"potentialAction\":[{\"@type\":\"SearchAction\",\"target\":{\"@type\":\"EntryPoint\",\"urlTemplate\":\"https:\/\/ns381463.ip-94-23-248.eu\/GroupeOne2016\/wordpress\/?s={search_term_string}\"},\"query-input\":\"required name=search_term_string\"}],\"inLanguage\":\"fr-FR\"},{\"@type\":\"Person\",\"@id\":\"https:\/\/ns381463.ip-94-23-248.eu\/GroupeOne2016\/wordpress\/#\/schema\/person\/8bcb6e90f26a897df78b177a4b54480a\",\"name\":\"Justine de Montlivault\",\"image\":{\"@type\":\"ImageObject\",\"inLanguage\":\"fr-FR\",\"@id\":\"https:\/\/ns381463.ip-94-23-248.eu\/GroupeOne2016\/wordpress\/#\/schema\/person\/image\/\",\"url\":\"https:\/\/secure.gravatar.com\/avatar\/7c08e52f5be53f14efcdd69f917dfd51?s=96&d=mm&r=g\",\"contentUrl\":\"https:\/\/secure.gravatar.com\/avatar\/7c08e52f5be53f14efcdd69f917dfd51?s=96&d=mm&r=g\",\"caption\":\"Justine de Montlivault\"},\"url\":\"https:\/\/ns381463.ip-94-23-248.eu\/GroupeOne2016\/wordpress\/author\/g1-justine\/\"}]}<\/script>\n<!-- \/ Yoast SEO plugin. -->","yoast_head_json":{"title":"Sarah Lenzi de Entre Nous - Groupe One","robots":{"index":"index","follow":"follow","max-snippet":"max-snippet:-1","max-image-preview":"max-image-preview:large","max-video-preview":"max-video-preview:-1"},"canonical":"https:\/\/ns381463.ip-94-23-248.eu\/GroupeOne2016\/wordpress\/parcours-sarah-lenzi-de-entre-nous\/","og_locale":"fr_FR","og_type":"article","og_title":"Sarah Lenzi de Entre Nous - Groupe One","og_description":"Le challenge Sara nous vient de Naples et est arriv\u00e9e \u00e0 Bruxelles il y a 4 ans comme stagiaire dans une association europ\u00e9enne. C\u2019est le coup de c\u0153ur pour Bruxelles [&hellip;]","og_url":"https:\/\/ns381463.ip-94-23-248.eu\/GroupeOne2016\/wordpress\/parcours-sarah-lenzi-de-entre-nous\/","og_site_name":"Groupe One","article_published_time":"2017-03-08T10:58:35+00:00","article_modified_time":"2023-01-06T09:45:52+00:00","og_image":[{"width":795,"height":400,"url":"https:\/\/ns381463.ip-94-23-248.eu\/GroupeOne2016\/wordpress\/wp-content\/uploads\/2017\/03\/SARAH-LENZI-FIN-POST-IMG-795x400.jpg","type":"image\/jpeg"}],"author":"Justine de Montlivault","twitter_card":"summary_large_image","twitter_misc":{"\u00c9crit par":"Justine de Montlivault","Dur\u00e9e de lecture estim\u00e9e":"5 minutes"},"schema":{"@context":"https:\/\/schema.org","@graph":[{"@type":"WebPage","@id":"https:\/\/ns381463.ip-94-23-248.eu\/GroupeOne2016\/wordpress\/parcours-sarah-lenzi-de-entre-nous\/","url":"https:\/\/ns381463.ip-94-23-248.eu\/GroupeOne2016\/wordpress\/parcours-sarah-lenzi-de-entre-nous\/","name":"Sarah Lenzi de Entre Nous - Groupe One","isPartOf":{"@id":"https:\/\/ns381463.ip-94-23-248.eu\/GroupeOne2016\/wordpress\/#website"},"datePublished":"2017-03-08T10:58:35+00:00","dateModified":"2023-01-06T09:45:52+00:00","author":{"@id":"https:\/\/ns381463.ip-94-23-248.eu\/GroupeOne2016\/wordpress\/#\/schema\/person\/8bcb6e90f26a897df78b177a4b54480a"},"breadcrumb":{"@id":"https:\/\/ns381463.ip-94-23-248.eu\/GroupeOne2016\/wordpress\/parcours-sarah-lenzi-de-entre-nous\/#breadcrumb"},"inLanguage":"fr-FR","potentialAction":[{"@type":"ReadAction","target":["https:\/\/ns381463.ip-94-23-248.eu\/GroupeOne2016\/wordpress\/parcours-sarah-lenzi-de-entre-nous\/"]}]},{"@type":"BreadcrumbList","@id":"https:\/\/ns381463.ip-94-23-248.eu\/GroupeOne2016\/wordpress\/parcours-sarah-lenzi-de-entre-nous\/#breadcrumb","itemListElement":[{"@type":"ListItem","position":1,"name":"Accueil","item":"https:\/\/ns381463.ip-94-23-248.eu\/GroupeOne2016\/wordpress\/"},{"@type":"ListItem","position":2,"name":"Sarah Lenzi de Entre Nous"}]},{"@type":"WebSite","@id":"https:\/\/ns381463.ip-94-23-248.eu\/GroupeOne2016\/wordpress\/#website","url":"https:\/\/ns381463.ip-94-23-248.eu\/GroupeOne2016\/wordpress\/","name":"Groupe One","description":"Groupe One est une organisation belge qui facilite la transition vers une \u00e9conomie durable. Elle est active \u00e0 Bruxelles et en Wallonie.","potentialAction":[{"@type":"SearchAction","target":{"@type":"EntryPoint","urlTemplate":"https:\/\/ns381463.ip-94-23-248.eu\/GroupeOne2016\/wordpress\/?s={search_term_string}"},"query-input":"required name=search_term_string"}],"inLanguage":"fr-FR"},{"@type":"Person","@id":"https:\/\/ns381463.ip-94-23-248.eu\/GroupeOne2016\/wordpress\/#\/schema\/person\/8bcb6e90f26a897df78b177a4b54480a","name":"Justine de Montlivault","image":{"@type":"ImageObject","inLanguage":"fr-FR","@id":"https:\/\/ns381463.ip-94-23-248.eu\/GroupeOne2016\/wordpress\/#\/schema\/person\/image\/","url":"https:\/\/secure.gravatar.com\/avatar\/7c08e52f5be53f14efcdd69f917dfd51?s=96&d=mm&r=g","contentUrl":"https:\/\/secure.gravatar.com\/avatar\/7c08e52f5be53f14efcdd69f917dfd51?s=96&d=mm&r=g","caption":"Justine de Montlivault"},"url":"https:\/\/ns381463.ip-94-23-248.eu\/GroupeOne2016\/wordpress\/author\/g1-justine\/"}]}},"_links":{"self":[{"href":"https:\/\/ns381463.ip-94-23-248.eu\/GroupeOne2016\/wordpress\/wp-json\/wp\/v2\/posts\/118704"}],"collection":[{"href":"https:\/\/ns381463.ip-94-23-248.eu\/GroupeOne2016\/wordpress\/wp-json\/wp\/v2\/posts"}],"about":[{"href":"https:\/\/ns381463.ip-94-23-248.eu\/GroupeOne2016\/wordpress\/wp-json\/wp\/v2\/types\/post"}],"author":[{"embeddable":true,"href":"https:\/\/ns381463.ip-94-23-248.eu\/GroupeOne2016\/wordpress\/wp-json\/wp\/v2\/users\/14"}],"replies":[{"embeddable":true,"href":"https:\/\/ns381463.ip-94-23-248.eu\/GroupeOne2016\/wordpress\/wp-json\/wp\/v2\/comments?post=118704"}],"version-history":[{"count":54,"href":"https:\/\/ns381463.ip-94-23-248.eu\/GroupeOne2016\/wordpress\/wp-json\/wp\/v2\/posts\/118704\/revisions"}],"predecessor-version":[{"id":132019,"href":"https:\/\/ns381463.ip-94-23-248.eu\/GroupeOne2016\/wordpress\/wp-json\/wp\/v2\/posts\/118704\/revisions\/132019"}],"wp:featuredmedia":[{"embeddable":true,"href":"https:\/\/ns381463.ip-94-23-248.eu\/GroupeOne2016\/wordpress\/wp-json\/wp\/v2\/media\/123451"}],"wp:attachment":[{"href":"https:\/\/ns381463.ip-94-23-248.eu\/GroupeOne2016\/wordpress\/wp-json\/wp\/v2\/media?parent=118704"}],"wp:term":[{"taxonomy":"category","embeddable":true,"href":"https:\/\/ns381463.ip-94-23-248.eu\/GroupeOne2016\/wordpress\/wp-json\/wp\/v2\/categories?post=118704"},{"taxonomy":"post_tag","embeddable":true,"href":"https:\/\/ns381463.ip-94-23-248.eu\/GroupeOne2016\/wordpress\/wp-json\/wp\/v2\/tags?post=118704"}],"curies":[{"name":"wp","href":"https:\/\/api.w.org\/{rel}","templated":true}]}}